{"id":10941,"date":"2020-10-19T10:57:27","date_gmt":"2020-10-19T09:57:27","guid":{"rendered":"http:\/\/sapi.paris-lavillette.archi.fr\/CTID924\/?p=10941"},"modified":"2020-11-02T09:47:15","modified_gmt":"2020-11-02T08:47:15","slug":"icditke-research-pavilion-2011-2","status":"publish","type":"post","link":"https:\/\/sapi.paris-lavillette.archi.fr\/CTID924\/?p=10941","title":{"rendered":"ICD\/ITKE Research Pavilion 2011"},"content":{"rendered":"<p><strong><img decoding=\"async\" loading=\"lazy\" class=\" wp-image-10964 aligncenter\" src=\"http:\/\/sapi.paris-lavillette.archi.fr\/CTID924\/wp-content\/uploads\/2020\/10\/stringio-300x204.jpg\" alt=\"stringio\" width=\"482\" height=\"328\" srcset=\"https:\/\/sapi.paris-lavillette.archi.fr\/CTID924\/wp-content\/uploads\/2020\/10\/stringio-300x204.jpg 300w, https:\/\/sapi.paris-lavillette.archi.fr\/CTID924\/wp-content\/uploads\/2020\/10\/stringio.jpg 750w\" sizes=\"(max-width: 482px) 100vw, 482px\" \/><\/strong><\/p>\n<p><img decoding=\"async\" loading=\"lazy\" class=\"size-medium wp-image-10968 aligncenter\" src=\"http:\/\/sapi.paris-lavillette.archi.fr\/CTID924\/wp-content\/uploads\/2020\/10\/university-of-stuttgart-425-logo-300x79.png\" alt=\"university-of-stuttgart-425-logo\" width=\"300\" height=\"79\" srcset=\"https:\/\/sapi.paris-lavillette.archi.fr\/CTID924\/wp-content\/uploads\/2020\/10\/university-of-stuttgart-425-logo-300x79.png 300w, https:\/\/sapi.paris-lavillette.archi.fr\/CTID924\/wp-content\/uploads\/2020\/10\/university-of-stuttgart-425-logo-768x203.png 768w, https:\/\/sapi.paris-lavillette.archi.fr\/CTID924\/wp-content\/uploads\/2020\/10\/university-of-stuttgart-425-logo.png 799w\" sizes=\"(max-width: 300px) 100vw, 300px\" \/><\/p>\n<hr \/>\n<p style=\"text-align: center;\"><strong>Pr\u00e9sentation du projet<\/strong><\/p>\n<hr \/>\n<p>&nbsp;<\/p>\n<p>Le projet analys\u00e9 est un pavillon de recherche con\u00e7u dans le cadre de cours \u00e0 l&rsquo;Universit\u00e9 de Stuttgart (Allemagne) en 2011.<\/p>\n<p>&nbsp;<\/p>\n<p style=\"text-align: center;\">Programme : Pavillon temporaire<\/p>\n<p style=\"text-align: center;\">Superficie : 72 m\u00b2<\/p>\n<p style=\"text-align: center;\">Mat\u00e9riaux : Bois contreplaqu\u00e9<\/p>\n<p style=\"text-align: center;\">Localisation : Stuttgart, Allemagne<\/p>\n<p style=\"text-align: center;\">Cr\u00e9ation : 2011<\/p>\n<p style=\"text-align: center;\">Architectes : El\u00e8ves de Stuttgart University, Jan Knippers &amp; Achim Menges.<\/p>\n<p>&nbsp;<\/p>\n<p>Il regroupe deux cours distincts mais compl\u00e9mentaires \u00e0 savoir :\u00a0<em>Institute of Building Structures and Structural Design\u00a0<\/em>encadr\u00e9 par Jan Knippers et\u00a0<em>Institute for Computational Design and Construction<\/em> encadr\u00e9 par Achim Menges.<\/p>\n<p><img decoding=\"async\" loading=\"lazy\" class=\"size-medium wp-image-10965 aligncenter\" src=\"http:\/\/sapi.paris-lavillette.archi.fr\/CTID924\/wp-content\/uploads\/2020\/10\/unnamed-241x300.png\" alt=\"unnamed\" width=\"241\" height=\"300\" srcset=\"https:\/\/sapi.paris-lavillette.archi.fr\/CTID924\/wp-content\/uploads\/2020\/10\/unnamed-241x300.png 241w, https:\/\/sapi.paris-lavillette.archi.fr\/CTID924\/wp-content\/uploads\/2020\/10\/unnamed.png 412w\" sizes=\"(max-width: 241px) 100vw, 241px\" \/><\/p>\n<p><img decoding=\"async\" loading=\"lazy\" class=\"size-medium wp-image-10966 aligncenter\" src=\"http:\/\/sapi.paris-lavillette.archi.fr\/CTID924\/wp-content\/uploads\/2020\/10\/unnamed-300x225.jpg\" alt=\"Achim Menges\" width=\"300\" height=\"225\" srcset=\"https:\/\/sapi.paris-lavillette.archi.fr\/CTID924\/wp-content\/uploads\/2020\/10\/unnamed-300x225.jpg 300w, https:\/\/sapi.paris-lavillette.archi.fr\/CTID924\/wp-content\/uploads\/2020\/10\/unnamed.jpg 512w\" sizes=\"(max-width: 300px) 100vw, 300px\" \/><\/p>\n<p>&nbsp;<\/p>\n<p>Avec l&rsquo;aide de ces cours et des enseignants certains \u00e9tudiants de l&rsquo;Universit\u00e9 de Stuttgart ont pu exp\u00e9rimenter l&rsquo;\u00e9laboration d&rsquo;un espace architectural con\u00e7u avec la technologie param\u00e9trique. Au del\u00e0 de simplement mod\u00e9liser un pavillon, il leur a fallut r\u00e9fl\u00e9chir \u00e0 des m\u00e9thodes d&rsquo;assemblage et des astuces de mise en \u0153uvre.<\/p>\n<p>&nbsp;<\/p>\n<hr \/>\n<p style=\"text-align: center;\"><strong>Conception et mod\u00e9lisation\u00a0<\/strong><\/p>\n<hr \/>\n<p>L&rsquo;Universit\u00e9 de Stuttgart \u00e0 cr\u00e9\u00e9 de nombreux pavillon au fil des ann\u00e9es. Pour ce projet en 2011, les architectes se sont inspir\u00e9s d&rsquo;une structure naturelle, celle de la coque d&rsquo;un oursin. Ce projet m\u00eale donc le param\u00e9trique ainsi que biomim\u00e9tisme.<\/p>\n<p>&nbsp;<\/p>\n<p style=\"text-align: center;\">Un projet inspir\u00e9 d&rsquo;un oursin<\/p>\n<p>Dans ce projet, les architectes ont voulu s&rsquo;inspirer de la nature. En effet, cette derni\u00e8re tend \u00e0 \u00e9conomiser la mati\u00e8re et optimiser ses cr\u00e9ations afin d&rsquo;\u00eatre le plus performant possible en utilisant des logiques structurelles. Les professeurs et \u00e9tudiants de l&rsquo;Universit\u00e9 de Stuttgart ont donc port\u00e9 leur choix sur la coque des oursins et plus particuli\u00e8rement sur celle des oursin plats d\u00e9nomm\u00e9s\u00a0Clyp\u00e9ast\u00e9ro\u00efde (Sand Dollar en Anglais). Cependant, le biomim\u00e9tisme ne se r\u00e9sume pas \u00e0 reproduire un syst\u00e8me fonctionnel \u00e0 grande \u00e9chelle. En effet, le syst\u00e8me structurel fonctionne dans un r\u00e9f\u00e9rentiel qui lui est propre et il a donc fallut isoler le syst\u00e8me constructif de cet animal afin de le comprendre et de l&rsquo;appliquer \u00e0 l&rsquo;\u00e9chelle d&rsquo;un b\u00e2timent, en l&rsquo;occurrence ici, un pavillon.<\/p>\n<p><img decoding=\"async\" loading=\"lazy\" class=\"size-medium wp-image-10967 aligncenter\" src=\"http:\/\/sapi.paris-lavillette.archi.fr\/CTID924\/wp-content\/uploads\/2020\/10\/c894b4f707843655f37f68590cd22a97-300x300.jpg\" alt=\"c894b4f707843655f37f68590cd22a97\" width=\"300\" height=\"300\" srcset=\"https:\/\/sapi.paris-lavillette.archi.fr\/CTID924\/wp-content\/uploads\/2020\/10\/c894b4f707843655f37f68590cd22a97-300x300.jpg 300w, https:\/\/sapi.paris-lavillette.archi.fr\/CTID924\/wp-content\/uploads\/2020\/10\/c894b4f707843655f37f68590cd22a97-290x290.jpg 290w, https:\/\/sapi.paris-lavillette.archi.fr\/CTID924\/wp-content\/uploads\/2020\/10\/c894b4f707843655f37f68590cd22a97-50x50.jpg 50w, https:\/\/sapi.paris-lavillette.archi.fr\/CTID924\/wp-content\/uploads\/2020\/10\/c894b4f707843655f37f68590cd22a97.jpg 720w\" sizes=\"(max-width: 300px) 100vw, 300px\" \/><\/p>\n<p>&nbsp;<\/p>\n<p>Le squelette de l&rsquo;oursin plat est un syst\u00e8me modulaire de plaque polygonales reli\u00e9es entre elles \u00e0 leurs bords. Ces m\u00eames bords sont connect\u00e9s avec de la calcite (min\u00e9ral chimique ou biochimique compos\u00e9 majoritairement de carbonate naturel et de calcium). Les plaques polygonales constituant le squelette permettent une stabilit\u00e9 structurelle gr\u00e2ce \u00e0 leur disposition g\u00e9om\u00e9trique mais aussi par leur syst\u00e8me de jonction. Au final, l&rsquo;analyse de cet animal a permis de comprendre comment son squelette fonctionne afin de s&rsquo;en inspirer pour la cr\u00e9ation du pavillon.<\/p>\n<p>&nbsp;<\/p>\n<p style=\"text-align: center;\">Une logique constructive<\/p>\n<p>Suite \u00e0 cette analyse de l&rsquo;oursin plat, la morphologie de son squelette a \u00e9t\u00e9 utilis\u00e9e pour l&rsquo;\u00e9laboration du pavillon. De ce fait, nous pouvons retrouver dans l&rsquo;ensemble du pavillon des jonctions en un point de 3 plaques de bois. Cela servirait \u00e0 utiliser la transmission d&rsquo;efforts normaux et de cisaillement ce qui aurait pour but d&rsquo;annuler dans l&rsquo;ensemble de la structure les moments fl\u00e9chissants.\u00a0 D&rsquo;apr\u00e8s les architectes, cette m\u00e9thode semble \u00eatre un piste int\u00e9ressante pour l&rsquo;ensemble des \u00e9difices architecturaux. En effet, ce principe de conception pourrait \u00eatre applicable dans diverses g\u00e9om\u00e9tries et surement \u00e0 diff\u00e9rentes \u00e9chelles et non pas uniquement aux structures l\u00e9g\u00e8res dans leur ensemble.<\/p>\n<p>&nbsp;<\/p>\n<hr \/>\n<p style=\"text-align: center;\"><strong>Mat\u00e9rialisation du projet\u00a0: fabrication, assemblage, montage<\/strong><\/p>\n<hr \/>\n<p>&nbsp;<\/p>\n<p style=\"text-align: center;\">Fabrication robotique pour une mise en \u0153uvre manuelle<\/p>\n<p>&nbsp;<\/p>\n<p><img decoding=\"async\" loading=\"lazy\" class=\"size-medium wp-image-10986 aligncenter\" src=\"http:\/\/sapi.paris-lavillette.archi.fr\/CTID924\/wp-content\/uploads\/2020\/10\/stringiorobot-300x202.jpg\" alt=\"stringiorobot\" width=\"300\" height=\"202\" srcset=\"https:\/\/sapi.paris-lavillette.archi.fr\/CTID924\/wp-content\/uploads\/2020\/10\/stringiorobot-300x202.jpg 300w, https:\/\/sapi.paris-lavillette.archi.fr\/CTID924\/wp-content\/uploads\/2020\/10\/stringiorobot.jpg 640w\" sizes=\"(max-width: 300px) 100vw, 300px\" \/><img decoding=\"async\" loading=\"lazy\" class=\"size-medium wp-image-10987 aligncenter\" src=\"http:\/\/sapi.paris-lavillette.archi.fr\/CTID924\/wp-content\/uploads\/2020\/10\/447870559_640-300x169.jpg\" alt=\"447870559_640\" width=\"300\" height=\"169\" srcset=\"https:\/\/sapi.paris-lavillette.archi.fr\/CTID924\/wp-content\/uploads\/2020\/10\/447870559_640-300x169.jpg 300w, https:\/\/sapi.paris-lavillette.archi.fr\/CTID924\/wp-content\/uploads\/2020\/10\/447870559_640.jpg 640w\" sizes=\"(max-width: 300px) 100vw, 300px\" \/><\/p>\n<p>&nbsp;<\/p>\n<p>Aujourd&rsquo;hui, des projets de plus en plus ambitieux voient le jour un peu partout dans le monde et cela r\u00e9sulte de la r\u00e9volution num\u00e9rique que nous connaissons un peu plus chaque jour. Les ordinateurs occupent un place de plus en plus importante dans de nombreux domaines et l&rsquo;architecture en fait parti. Cette nouvelle fa\u00e7on de concevoir permet d&rsquo;exp\u00e9rimenter de nombreuses choses qu&rsquo;elles soient formelles, structurelles etc&#8230; ce qui \u00e9taient jusqu&rsquo;alors tr\u00e8s compliqu\u00e9 sans les ordinateurs, voire m\u00eame impossible.<\/p>\n<p>Cependant, concevoir est une chose, r\u00e9aliser en est une autre. Les progr\u00e8s techniques et technologiques permettent aujourd&rsquo;hui d&rsquo;utiliser des robots assign\u00e9s \u00e0 la fabrication de t\u00e2ches complexes et pr\u00e9cises ce qui permet la fabrication d&rsquo;\u00e9l\u00e9ments non standardis\u00e9s \u00e0 une vitesse et une pr\u00e9cision sans \u00e9gal et c&rsquo;est le cas pour ce pavillon. La morphologie complexe obtenue est dessin\u00e9e gr\u00e2ce aux ordinateurs en accord avec les capacit\u00e9s de fabrication des robots \u00e0 disposition dans l&rsquo;Universit\u00e9 de Stuttgart. Dans ce projet, la recherche de forme et et la conception structurelle sont \u00e9troitement li\u00e9es. La forme d\u00e9pend de la structure qui d\u00e9pend des syst\u00e8mes de jonctions et vice e versa. Tout cela afin d&rsquo;obtenir une structure optimis\u00e9e r\u00e9pondant \u00e0 des contraintes de calculs structurels.<\/p>\n<p>&nbsp;<\/p>\n<p><img decoding=\"async\" loading=\"lazy\" class=\"size-medium wp-image-10983 aligncenter\" src=\"http:\/\/sapi.paris-lavillette.archi.fr\/CTID924\/wp-content\/uploads\/2020\/10\/stringio-4-300x212.jpg\" alt=\"stringio (4)\" width=\"300\" height=\"212\" srcset=\"https:\/\/sapi.paris-lavillette.archi.fr\/CTID924\/wp-content\/uploads\/2020\/10\/stringio-4-300x212.jpg 300w, https:\/\/sapi.paris-lavillette.archi.fr\/CTID924\/wp-content\/uploads\/2020\/10\/stringio-4.jpg 640w\" sizes=\"(max-width: 300px) 100vw, 300px\" \/><img decoding=\"async\" loading=\"lazy\" class=\"size-medium wp-image-10984 aligncenter\" src=\"http:\/\/sapi.paris-lavillette.archi.fr\/CTID924\/wp-content\/uploads\/2020\/10\/stringio-5-300x225.jpg\" alt=\"stringio (5)\" width=\"300\" height=\"225\" srcset=\"https:\/\/sapi.paris-lavillette.archi.fr\/CTID924\/wp-content\/uploads\/2020\/10\/stringio-5-300x225.jpg 300w, https:\/\/sapi.paris-lavillette.archi.fr\/CTID924\/wp-content\/uploads\/2020\/10\/stringio-5.jpg 640w\" sizes=\"(max-width: 300px) 100vw, 300px\" \/><\/p>\n<p style=\"text-align: center;\"><img decoding=\"async\" loading=\"lazy\" class=\"size-medium wp-image-10982 aligncenter\" src=\"http:\/\/sapi.paris-lavillette.archi.fr\/CTID924\/wp-content\/uploads\/2020\/10\/stringio-3-300x225.jpg\" alt=\"stringio (3)\" width=\"300\" height=\"225\" srcset=\"https:\/\/sapi.paris-lavillette.archi.fr\/CTID924\/wp-content\/uploads\/2020\/10\/stringio-3-300x225.jpg 300w, https:\/\/sapi.paris-lavillette.archi.fr\/CTID924\/wp-content\/uploads\/2020\/10\/stringio-3.jpg 640w\" sizes=\"(max-width: 300px) 100vw, 300px\" \/><\/p>\n<p>Les plaques utilis\u00e9es doivent \u00eatre assembl\u00e9es d&rsquo;une fa\u00e7on ou d&rsquo;une autre pour faire tenir l&rsquo;ensemble. Nous avons vu auparavant que 3 plaques se rejoignaient en un seul point mais les c\u00f4t\u00e9s de ces plaques doivent \u00eatre reli\u00e9es. La solution d&rsquo;assemblage choisie pour ce pavillon est en fait deux solutions d&rsquo;assemblage : la colle et des \u00ab\u00a0dents\u00a0\u00bb.<\/p>\n<p>En ce qui concerne les \u00ab\u00a0dents\u00a0\u00bb (ou les doigts), on peut les voir appara\u00eetre sur le pavillon entre deux plaques. Selon l&rsquo;Universit\u00e9 de Stuttgart, le choix d&rsquo;une fabrication robotique a permis la cr\u00e9ation de 850 composants g\u00e9om\u00e9triques diff\u00e9rents pour plus de 100 000 articulations diff\u00e9rentes entre les pi\u00e8ces afin de permettre de les disposer librement dans l&rsquo;espace.<\/p>\n<p>&nbsp;<\/p>\n<p><img decoding=\"async\" loading=\"lazy\" class=\"size-medium wp-image-10978 aligncenter\" src=\"http:\/\/sapi.paris-lavillette.archi.fr\/CTID924\/wp-content\/uploads\/2020\/10\/ICDITKE-Research-Pavilion-2011-6-600x480-300x240.jpg\" alt=\"ICDITKE-Research-Pavilion-2011-6-600x480\" width=\"300\" height=\"240\" srcset=\"https:\/\/sapi.paris-lavillette.archi.fr\/CTID924\/wp-content\/uploads\/2020\/10\/ICDITKE-Research-Pavilion-2011-6-600x480-300x240.jpg 300w, https:\/\/sapi.paris-lavillette.archi.fr\/CTID924\/wp-content\/uploads\/2020\/10\/ICDITKE-Research-Pavilion-2011-6-600x480.jpg 600w\" sizes=\"(max-width: 300px) 100vw, 300px\" \/><img decoding=\"async\" loading=\"lazy\" class=\"size-medium wp-image-10981 aligncenter\" src=\"http:\/\/sapi.paris-lavillette.archi.fr\/CTID924\/wp-content\/uploads\/2020\/10\/stringio-2-300x225.jpg\" alt=\"stringio (2)\" width=\"300\" height=\"225\" srcset=\"https:\/\/sapi.paris-lavillette.archi.fr\/CTID924\/wp-content\/uploads\/2020\/10\/stringio-2-300x225.jpg 300w, https:\/\/sapi.paris-lavillette.archi.fr\/CTID924\/wp-content\/uploads\/2020\/10\/stringio-2.jpg 640w\" sizes=\"(max-width: 300px) 100vw, 300px\" \/><\/p>\n<p>&nbsp;<\/p>\n<p style=\"text-align: center;\">Un assemblage sur mesure<\/p>\n<p>Apr\u00e8s la production robotique de chaque \u00e9l\u00e9ments, vient l&rsquo;\u00e9tape de l&rsquo;assemblage. La pavillon n&rsquo;est pas qu&rsquo;une simple coque faite de plaques assembl\u00e9es entre elles mais est une coque \u00e9paisse. Chaque cellule n&rsquo;est donc pas bidimensionnelle mais tridimensionnelle. L&rsquo;assemblage du pavillon a donc consist\u00e9 en la mise en volume de ces cellules pour ensuite les assembler entre elles et penser des techniques d&rsquo;assemblage de cellules tridimensionnelles uniques entre elles semble impossible sans l&rsquo;utilisation de robots. Le fait d&rsquo;avoir m\u00e9canis\u00e9 ce travail permet une mise en \u0153uvre pr\u00e9cise et sur mesure mais tr\u00e8s simple et faisable \u00e0 la main par les \u00e9tudiants.<\/p>\n<p>&nbsp;<\/p>\n<p><img decoding=\"async\" loading=\"lazy\" class=\"size-medium wp-image-10988 aligncenter\" src=\"http:\/\/sapi.paris-lavillette.archi.fr\/CTID924\/wp-content\/uploads\/2020\/10\/10_fp11-208_cassetteassembly-300x200.jpg\" alt=\"10_fp11-208_cassetteassembly\" width=\"300\" height=\"200\" srcset=\"https:\/\/sapi.paris-lavillette.archi.fr\/CTID924\/wp-content\/uploads\/2020\/10\/10_fp11-208_cassetteassembly-300x200.jpg 300w, https:\/\/sapi.paris-lavillette.archi.fr\/CTID924\/wp-content\/uploads\/2020\/10\/10_fp11-208_cassetteassembly-768x512.jpg 768w, https:\/\/sapi.paris-lavillette.archi.fr\/CTID924\/wp-content\/uploads\/2020\/10\/10_fp11-208_cassetteassembly.jpg 1000w\" sizes=\"(max-width: 300px) 100vw, 300px\" \/><\/p>\n<p>&nbsp;<\/p>\n<p style=\"text-align: center;\">Des mat\u00e9riaux simples et l\u00e9gers<\/p>\n<p>Cr\u00e9er une coque \u00e9paisse avec une grande port\u00e9e est une chose mais le projet est envisageable uniquement si les contraintes structurelles sont propices \u00e0 l&rsquo;\u00e9laboration d&rsquo;une telle structure. La solution retenue pour ce pavillon est l&rsquo;utilisation de planches de contreplaqu\u00e9 de 6.5mm d&rsquo;\u00e9paisseur. Ce bois est l\u00e9ger, relativement peu cher, facile \u00e0 travailler et permet de donner une sensation de l\u00e9g\u00e8ret\u00e9 \u00e0 la structure. Toute la rigidit\u00e9 de la structure semble se concentrer dans le fait que les cellules aient \u00e9t\u00e9 spatialis\u00e9es. La cr\u00e9ation de cellules tridimensionnelles creuses avec les faces internes \u00e9vid\u00e9es semblent \u00eatre une fa\u00e7on de donner de la rigidit\u00e9 tout en optimisant le rapport poids\/structure. En plus d&rsquo;\u00eatre un simple rapport de conception, ces percements permettent un aspect diff\u00e9rent entre l&rsquo;ext\u00e9rieur de la structure, \u00e9tanche \u00e0 l&rsquo;eau, et l&rsquo;int\u00e9rieur de la structure qui n&rsquo;est pas n\u00e9cessairement \u00e9tanche. Enfin, un dispositif de lumi\u00e8res est install\u00e9 \u00e0 l&rsquo;int\u00e9rieur de ces cellules ce qui permet d&rsquo;avoir un \u00e9clairage diffus sur l&rsquo;ensemble de la structure provenant de chaque cellule durant la nuit.<\/p>\n<p style=\"text-align: left;\"><img decoding=\"async\" loading=\"lazy\" class=\"size-medium wp-image-10985 aligncenter\" src=\"http:\/\/sapi.paris-lavillette.archi.fr\/CTID924\/wp-content\/uploads\/2020\/10\/stringio-6-300x200.jpg\" alt=\"stringio (6)\" width=\"300\" height=\"200\" srcset=\"https:\/\/sapi.paris-lavillette.archi.fr\/CTID924\/wp-content\/uploads\/2020\/10\/stringio-6-300x200.jpg 300w, https:\/\/sapi.paris-lavillette.archi.fr\/CTID924\/wp-content\/uploads\/2020\/10\/stringio-6.jpg 640w\" sizes=\"(max-width: 300px) 100vw, 300px\" \/><br \/>\n<img decoding=\"async\" loading=\"lazy\" class=\"alignnone size-medium wp-image-10979 aligncenter\" src=\"http:\/\/sapi.paris-lavillette.archi.fr\/CTID924\/wp-content\/uploads\/2020\/10\/ICDITKE-Research-Pavilion-2011-13-600x480-300x240.jpg\" alt=\"ICDITKE-Research-Pavilion-2011-13-600x480\" width=\"300\" height=\"240\" srcset=\"https:\/\/sapi.paris-lavillette.archi.fr\/CTID924\/wp-content\/uploads\/2020\/10\/ICDITKE-Research-Pavilion-2011-13-600x480-300x240.jpg 300w, https:\/\/sapi.paris-lavillette.archi.fr\/CTID924\/wp-content\/uploads\/2020\/10\/ICDITKE-Research-Pavilion-2011-13-600x480.jpg 600w\" sizes=\"(max-width: 300px) 100vw, 300px\" \/><\/p>\n<p style=\"text-align: left;\"><img decoding=\"async\" loading=\"lazy\" class=\"size-medium wp-image-10980 aligncenter\" src=\"http:\/\/sapi.paris-lavillette.archi.fr\/CTID924\/wp-content\/uploads\/2020\/10\/stringio-1-300x199.jpg\" alt=\"stringio (1)\" width=\"300\" height=\"199\" srcset=\"https:\/\/sapi.paris-lavillette.archi.fr\/CTID924\/wp-content\/uploads\/2020\/10\/stringio-1-300x199.jpg 300w, https:\/\/sapi.paris-lavillette.archi.fr\/CTID924\/wp-content\/uploads\/2020\/10\/stringio-1.jpg 640w\" sizes=\"(max-width: 300px) 100vw, 300px\" \/><\/p>\n<p>&nbsp;<\/p>\n","protected":false},"excerpt":{"rendered":"<p>Pr\u00e9sentation du projet &nbsp; Le projet analys\u00e9 est un pavillon de recherche con\u00e7u dans le cadre de cours \u00e0 l&rsquo;Universit\u00e9 de Stuttgart (Allemagne) en 2011. &nbsp; Programme : Pavillon temporaire Superficie : 72 m\u00b2 Mat\u00e9riaux : Bois contreplaqu\u00e9 Localisation : Stuttgart, Allemagne Cr\u00e9ation : 2011 Architectes : El\u00e8ves de Stuttgart University, Jan Knippers &amp; Achim Menges. &nbsp; Il regroupe deux cours distincts mais compl\u00e9mentaires \u00e0 savoir :\u00a0Institute of Building Structures and Structural Design\u00a0encadr\u00e9 par Jan Knippers et\u00a0Institute for Computational Design and Construction encadr\u00e9 par Achim Menges. &nbsp; Avec l&rsquo;aide de ces cours et des enseignants certains \u00e9tudiants de l&rsquo;Universit\u00e9 de Stuttgart ont pu exp\u00e9rimenter l&rsquo;\u00e9laboration d&rsquo;un espace architectural con\u00e7u avec la technologie param\u00e9trique. Au del\u00e0 de simplement mod\u00e9liser un pavillon, il leur a fallut r\u00e9fl\u00e9chir \u00e0 des m\u00e9thodes d&rsquo;assemblage et des astuces de mise en \u0153uvre. &nbsp; Conception et mod\u00e9lisation\u00a0 L&rsquo;Universit\u00e9 de Stuttgart \u00e0 cr\u00e9\u00e9 de nombreux pavillon au fil des ann\u00e9es. Pour ce projet en 2011, les architectes se sont inspir\u00e9s d&rsquo;une structure naturelle, celle de la coque d&rsquo;un oursin. Ce projet m\u00eale donc le param\u00e9trique ainsi que biomim\u00e9tisme. &nbsp; Un projet inspir\u00e9 d&rsquo;un oursin Dans ce projet, les architectes ont voulu s&rsquo;inspirer de la nature. En effet, cette [&hellip;]<\/p>\n","protected":false},"author":230,"featured_media":10964,"comment_status":"open","ping_status":"open","sticky":false,"template":"","format":"standard","meta":{"footnotes":""},"categories":[33],"tags":[],"_links":{"self":[{"href":"https:\/\/sapi.paris-lavillette.archi.fr\/CTID924\/index.php?rest_route=\/wp\/v2\/posts\/10941"}],"collection":[{"href":"https:\/\/sapi.paris-lavillette.archi.fr\/CTID924\/index.php?rest_route=\/wp\/v2\/posts"}],"about":[{"href":"https:\/\/sapi.paris-lavillette.archi.fr\/CTID924\/index.php?rest_route=\/wp\/v2\/types\/post"}],"author":[{"embeddable":true,"href":"https:\/\/sapi.paris-lavillette.archi.fr\/CTID924\/index.php?rest_route=\/wp\/v2\/users\/230"}],"replies":[{"embeddable":true,"href":"https:\/\/sapi.paris-lavillette.archi.fr\/CTID924\/index.php?rest_route=%2Fwp%2Fv2%2Fcomments&post=10941"}],"version-history":[{"count":22,"href":"https:\/\/sapi.paris-lavillette.archi.fr\/CTID924\/index.php?rest_route=\/wp\/v2\/posts\/10941\/revisions"}],"predecessor-version":[{"id":10994,"href":"https:\/\/sapi.paris-lavillette.archi.fr\/CTID924\/index.php?rest_route=\/wp\/v2\/posts\/10941\/revisions\/10994"}],"wp:featuredmedia":[{"embeddable":true,"href":"https:\/\/sapi.paris-lavillette.archi.fr\/CTID924\/index.php?rest_route=\/wp\/v2\/media\/10964"}],"wp:attachment":[{"href":"https:\/\/sapi.paris-lavillette.archi.fr\/CTID924\/index.php?rest_route=%2Fwp%2Fv2%2Fmedia&parent=10941"}],"wp:term":[{"taxonomy":"category","embeddable":true,"href":"https:\/\/sapi.paris-lavillette.archi.fr\/CTID924\/index.php?rest_route=%2Fwp%2Fv2%2Fcategories&post=10941"},{"taxonomy":"post_tag","embeddable":true,"href":"https:\/\/sapi.paris-lavillette.archi.fr\/CTID924\/index.php?rest_route=%2Fwp%2Fv2%2Ftags&post=10941"}],"curies":[{"name":"wp","href":"https:\/\/api.w.org\/{rel}","templated":true}]}}