{"id":12286,"date":"2021-11-14T16:33:11","date_gmt":"2021-11-14T15:33:11","guid":{"rendered":"http:\/\/sapi.paris-lavillette.archi.fr\/CTID924\/?p=12286"},"modified":"2021-11-18T20:50:19","modified_gmt":"2021-11-18T19:50:19","slug":"landesgartenschau-exhibition-hall","status":"publish","type":"post","link":"https:\/\/sapi.paris-lavillette.archi.fr\/CTID924\/?p=12286","title":{"rendered":"Landesgartenschau Exhibition Hall"},"content":{"rendered":"<p><img decoding=\"async\" loading=\"lazy\" class=\"size-large wp-image-12292\" src=\"http:\/\/sapi.paris-lavillette.archi.fr\/CTID924\/wp-content\/uploads\/2021\/11\/Interieur-fenetre-1-1-1024x767.jpg\" alt=\"[\u00a9(c)Roland Halbe; Veroeffentlichung nur gegen Honorar, Urhebervermerk und Beleg \/ Copyrightpermission required for reproduction, Photocredit: Roland Halbe]\" width=\"610\" height=\"457\" srcset=\"https:\/\/sapi.paris-lavillette.archi.fr\/CTID924\/wp-content\/uploads\/2021\/11\/Interieur-fenetre-1-1-1024x767.jpg 1024w, https:\/\/sapi.paris-lavillette.archi.fr\/CTID924\/wp-content\/uploads\/2021\/11\/Interieur-fenetre-1-1-300x225.jpg 300w, https:\/\/sapi.paris-lavillette.archi.fr\/CTID924\/wp-content\/uploads\/2021\/11\/Interieur-fenetre-1-1-768x575.jpg 768w, https:\/\/sapi.paris-lavillette.archi.fr\/CTID924\/wp-content\/uploads\/2021\/11\/Interieur-fenetre-1-1.jpg 1600w\" sizes=\"(max-width: 610px) 100vw, 610px\" \/><\/p>\n<p>Nom du projet :\u00a0Landesgartenschau Exhibition Hall<\/p>\n<p>\u00c9quipe de projet :\u00a0ICD Institute for Computational Design and Construction<\/p>\n<p>Lieu : Stuttgart, Allemagne<\/p>\n<p>Mat\u00e9riaux : Bois de h\u00eatre<\/p>\n<p>&nbsp;<\/p>\n<p>INTRODUCTION<\/p>\n<p>Landesgartenschau Exhibition Hall est un salle d\u2019exposition qui a \u00e9t\u00e9 fait pour montrer les avanc\u00e9es dans les champs de conception computationnelle et construction robotique du bois de l\u2019architecture. C\u2019est la premi\u00e8re construction enti\u00e8rement r\u00e9alis\u00e9e en plaques de contreplaqu\u00e9 en h\u00eatre pr\u00e9fabriqu\u00e9 par robot. Le b\u00e2timent est compos\u00e9 par une plus petite salle par laquelle on entre, et qui se connecte \u00e0 une salle plus grande avec une partie vitr\u00e9e qui s\u2019ouvre sur le parc dans lequel se trouve le b\u00e2timent.<\/p>\n<p><img decoding=\"async\" loading=\"lazy\" class=\"alignnone size-medium wp-image-12351\" src=\"http:\/\/sapi.paris-lavillette.archi.fr\/CTID924\/wp-content\/uploads\/2021\/11\/Plan-et-coupe-300x225.jpg\" alt=\"Plan et coupe\" width=\"300\" height=\"225\" srcset=\"https:\/\/sapi.paris-lavillette.archi.fr\/CTID924\/wp-content\/uploads\/2021\/11\/Plan-et-coupe-300x225.jpg 300w, https:\/\/sapi.paris-lavillette.archi.fr\/CTID924\/wp-content\/uploads\/2021\/11\/Plan-et-coupe-768x576.jpg 768w, https:\/\/sapi.paris-lavillette.archi.fr\/CTID924\/wp-content\/uploads\/2021\/11\/Plan-et-coupe.jpg 1000w\" sizes=\"(max-width: 300px) 100vw, 300px\" \/><\/p>\n<p><img decoding=\"async\" loading=\"lazy\" class=\"alignnone size-large wp-image-12325\" src=\"http:\/\/sapi.paris-lavillette.archi.fr\/CTID924\/wp-content\/uploads\/2021\/11\/Exterieure-parc-1-1024x730.jpg\" alt=\"Exterieure parc 1\" width=\"610\" height=\"435\" srcset=\"https:\/\/sapi.paris-lavillette.archi.fr\/CTID924\/wp-content\/uploads\/2021\/11\/Exterieure-parc-1-1024x730.jpg 1024w, https:\/\/sapi.paris-lavillette.archi.fr\/CTID924\/wp-content\/uploads\/2021\/11\/Exterieure-parc-1-300x214.jpg 300w, https:\/\/sapi.paris-lavillette.archi.fr\/CTID924\/wp-content\/uploads\/2021\/11\/Exterieure-parc-1-768x547.jpg 768w, https:\/\/sapi.paris-lavillette.archi.fr\/CTID924\/wp-content\/uploads\/2021\/11\/Exterieure-parc-1.jpg 2000w\" sizes=\"(max-width: 610px) 100vw, 610px\" \/><\/p>\n<p>CONCEPTION ET MOD\u00c9LISATION<br \/>\nLe projet a \u00e9t\u00e9 con\u00e7u \u00e0 l\u2019Universitet de Stuttgart dans le cadre d\u2019un projet de recherche de la robotique dans la construction en bois. Cela a conduit au d\u00e9veloppement d\u2019un outil de conception informatique qui permet d&rsquo;inclure les caract\u00e9ristiques des mat\u00e9riaux et les param\u00e8tres de fabrication dans le processus de conception des constructions en bois. Le projet a eu une approche biomim\u00e9tique puisque les constructions biologiques atteignent une plus grande efficacit\u00e9 des ressources par la diff\u00e9renciation morphologique.<\/p>\n<p>Dans le cas de ce projet, les coques en plaque , dont les \u00e9l\u00e9ments individuels constituent une construction plus grande, \u00e9tait dans le grand int\u00e9r\u00eat des architectes. Ils ont d\u00e9clar\u00e9 que le squelette des Oursins \u00e9tait un inspiration, une syst\u00e8me modulaire compos\u00e9 de plaques de carbonate de calcium qui sont reli\u00e9es par des projections microscopiques s&#8217;embo\u00eetant le long des bords des plaques. La m\u00eame principe a \u00e9t\u00e9 appliqu\u00e9 dans le construction de la salle, o\u00f9 les plaques polygonaux de bois sont joint\u00e9s par les les articulations des doigts, qui \u00e9loignent efficacement la charge des bords des plaques.<\/p>\n<p><img decoding=\"async\" loading=\"lazy\" class=\"alignnone size-thumbnail wp-image-12347\" src=\"http:\/\/sapi.paris-lavillette.archi.fr\/CTID924\/wp-content\/uploads\/2021\/11\/Squellette-dourichin-2-290x290.jpg\" alt=\"Squellette d'ourichin 2\" width=\"290\" height=\"290\" srcset=\"https:\/\/sapi.paris-lavillette.archi.fr\/CTID924\/wp-content\/uploads\/2021\/11\/Squellette-dourichin-2-290x290.jpg 290w, https:\/\/sapi.paris-lavillette.archi.fr\/CTID924\/wp-content\/uploads\/2021\/11\/Squellette-dourichin-2-50x50.jpg 50w\" sizes=\"(max-width: 290px) 100vw, 290px\" \/> <img decoding=\"async\" loading=\"lazy\" class=\"alignnone size-thumbnail wp-image-12346\" src=\"http:\/\/sapi.paris-lavillette.archi.fr\/CTID924\/wp-content\/uploads\/2021\/11\/Coquille-en-bois-290x290.jpg\" alt=\"Coquille en bois\" width=\"290\" height=\"290\" srcset=\"https:\/\/sapi.paris-lavillette.archi.fr\/CTID924\/wp-content\/uploads\/2021\/11\/Coquille-en-bois-290x290.jpg 290w, https:\/\/sapi.paris-lavillette.archi.fr\/CTID924\/wp-content\/uploads\/2021\/11\/Coquille-en-bois-50x50.jpg 50w\" sizes=\"(max-width: 290px) 100vw, 290px\" \/><\/p>\n","protected":false},"excerpt":{"rendered":"<p>Nom du projet :\u00a0Landesgartenschau Exhibition Hall \u00c9quipe de projet :\u00a0ICD Institute for Computational Design and Construction Lieu : Stuttgart, Allemagne Mat\u00e9riaux : Bois de h\u00eatre &nbsp; INTRODUCTION Landesgartenschau Exhibition Hall est un salle d\u2019exposition qui a \u00e9t\u00e9 fait pour montrer les avanc\u00e9es dans les champs de conception computationnelle et construction robotique du bois de l\u2019architecture. C\u2019est la premi\u00e8re construction enti\u00e8rement r\u00e9alis\u00e9e en plaques de contreplaqu\u00e9 en h\u00eatre pr\u00e9fabriqu\u00e9 par robot. Le b\u00e2timent est compos\u00e9 par une plus petite salle par laquelle on entre, et qui se connecte \u00e0 une salle plus grande avec une partie vitr\u00e9e qui s\u2019ouvre sur le parc dans lequel se trouve le b\u00e2timent. CONCEPTION ET MOD\u00c9LISATION Le projet a \u00e9t\u00e9 con\u00e7u \u00e0 l\u2019Universitet de Stuttgart dans le cadre d\u2019un projet de recherche de la robotique dans la construction en bois. Cela a conduit au d\u00e9veloppement d\u2019un outil de conception informatique qui permet d&rsquo;inclure les caract\u00e9ristiques des mat\u00e9riaux et les param\u00e8tres de fabrication dans le processus de conception des constructions en bois. Le projet a eu une approche biomim\u00e9tique puisque les constructions biologiques atteignent une plus grande efficacit\u00e9 des ressources par la diff\u00e9renciation morphologique. Dans le cas de ce projet, les coques en plaque , dont les [&hellip;]<\/p>\n","protected":false},"author":255,"featured_media":12346,"comment_status":"open","ping_status":"closed","sticky":false,"template":"","format":"standard","meta":{"footnotes":""},"categories":[33],"tags":[],"_links":{"self":[{"href":"https:\/\/sapi.paris-lavillette.archi.fr\/CTID924\/index.php?rest_route=\/wp\/v2\/posts\/12286"}],"collection":[{"href":"https:\/\/sapi.paris-lavillette.archi.fr\/CTID924\/index.php?rest_route=\/wp\/v2\/posts"}],"about":[{"href":"https:\/\/sapi.paris-lavillette.archi.fr\/CTID924\/index.php?rest_route=\/wp\/v2\/types\/post"}],"author":[{"embeddable":true,"href":"https:\/\/sapi.paris-lavillette.archi.fr\/CTID924\/index.php?rest_route=\/wp\/v2\/users\/255"}],"replies":[{"embeddable":true,"href":"https:\/\/sapi.paris-lavillette.archi.fr\/CTID924\/index.php?rest_route=%2Fwp%2Fv2%2Fcomments&post=12286"}],"version-history":[{"count":13,"href":"https:\/\/sapi.paris-lavillette.archi.fr\/CTID924\/index.php?rest_route=\/wp\/v2\/posts\/12286\/revisions"}],"predecessor-version":[{"id":12353,"href":"https:\/\/sapi.paris-lavillette.archi.fr\/CTID924\/index.php?rest_route=\/wp\/v2\/posts\/12286\/revisions\/12353"}],"wp:featuredmedia":[{"embeddable":true,"href":"https:\/\/sapi.paris-lavillette.archi.fr\/CTID924\/index.php?rest_route=\/wp\/v2\/media\/12346"}],"wp:attachment":[{"href":"https:\/\/sapi.paris-lavillette.archi.fr\/CTID924\/index.php?rest_route=%2Fwp%2Fv2%2Fmedia&parent=12286"}],"wp:term":[{"taxonomy":"category","embeddable":true,"href":"https:\/\/sapi.paris-lavillette.archi.fr\/CTID924\/index.php?rest_route=%2Fwp%2Fv2%2Fcategories&post=12286"},{"taxonomy":"post_tag","embeddable":true,"href":"https:\/\/sapi.paris-lavillette.archi.fr\/CTID924\/index.php?rest_route=%2Fwp%2Fv2%2Ftags&post=12286"}],"curies":[{"name":"wp","href":"https:\/\/api.w.org\/{rel}","templated":true}]}}