{"id":13233,"date":"2023-01-08T21:47:59","date_gmt":"2023-01-08T20:47:59","guid":{"rendered":"http:\/\/sapi.paris-lavillette.archi.fr\/CTID924\/?p=13233"},"modified":"2023-01-16T02:52:30","modified_gmt":"2023-01-16T01:52:30","slug":"abris-station-tramway","status":"publish","type":"post","link":"https:\/\/sapi.paris-lavillette.archi.fr\/CTID924\/?p=13233","title":{"rendered":"Abris de station de tramway"},"content":{"rendered":"\n<h2 class=\"wp-block-heading\"><span class=\"has-inline-color has-vivid-red-color\">Objectif de conception <\/span><\/h2>\n\n\n\n<p>L&rsquo;id\u00e9e \u00e9tait de cr\u00e9er un abris qui soit une structure qui prot\u00e8ge les passagers des intemp\u00e9ries lorsqu&rsquo;ils attendent le tramway. Il peut inclure des si\u00e8ges, des panneaux d&rsquo;affichage pour les horaires de passage des trams&#8230;<\/p>\n\n\n\n<p>Dans le but d&rsquo;obtenir une image harmonieuse du projet, qui soit facilement rep\u00e9rable sur les voies urbaines, l&rsquo;id\u00e9e \u00e9tait aussi de combiner les \u00e9l\u00e9ments de la structure qui peut varier en fonction de la conception et des besoins locaux. Cependant, ils ont g\u00e9n\u00e9ralement les \u00e9l\u00e9ments suivants:<\/p>\n\n\n\n<p class=\"has-text-align-center\"><strong>Toiture<\/strong>: pour prot\u00e9ger les passagers des intemp\u00e9ries, comme la pluie et le soleil.<\/p>\n\n\n\n<p class=\"has-text-align-center\"><strong>Murs<\/strong>: pour prot\u00e9ger les passagers des vents forts et pour soutenir la toiture.<\/p>\n\n\n\n<p class=\"has-text-align-center\"><strong>Plancher<\/strong>: pour donner aux passagers un endroit pour attendre le tramway confortablement.<\/p>\n\n\n\n<p class=\"has-text-align-center\"><strong>Si\u00e8ges<\/strong>: pour donner aux passagers un endroit pour s&rsquo;asseoir pendant qu&rsquo;ils attendent le tramway.<\/p>\n\n\n\n<p class=\"has-text-align-center\"><strong>Panneaux d&rsquo;affichage<\/strong>: pour afficher les horaires de passage des trams et d&rsquo;autres informations pertinentes.<\/p>\n\n\n\n<p class=\"has-text-align-center\"><strong>\u00c9clairage<\/strong>: pour \u00e9clairer la station de nuit ou dans des conditions de faible luminosit\u00e9.<\/p>\n\n\n\n<p class=\"has-text-align-center\"><strong>Abri<\/strong>: pour prot\u00e9ger des intemp\u00e9ries.<\/p>\n\n\n\n<p class=\"has-text-align-center\"><strong>Accessibilit\u00e9<\/strong>: pour les personnes \u00e0 mobilit\u00e9 r\u00e9duite.<\/p>\n\n\n\n<p><\/p>\n\n\n\n<h2 class=\"wp-block-heading\"><span style=\"color:#5ca300\" class=\"has-inline-color\">Parti architectural <\/span><\/h2>\n\n\n\n<p>En dessinant le profil en \u00e9l\u00e9vation, l&rsquo;objectif \u00e9tait, en premier lieu, d&rsquo;obtenir une structure qui forme une unit\u00e9 de tout les \u00e9l\u00e9ments n\u00e9cessaires pr\u00e9c\u00e9demment not\u00e9s. <\/p>\n\n\n\n<p>Le dessin conceptuel en 3D montre la r\u00e9flexion faite sur l&rsquo;exposition au soleil sous cet abris.<\/p>\n\n\n\n<p>La perforation est la solution ad\u00e9quate pour avoir une belle ambiance d&rsquo;ombre et de lumi\u00e8re avec des quantit\u00e9s contr\u00f4lables gr\u00e2ce \u00e0 la modification du param\u00e8tre: diam\u00e8tre des mailles.<\/p>\n\n\n\n<p><br>Donc on est couvert d&rsquo;un tissu perfor\u00e9 dont les percements sont prot\u00e9g\u00e9s avec du verre. <\/p>\n\n\n\n<figure class=\"wp-block-gallery columns-1 is-cropped wp-block-gallery-1 is-layout-flex wp-block-gallery-is-layout-flex\"><ul class=\"blocks-gallery-grid\"><li class=\"blocks-gallery-item\"><figure><img decoding=\"async\" loading=\"lazy\" width=\"1024\" height=\"1024\" src=\"http:\/\/sapi.paris-lavillette.archi.fr\/CTID924\/wp-content\/uploads\/2023\/01\/idee-1024x1024.jpg\" alt=\"\" data-id=\"13234\" data-full-url=\"http:\/\/sapi.paris-lavillette.archi.fr\/CTID924\/wp-content\/uploads\/2023\/01\/idee.jpg\" data-link=\"http:\/\/sapi.paris-lavillette.archi.fr\/CTID924\/?attachment_id=13234\" class=\"wp-image-13234\" srcset=\"https:\/\/sapi.paris-lavillette.archi.fr\/CTID924\/wp-content\/uploads\/2023\/01\/idee-1024x1024.jpg 1024w, https:\/\/sapi.paris-lavillette.archi.fr\/CTID924\/wp-content\/uploads\/2023\/01\/idee-300x300.jpg 300w, https:\/\/sapi.paris-lavillette.archi.fr\/CTID924\/wp-content\/uploads\/2023\/01\/idee-290x290.jpg 290w, https:\/\/sapi.paris-lavillette.archi.fr\/CTID924\/wp-content\/uploads\/2023\/01\/idee-768x768.jpg 768w, https:\/\/sapi.paris-lavillette.archi.fr\/CTID924\/wp-content\/uploads\/2023\/01\/idee-50x50.jpg 50w, https:\/\/sapi.paris-lavillette.archi.fr\/CTID924\/wp-content\/uploads\/2023\/01\/idee.jpg 1417w\" sizes=\"(max-width: 1024px) 100vw, 1024px\" \/><figcaption class=\"blocks-gallery-item__caption\">Sch\u00e9mas conceptuels <\/figcaption><\/figure><\/li><\/ul><\/figure>\n\n\n\n<p><\/p>\n\n\n\n<h2 class=\"wp-block-heading\"><span class=\"has-inline-color has-vivid-cyan-blue-color\">Mod\u00e9lisation 1<\/span><\/h2>\n\n\n\n<figure class=\"wp-block-gallery columns-1 is-cropped wp-block-gallery-3 is-layout-flex wp-block-gallery-is-layout-flex\"><ul class=\"blocks-gallery-grid\"><li class=\"blocks-gallery-item\"><figure><img decoding=\"async\" loading=\"lazy\" width=\"1024\" height=\"275\" src=\"http:\/\/sapi.paris-lavillette.archi.fr\/CTID924\/wp-content\/uploads\/2023\/01\/script--1024x275.png\" alt=\"\" data-id=\"13235\" data-full-url=\"http:\/\/sapi.paris-lavillette.archi.fr\/CTID924\/wp-content\/uploads\/2023\/01\/script-.png\" data-link=\"http:\/\/sapi.paris-lavillette.archi.fr\/CTID924\/?attachment_id=13235\" class=\"wp-image-13235\" srcset=\"https:\/\/sapi.paris-lavillette.archi.fr\/CTID924\/wp-content\/uploads\/2023\/01\/script--1024x275.png 1024w, https:\/\/sapi.paris-lavillette.archi.fr\/CTID924\/wp-content\/uploads\/2023\/01\/script--300x80.png 300w, https:\/\/sapi.paris-lavillette.archi.fr\/CTID924\/wp-content\/uploads\/2023\/01\/script--768x206.png 768w, https:\/\/sapi.paris-lavillette.archi.fr\/CTID924\/wp-content\/uploads\/2023\/01\/script--1536x412.png 1536w, https:\/\/sapi.paris-lavillette.archi.fr\/CTID924\/wp-content\/uploads\/2023\/01\/script-.png 1920w\" sizes=\"(max-width: 1024px) 100vw, 1024px\" \/><figcaption class=\"blocks-gallery-item__caption\">Premier Script <\/figcaption><\/figure><\/li><\/ul><\/figure>\n\n\n\n<h2 class=\"wp-block-heading\">Etape 1: <strong>cr\u00e9er le maillage en plan <\/strong><\/h2>\n\n\n\n<p>Afin de mod\u00e9liser cette id\u00e9e de projet, j&rsquo;ai utilis\u00e9 le logiciel Rhino 7 avec le plug-in Grasshopper. <\/p>\n\n\n\n<p>Apr\u00e8s avoir cr\u00e9er la forme initiale, issue du dessin conceptuel, la cr\u00e9ation des mailles et le percement ont \u00e9t\u00e9 faits sur une surface en plan.<\/p>\n\n\n\n<figure class=\"wp-block-gallery alignleft columns-1 is-cropped wp-block-gallery-5 is-layout-flex wp-block-gallery-is-layout-flex\"><ul class=\"blocks-gallery-grid\"><li class=\"blocks-gallery-item\"><figure><img decoding=\"async\" loading=\"lazy\" width=\"1024\" height=\"576\" src=\"http:\/\/sapi.paris-lavillette.archi.fr\/CTID924\/wp-content\/uploads\/2023\/01\/Capture-decran-284-1024x576.png\" alt=\"\" data-id=\"13236\" data-full-url=\"http:\/\/sapi.paris-lavillette.archi.fr\/CTID924\/wp-content\/uploads\/2023\/01\/Capture-decran-284.png\" data-link=\"http:\/\/sapi.paris-lavillette.archi.fr\/CTID924\/?attachment_id=13236\" class=\"wp-image-13236\" srcset=\"https:\/\/sapi.paris-lavillette.archi.fr\/CTID924\/wp-content\/uploads\/2023\/01\/Capture-decran-284-1024x576.png 1024w, https:\/\/sapi.paris-lavillette.archi.fr\/CTID924\/wp-content\/uploads\/2023\/01\/Capture-decran-284-300x169.png 300w, https:\/\/sapi.paris-lavillette.archi.fr\/CTID924\/wp-content\/uploads\/2023\/01\/Capture-decran-284-768x432.png 768w, https:\/\/sapi.paris-lavillette.archi.fr\/CTID924\/wp-content\/uploads\/2023\/01\/Capture-decran-284-1536x864.png 1536w, https:\/\/sapi.paris-lavillette.archi.fr\/CTID924\/wp-content\/uploads\/2023\/01\/Capture-decran-284.png 1920w\" sizes=\"(max-width: 1024px) 100vw, 1024px\" \/><\/figure><\/li><\/ul><\/figure>\n\n\n\n<figure class=\"wp-block-image size-large is-resized\"><img decoding=\"async\" loading=\"lazy\" src=\"http:\/\/sapi.paris-lavillette.archi.fr\/CTID924\/wp-content\/uploads\/2023\/01\/Capture-decran-287-1024x576.png\" alt=\"\" class=\"wp-image-13237\" width=\"384\" height=\"215\" srcset=\"https:\/\/sapi.paris-lavillette.archi.fr\/CTID924\/wp-content\/uploads\/2023\/01\/Capture-decran-287-1024x576.png 1024w, https:\/\/sapi.paris-lavillette.archi.fr\/CTID924\/wp-content\/uploads\/2023\/01\/Capture-decran-287-300x169.png 300w, https:\/\/sapi.paris-lavillette.archi.fr\/CTID924\/wp-content\/uploads\/2023\/01\/Capture-decran-287-768x432.png 768w, https:\/\/sapi.paris-lavillette.archi.fr\/CTID924\/wp-content\/uploads\/2023\/01\/Capture-decran-287-1536x864.png 1536w, https:\/\/sapi.paris-lavillette.archi.fr\/CTID924\/wp-content\/uploads\/2023\/01\/Capture-decran-287.png 1920w\" sizes=\"(max-width: 384px) 100vw, 384px\" \/><figcaption>capture du r\u00e9sultat dans Rhino <\/figcaption><\/figure>\n\n\n\n<h2 class=\"wp-block-heading\">Etape 2: <strong>affecter le maillage \u00e0 la surface cr\u00e9\u00e9e dans Rhino, d&rsquo;apr\u00e8s l&rsquo;id\u00e9e de d\u00e9part <\/strong><\/h2>\n\n\n\n<figure class=\"wp-block-gallery columns-2 is-cropped wp-block-gallery-7 is-layout-flex wp-block-gallery-is-layout-flex\"><ul class=\"blocks-gallery-grid\"><li class=\"blocks-gallery-item\"><figure><img decoding=\"async\" loading=\"lazy\" width=\"1024\" height=\"576\" src=\"http:\/\/sapi.paris-lavillette.archi.fr\/CTID924\/wp-content\/uploads\/2023\/01\/Capture-decran-288-1024x576.png\" alt=\"\" data-id=\"13238\" data-full-url=\"http:\/\/sapi.paris-lavillette.archi.fr\/CTID924\/wp-content\/uploads\/2023\/01\/Capture-decran-288.png\" data-link=\"http:\/\/sapi.paris-lavillette.archi.fr\/CTID924\/?attachment_id=13238\" class=\"wp-image-13238\" srcset=\"https:\/\/sapi.paris-lavillette.archi.fr\/CTID924\/wp-content\/uploads\/2023\/01\/Capture-decran-288-1024x576.png 1024w, https:\/\/sapi.paris-lavillette.archi.fr\/CTID924\/wp-content\/uploads\/2023\/01\/Capture-decran-288-300x169.png 300w, https:\/\/sapi.paris-lavillette.archi.fr\/CTID924\/wp-content\/uploads\/2023\/01\/Capture-decran-288-768x432.png 768w, https:\/\/sapi.paris-lavillette.archi.fr\/CTID924\/wp-content\/uploads\/2023\/01\/Capture-decran-288-1536x864.png 1536w, https:\/\/sapi.paris-lavillette.archi.fr\/CTID924\/wp-content\/uploads\/2023\/01\/Capture-decran-288.png 1920w\" sizes=\"(max-width: 1024px) 100vw, 1024px\" \/><\/figure><\/li><li class=\"blocks-gallery-item\"><figure><img decoding=\"async\" loading=\"lazy\" width=\"1024\" height=\"576\" src=\"http:\/\/sapi.paris-lavillette.archi.fr\/CTID924\/wp-content\/uploads\/2023\/01\/Capture-decran-289-1024x576.png\" alt=\"\" data-id=\"13239\" data-full-url=\"http:\/\/sapi.paris-lavillette.archi.fr\/CTID924\/wp-content\/uploads\/2023\/01\/Capture-decran-289.png\" data-link=\"http:\/\/sapi.paris-lavillette.archi.fr\/CTID924\/?attachment_id=13239\" class=\"wp-image-13239\" srcset=\"https:\/\/sapi.paris-lavillette.archi.fr\/CTID924\/wp-content\/uploads\/2023\/01\/Capture-decran-289-1024x576.png 1024w, https:\/\/sapi.paris-lavillette.archi.fr\/CTID924\/wp-content\/uploads\/2023\/01\/Capture-decran-289-300x169.png 300w, https:\/\/sapi.paris-lavillette.archi.fr\/CTID924\/wp-content\/uploads\/2023\/01\/Capture-decran-289-768x432.png 768w, https:\/\/sapi.paris-lavillette.archi.fr\/CTID924\/wp-content\/uploads\/2023\/01\/Capture-decran-289-1536x864.png 1536w, https:\/\/sapi.paris-lavillette.archi.fr\/CTID924\/wp-content\/uploads\/2023\/01\/Capture-decran-289.png 1920w\" sizes=\"(max-width: 1024px) 100vw, 1024px\" \/><\/figure><\/li><\/ul><\/figure>\n\n\n\n<h2 class=\"wp-block-heading\">Etape 3: <strong>percer la surface selon le maillage pr\u00e9c\u00e9demment cr\u00e9e<\/strong><\/h2>\n\n\n\n<figure class=\"wp-block-gallery columns-2 is-cropped wp-block-gallery-9 is-layout-flex wp-block-gallery-is-layout-flex\"><ul class=\"blocks-gallery-grid\"><li class=\"blocks-gallery-item\"><figure><img decoding=\"async\" loading=\"lazy\" width=\"1024\" height=\"576\" src=\"http:\/\/sapi.paris-lavillette.archi.fr\/CTID924\/wp-content\/uploads\/2023\/01\/Capture-decran-290-1024x576.png\" alt=\"\" data-id=\"13240\" data-full-url=\"http:\/\/sapi.paris-lavillette.archi.fr\/CTID924\/wp-content\/uploads\/2023\/01\/Capture-decran-290.png\" data-link=\"http:\/\/sapi.paris-lavillette.archi.fr\/CTID924\/?attachment_id=13240\" class=\"wp-image-13240\" srcset=\"https:\/\/sapi.paris-lavillette.archi.fr\/CTID924\/wp-content\/uploads\/2023\/01\/Capture-decran-290-1024x576.png 1024w, https:\/\/sapi.paris-lavillette.archi.fr\/CTID924\/wp-content\/uploads\/2023\/01\/Capture-decran-290-300x169.png 300w, https:\/\/sapi.paris-lavillette.archi.fr\/CTID924\/wp-content\/uploads\/2023\/01\/Capture-decran-290-768x432.png 768w, https:\/\/sapi.paris-lavillette.archi.fr\/CTID924\/wp-content\/uploads\/2023\/01\/Capture-decran-290-1536x864.png 1536w, https:\/\/sapi.paris-lavillette.archi.fr\/CTID924\/wp-content\/uploads\/2023\/01\/Capture-decran-290.png 1920w\" sizes=\"(max-width: 1024px) 100vw, 1024px\" \/><\/figure><\/li><li class=\"blocks-gallery-item\"><figure><img decoding=\"async\" loading=\"lazy\" width=\"1024\" height=\"576\" src=\"http:\/\/sapi.paris-lavillette.archi.fr\/CTID924\/wp-content\/uploads\/2023\/01\/Capture-decran-291-1024x576.png\" alt=\"\" data-id=\"13241\" data-full-url=\"http:\/\/sapi.paris-lavillette.archi.fr\/CTID924\/wp-content\/uploads\/2023\/01\/Capture-decran-291.png\" data-link=\"http:\/\/sapi.paris-lavillette.archi.fr\/CTID924\/?attachment_id=13241\" class=\"wp-image-13241\" srcset=\"https:\/\/sapi.paris-lavillette.archi.fr\/CTID924\/wp-content\/uploads\/2023\/01\/Capture-decran-291-1024x576.png 1024w, https:\/\/sapi.paris-lavillette.archi.fr\/CTID924\/wp-content\/uploads\/2023\/01\/Capture-decran-291-300x169.png 300w, https:\/\/sapi.paris-lavillette.archi.fr\/CTID924\/wp-content\/uploads\/2023\/01\/Capture-decran-291-768x432.png 768w, https:\/\/sapi.paris-lavillette.archi.fr\/CTID924\/wp-content\/uploads\/2023\/01\/Capture-decran-291-1536x864.png 1536w, https:\/\/sapi.paris-lavillette.archi.fr\/CTID924\/wp-content\/uploads\/2023\/01\/Capture-decran-291.png 1920w\" sizes=\"(max-width: 1024px) 100vw, 1024px\" \/><\/figure><\/li><\/ul><\/figure>\n\n\n\n<h2 class=\"wp-block-heading\">R\u00e9ponse architecturale <\/h2>\n\n\n\n<figure class=\"wp-block-gallery columns-3 is-cropped wp-block-gallery-11 is-layout-flex wp-block-gallery-is-layout-flex\"><ul class=\"blocks-gallery-grid\"><li class=\"blocks-gallery-item\"><figure><img decoding=\"async\" loading=\"lazy\" width=\"1024\" height=\"576\" src=\"http:\/\/sapi.paris-lavillette.archi.fr\/CTID924\/wp-content\/uploads\/2023\/01\/p2-2-1024x576.jpg\" alt=\"\" data-id=\"13248\" data-full-url=\"http:\/\/sapi.paris-lavillette.archi.fr\/CTID924\/wp-content\/uploads\/2023\/01\/p2-2.jpg\" data-link=\"http:\/\/sapi.paris-lavillette.archi.fr\/CTID924\/?attachment_id=13248\" class=\"wp-image-13248\" srcset=\"https:\/\/sapi.paris-lavillette.archi.fr\/CTID924\/wp-content\/uploads\/2023\/01\/p2-2-1024x576.jpg 1024w, https:\/\/sapi.paris-lavillette.archi.fr\/CTID924\/wp-content\/uploads\/2023\/01\/p2-2-300x169.jpg 300w, https:\/\/sapi.paris-lavillette.archi.fr\/CTID924\/wp-content\/uploads\/2023\/01\/p2-2-768x432.jpg 768w, https:\/\/sapi.paris-lavillette.archi.fr\/CTID924\/wp-content\/uploads\/2023\/01\/p2-2-1536x864.jpg 1536w, https:\/\/sapi.paris-lavillette.archi.fr\/CTID924\/wp-content\/uploads\/2023\/01\/p2-2.jpg 1920w\" sizes=\"(max-width: 1024px) 100vw, 1024px\" \/><\/figure><\/li><li class=\"blocks-gallery-item\"><figure><img decoding=\"async\" loading=\"lazy\" width=\"1024\" height=\"576\" src=\"http:\/\/sapi.paris-lavillette.archi.fr\/CTID924\/wp-content\/uploads\/2023\/01\/p3-2-1024x576.jpg\" alt=\"\" data-id=\"13249\" data-full-url=\"http:\/\/sapi.paris-lavillette.archi.fr\/CTID924\/wp-content\/uploads\/2023\/01\/p3-2.jpg\" data-link=\"http:\/\/sapi.paris-lavillette.archi.fr\/CTID924\/?attachment_id=13249\" class=\"wp-image-13249\" srcset=\"https:\/\/sapi.paris-lavillette.archi.fr\/CTID924\/wp-content\/uploads\/2023\/01\/p3-2-1024x576.jpg 1024w, https:\/\/sapi.paris-lavillette.archi.fr\/CTID924\/wp-content\/uploads\/2023\/01\/p3-2-300x169.jpg 300w, https:\/\/sapi.paris-lavillette.archi.fr\/CTID924\/wp-content\/uploads\/2023\/01\/p3-2-768x432.jpg 768w, https:\/\/sapi.paris-lavillette.archi.fr\/CTID924\/wp-content\/uploads\/2023\/01\/p3-2-1536x864.jpg 1536w, https:\/\/sapi.paris-lavillette.archi.fr\/CTID924\/wp-content\/uploads\/2023\/01\/p3-2.jpg 1920w\" sizes=\"(max-width: 1024px) 100vw, 1024px\" \/><\/figure><\/li><li class=\"blocks-gallery-item\"><figure><img decoding=\"async\" loading=\"lazy\" width=\"1024\" height=\"550\" src=\"http:\/\/sapi.paris-lavillette.archi.fr\/CTID924\/wp-content\/uploads\/2023\/01\/rendu-rhino-2-1024x550.png\" alt=\"\" data-id=\"13250\" data-full-url=\"http:\/\/sapi.paris-lavillette.archi.fr\/CTID924\/wp-content\/uploads\/2023\/01\/rendu-rhino-2.png\" data-link=\"http:\/\/sapi.paris-lavillette.archi.fr\/CTID924\/?attachment_id=13250\" class=\"wp-image-13250\" srcset=\"https:\/\/sapi.paris-lavillette.archi.fr\/CTID924\/wp-content\/uploads\/2023\/01\/rendu-rhino-2-1024x550.png 1024w, https:\/\/sapi.paris-lavillette.archi.fr\/CTID924\/wp-content\/uploads\/2023\/01\/rendu-rhino-2-300x161.png 300w, https:\/\/sapi.paris-lavillette.archi.fr\/CTID924\/wp-content\/uploads\/2023\/01\/rendu-rhino-2-768x413.png 768w, https:\/\/sapi.paris-lavillette.archi.fr\/CTID924\/wp-content\/uploads\/2023\/01\/rendu-rhino-2-1536x826.png 1536w, https:\/\/sapi.paris-lavillette.archi.fr\/CTID924\/wp-content\/uploads\/2023\/01\/rendu-rhino-2.png 1920w\" sizes=\"(max-width: 1024px) 100vw, 1024px\" \/><\/figure><\/li><\/ul><\/figure>\n\n\n\n<p><\/p>\n\n\n\n<h2 class=\"wp-block-heading\"><span class=\"has-inline-color has-vivid-cyan-blue-color\">Mod\u00e9lisation 2<\/span><\/h2>\n\n\n\n<p>L&rsquo;objectif \u00e9tait d&rsquo;aller chercher d&rsquo;autre alternative de mod\u00e9lisation pour voir son impact sur la r\u00e9ponse architecturale. <\/p>\n\n\n\n<figure class=\"wp-block-gallery columns-1 is-cropped wp-block-gallery-13 is-layout-flex wp-block-gallery-is-layout-flex\"><ul class=\"blocks-gallery-grid\"><li class=\"blocks-gallery-item\"><figure><img decoding=\"async\" loading=\"lazy\" width=\"1024\" height=\"549\" src=\"http:\/\/sapi.paris-lavillette.archi.fr\/CTID924\/wp-content\/uploads\/2023\/01\/script2-1024x549.png\" alt=\"\" data-id=\"13251\" data-full-url=\"http:\/\/sapi.paris-lavillette.archi.fr\/CTID924\/wp-content\/uploads\/2023\/01\/script2.png\" data-link=\"http:\/\/sapi.paris-lavillette.archi.fr\/CTID924\/?attachment_id=13251\" class=\"wp-image-13251\" srcset=\"https:\/\/sapi.paris-lavillette.archi.fr\/CTID924\/wp-content\/uploads\/2023\/01\/script2-1024x549.png 1024w, https:\/\/sapi.paris-lavillette.archi.fr\/CTID924\/wp-content\/uploads\/2023\/01\/script2-300x161.png 300w, https:\/\/sapi.paris-lavillette.archi.fr\/CTID924\/wp-content\/uploads\/2023\/01\/script2-768x412.png 768w, https:\/\/sapi.paris-lavillette.archi.fr\/CTID924\/wp-content\/uploads\/2023\/01\/script2-1536x824.png 1536w, https:\/\/sapi.paris-lavillette.archi.fr\/CTID924\/wp-content\/uploads\/2023\/01\/script2.png 1920w\" sizes=\"(max-width: 1024px) 100vw, 1024px\" \/><figcaption class=\"blocks-gallery-item__caption\">Deuxi\u00e8me script <\/figcaption><\/figure><\/li><\/ul><\/figure>\n\n\n\n<h2 class=\"wp-block-heading\">Etape 1: <strong>utiliser le vronoi 3D pour les \u00e9l\u00e9ments coupants<\/strong> <\/h2>\n\n\n\n<figure class=\"wp-block-gallery columns-2 is-cropped wp-block-gallery-15 is-layout-flex wp-block-gallery-is-layout-flex\"><ul class=\"blocks-gallery-grid\"><li class=\"blocks-gallery-item\"><figure><img decoding=\"async\" loading=\"lazy\" width=\"1024\" height=\"576\" src=\"http:\/\/sapi.paris-lavillette.archi.fr\/CTID924\/wp-content\/uploads\/2023\/01\/Capture-decran-293-1024x576.png\" alt=\"\" data-id=\"13252\" data-full-url=\"http:\/\/sapi.paris-lavillette.archi.fr\/CTID924\/wp-content\/uploads\/2023\/01\/Capture-decran-293.png\" data-link=\"http:\/\/sapi.paris-lavillette.archi.fr\/CTID924\/?attachment_id=13252\" class=\"wp-image-13252\" srcset=\"https:\/\/sapi.paris-lavillette.archi.fr\/CTID924\/wp-content\/uploads\/2023\/01\/Capture-decran-293-1024x576.png 1024w, https:\/\/sapi.paris-lavillette.archi.fr\/CTID924\/wp-content\/uploads\/2023\/01\/Capture-decran-293-300x169.png 300w, https:\/\/sapi.paris-lavillette.archi.fr\/CTID924\/wp-content\/uploads\/2023\/01\/Capture-decran-293-768x432.png 768w, https:\/\/sapi.paris-lavillette.archi.fr\/CTID924\/wp-content\/uploads\/2023\/01\/Capture-decran-293-1536x864.png 1536w, https:\/\/sapi.paris-lavillette.archi.fr\/CTID924\/wp-content\/uploads\/2023\/01\/Capture-decran-293.png 1920w\" sizes=\"(max-width: 1024px) 100vw, 1024px\" \/><\/figure><\/li><li class=\"blocks-gallery-item\"><figure><img decoding=\"async\" loading=\"lazy\" width=\"1024\" height=\"576\" src=\"http:\/\/sapi.paris-lavillette.archi.fr\/CTID924\/wp-content\/uploads\/2023\/01\/Capture-decran-294-1024x576.png\" alt=\"\" data-id=\"13253\" data-full-url=\"http:\/\/sapi.paris-lavillette.archi.fr\/CTID924\/wp-content\/uploads\/2023\/01\/Capture-decran-294.png\" data-link=\"http:\/\/sapi.paris-lavillette.archi.fr\/CTID924\/?attachment_id=13253\" class=\"wp-image-13253\" srcset=\"https:\/\/sapi.paris-lavillette.archi.fr\/CTID924\/wp-content\/uploads\/2023\/01\/Capture-decran-294-1024x576.png 1024w, https:\/\/sapi.paris-lavillette.archi.fr\/CTID924\/wp-content\/uploads\/2023\/01\/Capture-decran-294-300x169.png 300w, https:\/\/sapi.paris-lavillette.archi.fr\/CTID924\/wp-content\/uploads\/2023\/01\/Capture-decran-294-768x432.png 768w, https:\/\/sapi.paris-lavillette.archi.fr\/CTID924\/wp-content\/uploads\/2023\/01\/Capture-decran-294-1536x864.png 1536w, https:\/\/sapi.paris-lavillette.archi.fr\/CTID924\/wp-content\/uploads\/2023\/01\/Capture-decran-294.png 1920w\" sizes=\"(max-width: 1024px) 100vw, 1024px\" \/><\/figure><\/li><\/ul><\/figure>\n\n\n\n<h2 class=\"wp-block-heading\">Etape 2: <strong>identifier la surface \u00e0 percer <\/strong><\/h2>\n\n\n\n<figure class=\"wp-block-gallery columns-2 is-cropped wp-block-gallery-17 is-layout-flex wp-block-gallery-is-layout-flex\"><ul class=\"blocks-gallery-grid\"><li class=\"blocks-gallery-item\"><figure><img decoding=\"async\" loading=\"lazy\" width=\"1024\" height=\"576\" src=\"http:\/\/sapi.paris-lavillette.archi.fr\/CTID924\/wp-content\/uploads\/2023\/01\/Capture-decran-295-1024x576.png\" alt=\"\" data-id=\"13254\" data-full-url=\"http:\/\/sapi.paris-lavillette.archi.fr\/CTID924\/wp-content\/uploads\/2023\/01\/Capture-decran-295.png\" data-link=\"http:\/\/sapi.paris-lavillette.archi.fr\/CTID924\/?attachment_id=13254\" class=\"wp-image-13254\" srcset=\"https:\/\/sapi.paris-lavillette.archi.fr\/CTID924\/wp-content\/uploads\/2023\/01\/Capture-decran-295-1024x576.png 1024w, https:\/\/sapi.paris-lavillette.archi.fr\/CTID924\/wp-content\/uploads\/2023\/01\/Capture-decran-295-300x169.png 300w, https:\/\/sapi.paris-lavillette.archi.fr\/CTID924\/wp-content\/uploads\/2023\/01\/Capture-decran-295-768x432.png 768w, https:\/\/sapi.paris-lavillette.archi.fr\/CTID924\/wp-content\/uploads\/2023\/01\/Capture-decran-295-1536x864.png 1536w, https:\/\/sapi.paris-lavillette.archi.fr\/CTID924\/wp-content\/uploads\/2023\/01\/Capture-decran-295.png 1920w\" sizes=\"(max-width: 1024px) 100vw, 1024px\" \/><\/figure><\/li><li class=\"blocks-gallery-item\"><figure><img decoding=\"async\" loading=\"lazy\" width=\"1024\" height=\"576\" src=\"http:\/\/sapi.paris-lavillette.archi.fr\/CTID924\/wp-content\/uploads\/2023\/01\/Capture-decran-296-1024x576.png\" alt=\"\" data-id=\"13255\" data-full-url=\"http:\/\/sapi.paris-lavillette.archi.fr\/CTID924\/wp-content\/uploads\/2023\/01\/Capture-decran-296.png\" data-link=\"http:\/\/sapi.paris-lavillette.archi.fr\/CTID924\/?attachment_id=13255\" class=\"wp-image-13255\" srcset=\"https:\/\/sapi.paris-lavillette.archi.fr\/CTID924\/wp-content\/uploads\/2023\/01\/Capture-decran-296-1024x576.png 1024w, https:\/\/sapi.paris-lavillette.archi.fr\/CTID924\/wp-content\/uploads\/2023\/01\/Capture-decran-296-300x169.png 300w, https:\/\/sapi.paris-lavillette.archi.fr\/CTID924\/wp-content\/uploads\/2023\/01\/Capture-decran-296-768x432.png 768w, https:\/\/sapi.paris-lavillette.archi.fr\/CTID924\/wp-content\/uploads\/2023\/01\/Capture-decran-296-1536x864.png 1536w, https:\/\/sapi.paris-lavillette.archi.fr\/CTID924\/wp-content\/uploads\/2023\/01\/Capture-decran-296.png 1920w\" sizes=\"(max-width: 1024px) 100vw, 1024px\" \/><\/figure><\/li><\/ul><\/figure>\n\n\n\n<h2 class=\"wp-block-heading\">Etape 3: <strong>cr\u00e9ation de la perforation <\/strong><\/h2>\n\n\n\n<figure class=\"wp-block-gallery columns-2 is-cropped wp-block-gallery-19 is-layout-flex wp-block-gallery-is-layout-flex\"><ul class=\"blocks-gallery-grid\"><li class=\"blocks-gallery-item\"><figure><img decoding=\"async\" loading=\"lazy\" width=\"1024\" height=\"576\" src=\"http:\/\/sapi.paris-lavillette.archi.fr\/CTID924\/wp-content\/uploads\/2023\/01\/Capture-decran-298-1024x576.png\" alt=\"\" data-id=\"13256\" data-full-url=\"http:\/\/sapi.paris-lavillette.archi.fr\/CTID924\/wp-content\/uploads\/2023\/01\/Capture-decran-298.png\" data-link=\"http:\/\/sapi.paris-lavillette.archi.fr\/CTID924\/?attachment_id=13256\" class=\"wp-image-13256\" srcset=\"https:\/\/sapi.paris-lavillette.archi.fr\/CTID924\/wp-content\/uploads\/2023\/01\/Capture-decran-298-1024x576.png 1024w, https:\/\/sapi.paris-lavillette.archi.fr\/CTID924\/wp-content\/uploads\/2023\/01\/Capture-decran-298-300x169.png 300w, https:\/\/sapi.paris-lavillette.archi.fr\/CTID924\/wp-content\/uploads\/2023\/01\/Capture-decran-298-768x432.png 768w, https:\/\/sapi.paris-lavillette.archi.fr\/CTID924\/wp-content\/uploads\/2023\/01\/Capture-decran-298-1536x864.png 1536w, https:\/\/sapi.paris-lavillette.archi.fr\/CTID924\/wp-content\/uploads\/2023\/01\/Capture-decran-298.png 1920w\" sizes=\"(max-width: 1024px) 100vw, 1024px\" \/><\/figure><\/li><li class=\"blocks-gallery-item\"><figure><img decoding=\"async\" loading=\"lazy\" width=\"1024\" height=\"576\" src=\"http:\/\/sapi.paris-lavillette.archi.fr\/CTID924\/wp-content\/uploads\/2023\/01\/Capture-decran-299-1024x576.png\" alt=\"\" data-id=\"13257\" data-full-url=\"http:\/\/sapi.paris-lavillette.archi.fr\/CTID924\/wp-content\/uploads\/2023\/01\/Capture-decran-299.png\" data-link=\"http:\/\/sapi.paris-lavillette.archi.fr\/CTID924\/?attachment_id=13257\" class=\"wp-image-13257\" srcset=\"https:\/\/sapi.paris-lavillette.archi.fr\/CTID924\/wp-content\/uploads\/2023\/01\/Capture-decran-299-1024x576.png 1024w, https:\/\/sapi.paris-lavillette.archi.fr\/CTID924\/wp-content\/uploads\/2023\/01\/Capture-decran-299-300x169.png 300w, https:\/\/sapi.paris-lavillette.archi.fr\/CTID924\/wp-content\/uploads\/2023\/01\/Capture-decran-299-768x432.png 768w, https:\/\/sapi.paris-lavillette.archi.fr\/CTID924\/wp-content\/uploads\/2023\/01\/Capture-decran-299-1536x864.png 1536w, https:\/\/sapi.paris-lavillette.archi.fr\/CTID924\/wp-content\/uploads\/2023\/01\/Capture-decran-299.png 1920w\" sizes=\"(max-width: 1024px) 100vw, 1024px\" \/><\/figure><\/li><\/ul><\/figure>\n\n\n\n<h2 class=\"wp-block-heading\">Etape 4: <strong>rajouter de l&rsquo;\u00e9paisseur en utilisant l&rsquo;outil \u00ab\u00a0extruder\u00a0\u00bb <\/strong><\/h2>\n\n\n\n<p>Cette \u00e9tape n&rsquo;est pas possible pour la premi\u00e8re proposition donc ses \u00e9paisseurs vont \u00eatre cr\u00e9er directement dans Rhino.<\/p>\n\n\n\n<figure class=\"wp-block-gallery columns-2 is-cropped wp-block-gallery-21 is-layout-flex wp-block-gallery-is-layout-flex\"><ul class=\"blocks-gallery-grid\"><li class=\"blocks-gallery-item\"><figure><img decoding=\"async\" loading=\"lazy\" width=\"1024\" height=\"576\" src=\"http:\/\/sapi.paris-lavillette.archi.fr\/CTID924\/wp-content\/uploads\/2023\/01\/Capture-decran-300-1024x576.png\" alt=\"\" data-id=\"13258\" data-full-url=\"http:\/\/sapi.paris-lavillette.archi.fr\/CTID924\/wp-content\/uploads\/2023\/01\/Capture-decran-300.png\" data-link=\"http:\/\/sapi.paris-lavillette.archi.fr\/CTID924\/?attachment_id=13258\" class=\"wp-image-13258\" srcset=\"https:\/\/sapi.paris-lavillette.archi.fr\/CTID924\/wp-content\/uploads\/2023\/01\/Capture-decran-300-1024x576.png 1024w, https:\/\/sapi.paris-lavillette.archi.fr\/CTID924\/wp-content\/uploads\/2023\/01\/Capture-decran-300-300x169.png 300w, https:\/\/sapi.paris-lavillette.archi.fr\/CTID924\/wp-content\/uploads\/2023\/01\/Capture-decran-300-768x432.png 768w, https:\/\/sapi.paris-lavillette.archi.fr\/CTID924\/wp-content\/uploads\/2023\/01\/Capture-decran-300-1536x864.png 1536w, https:\/\/sapi.paris-lavillette.archi.fr\/CTID924\/wp-content\/uploads\/2023\/01\/Capture-decran-300.png 1920w\" sizes=\"(max-width: 1024px) 100vw, 1024px\" \/><\/figure><\/li><li class=\"blocks-gallery-item\"><figure><img decoding=\"async\" loading=\"lazy\" width=\"1024\" height=\"576\" src=\"http:\/\/sapi.paris-lavillette.archi.fr\/CTID924\/wp-content\/uploads\/2023\/01\/Capture-decran-301-1024x576.png\" alt=\"\" data-id=\"13259\" data-full-url=\"http:\/\/sapi.paris-lavillette.archi.fr\/CTID924\/wp-content\/uploads\/2023\/01\/Capture-decran-301.png\" data-link=\"http:\/\/sapi.paris-lavillette.archi.fr\/CTID924\/?attachment_id=13259\" class=\"wp-image-13259\" srcset=\"https:\/\/sapi.paris-lavillette.archi.fr\/CTID924\/wp-content\/uploads\/2023\/01\/Capture-decran-301-1024x576.png 1024w, https:\/\/sapi.paris-lavillette.archi.fr\/CTID924\/wp-content\/uploads\/2023\/01\/Capture-decran-301-300x169.png 300w, https:\/\/sapi.paris-lavillette.archi.fr\/CTID924\/wp-content\/uploads\/2023\/01\/Capture-decran-301-768x432.png 768w, https:\/\/sapi.paris-lavillette.archi.fr\/CTID924\/wp-content\/uploads\/2023\/01\/Capture-decran-301-1536x864.png 1536w, https:\/\/sapi.paris-lavillette.archi.fr\/CTID924\/wp-content\/uploads\/2023\/01\/Capture-decran-301.png 1920w\" sizes=\"(max-width: 1024px) 100vw, 1024px\" \/><\/figure><\/li><\/ul><\/figure>\n\n\n\n<p><strong><span class=\"has-inline-color has-vivid-red-color\">La premi\u00e8re mod\u00e9lisation est choisie pour \u00eatre d\u00e9velopp\u00e9e gr\u00e2ce \u00e0 sa capacit\u00e9 structurelle et  son originalit\u00e9 formel.<\/span><\/strong><\/p>\n\n\n\n<p><\/p>\n\n\n\n<p><\/p>\n\n\n\n<h2 class=\"wp-block-heading\"><span style=\"color:#5ca300\" class=\"has-inline-color\">La structure <\/span><\/h2>\n\n\n\n<p>Structure gridshell compos\u00e9e de panneaux perfor\u00e9s. <\/p>\n\n\n\n<figure class=\"wp-block-image size-large\"><img decoding=\"async\" loading=\"lazy\" width=\"1024\" height=\"652\" src=\"http:\/\/sapi.paris-lavillette.archi.fr\/CTID924\/wp-content\/uploads\/2023\/01\/STRUCTRE-1024x652.jpg\" alt=\"\" class=\"wp-image-13537\" srcset=\"https:\/\/sapi.paris-lavillette.archi.fr\/CTID924\/wp-content\/uploads\/2023\/01\/STRUCTRE-1024x652.jpg 1024w, https:\/\/sapi.paris-lavillette.archi.fr\/CTID924\/wp-content\/uploads\/2023\/01\/STRUCTRE-300x191.jpg 300w, https:\/\/sapi.paris-lavillette.archi.fr\/CTID924\/wp-content\/uploads\/2023\/01\/STRUCTRE-768x489.jpg 768w, https:\/\/sapi.paris-lavillette.archi.fr\/CTID924\/wp-content\/uploads\/2023\/01\/STRUCTRE-1536x978.jpg 1536w, https:\/\/sapi.paris-lavillette.archi.fr\/CTID924\/wp-content\/uploads\/2023\/01\/STRUCTRE-2048x1304.jpg 2048w\" sizes=\"(max-width: 1024px) 100vw, 1024px\" \/><figcaption>Image de la structure cr\u00e9\u00e9e sur Revit<\/figcaption><\/figure>\n\n\n\n<p>Une structure gridshell est une structure architecturale qui utilise une combinaison de bois, de m\u00e9tal ou de mat\u00e9riaux composites pour cr\u00e9er une forme en treillis. <\/p>\n\n\n\n<p>La structure est con\u00e7ue pour \u00eatre <strong>l\u00e9g\u00e8re<\/strong> et <strong>auto-portante<\/strong>.<\/p>\n\n\n\n<p>La structures gridshell est construite \u00e0 partir d&rsquo;un treillis en m\u00e9tal qui est form\u00e9 pour cr\u00e9er une forme ondul\u00e9e. Les \u00e9l\u00e9ments de treillis sont ensuite reli\u00e9s entre eux pour cr\u00e9er une structure stable. <\/p>\n\n\n\n<p>Des panneaux  perfor\u00e9s en mat\u00e9riau composite sont utilis\u00e9s pour recouvrir la structure et du verre pour prot\u00e9ger contre les intemp\u00e9ries et pour am\u00e9liorer l&rsquo;isolation.<\/p>\n\n\n\n<p>Les structures gridshell sont souvent utilis\u00e9es pour des projets de <strong>construction \u00e9cologiques <\/strong>car elles sont construites \u00e0 partir de mat\u00e9riaux naturels et sont g\u00e9n\u00e9ralement con\u00e7ues pour \u00eatre <strong>\u00e9co-durables<\/strong>. <\/p>\n\n\n\n<p><\/p>\n\n\n\n<p><\/p>\n\n\n\n<h2 class=\"wp-block-heading\"><span style=\"color:#5ca300\" class=\"has-inline-color\">Conditions climatiques et perspectives d&rsquo;ambiance <\/span><\/h2>\n\n\n\n<p>Les abris de station de tramway sont con\u00e7us pour prot\u00e9ger les passagers des intemp\u00e9ries telles que la pluie, la neige, le vent et le soleil. Cependant, ils ne peuvent pas compl\u00e8tement prot\u00e9ger les passagers contre toutes les conditions climatiques.<\/p>\n\n\n\n<figure class=\"wp-block-image size-large\"><img decoding=\"async\" loading=\"lazy\" width=\"1024\" height=\"576\" src=\"http:\/\/sapi.paris-lavillette.archi.fr\/CTID924\/wp-content\/uploads\/2023\/01\/perspective2-1024x576.jpg\" alt=\"\" class=\"wp-image-13539\" srcset=\"https:\/\/sapi.paris-lavillette.archi.fr\/CTID924\/wp-content\/uploads\/2023\/01\/perspective2-1024x576.jpg 1024w, https:\/\/sapi.paris-lavillette.archi.fr\/CTID924\/wp-content\/uploads\/2023\/01\/perspective2-300x169.jpg 300w, https:\/\/sapi.paris-lavillette.archi.fr\/CTID924\/wp-content\/uploads\/2023\/01\/perspective2-768x432.jpg 768w, https:\/\/sapi.paris-lavillette.archi.fr\/CTID924\/wp-content\/uploads\/2023\/01\/perspective2-1536x864.jpg 1536w, https:\/\/sapi.paris-lavillette.archi.fr\/CTID924\/wp-content\/uploads\/2023\/01\/perspective2.jpg 1920w\" sizes=\"(max-width: 1024px) 100vw, 1024px\" \/><figcaption>Perspective frontale <\/figcaption><\/figure>\n\n\n\n<p>Les abris peuvent prot\u00e9ger les passagers contre la pluie, la neige et le vent, mais ils peuvent ne pas \u00eatre suffisamment isol\u00e9s pour prot\u00e9ger contre le froid ou la chaleur extr\u00eame. <\/p>\n\n\n\n<figure class=\"wp-block-image size-large\"><img decoding=\"async\" loading=\"lazy\" width=\"1024\" height=\"576\" src=\"http:\/\/sapi.paris-lavillette.archi.fr\/CTID924\/wp-content\/uploads\/2023\/01\/perspective-2-1024x576.jpg\" alt=\"\" class=\"wp-image-13541\" srcset=\"https:\/\/sapi.paris-lavillette.archi.fr\/CTID924\/wp-content\/uploads\/2023\/01\/perspective-2-1024x576.jpg 1024w, https:\/\/sapi.paris-lavillette.archi.fr\/CTID924\/wp-content\/uploads\/2023\/01\/perspective-2-300x169.jpg 300w, https:\/\/sapi.paris-lavillette.archi.fr\/CTID924\/wp-content\/uploads\/2023\/01\/perspective-2-768x432.jpg 768w, https:\/\/sapi.paris-lavillette.archi.fr\/CTID924\/wp-content\/uploads\/2023\/01\/perspective-2-1536x864.jpg 1536w, https:\/\/sapi.paris-lavillette.archi.fr\/CTID924\/wp-content\/uploads\/2023\/01\/perspective-2.jpg 1920w\" sizes=\"(max-width: 1024px) 100vw, 1024px\" \/><figcaption>Jeu d&rsquo;ombre et de lumi\u00e8re sous l&rsquo;abris <\/figcaption><\/figure>\n\n\n\n<p>Il est important de noter que les abris de tramway ne sont pas climatis\u00e9s, ils ne prot\u00e8gent pas contre les temp\u00e9ratures \u00e9lev\u00e9es ou basses, ils prot\u00e8gent uniquement contre les intemp\u00e9ries.<\/p>\n\n\n\n<p>Il est donc important de tenir compte des conditions climatiques locales lors de la conception d&rsquo;un abri de station de tramway pour s&rsquo;assurer qu&rsquo;il prot\u00e8ge efficacement les passagers des intemp\u00e9ries courantes dans la r\u00e9gion.<\/p>\n\n\n\n<p>Par ailleurs, apr\u00e8s avoir donner de l&rsquo;\u00e9paisseur \u00e0 la structure, directement dans Rhino, j&rsquo;ai aussi rajout\u00e9 l&rsquo;\u00e9l\u00e9ment surfacique en verre qui va permettre de se prot\u00e9ger des intemp\u00e9ries tout en ayant des quantit\u00e9s importantes de lumi\u00e8re. <\/p>\n\n\n\n<figure class=\"wp-block-image size-large\"><img decoding=\"async\" loading=\"lazy\" width=\"1024\" height=\"576\" src=\"http:\/\/sapi.paris-lavillette.archi.fr\/CTID924\/wp-content\/uploads\/2023\/01\/perspective3-1024x576.jpg\" alt=\"\" class=\"wp-image-13542\" srcset=\"https:\/\/sapi.paris-lavillette.archi.fr\/CTID924\/wp-content\/uploads\/2023\/01\/perspective3-1024x576.jpg 1024w, https:\/\/sapi.paris-lavillette.archi.fr\/CTID924\/wp-content\/uploads\/2023\/01\/perspective3-300x169.jpg 300w, https:\/\/sapi.paris-lavillette.archi.fr\/CTID924\/wp-content\/uploads\/2023\/01\/perspective3-768x432.jpg 768w, https:\/\/sapi.paris-lavillette.archi.fr\/CTID924\/wp-content\/uploads\/2023\/01\/perspective3-1536x864.jpg 1536w, https:\/\/sapi.paris-lavillette.archi.fr\/CTID924\/wp-content\/uploads\/2023\/01\/perspective3.jpg 1920w\" sizes=\"(max-width: 1024px) 100vw, 1024px\" \/><figcaption>Zoom avant sur une partie de l&rsquo;abris <\/figcaption><\/figure>\n\n\n\n<p><\/p>\n","protected":false},"excerpt":{"rendered":"<p>Objectif de conception L&rsquo;id\u00e9e \u00e9tait de cr\u00e9er un abris qui soit une structure qui prot\u00e8ge les passagers des intemp\u00e9ries lorsqu&rsquo;ils attendent le tramway. Il peut inclure des si\u00e8ges, des panneaux d&rsquo;affichage pour les horaires de passage des trams&#8230; Dans le but d&rsquo;obtenir une image harmonieuse du projet, qui soit facilement rep\u00e9rable sur les voies urbaines, l&rsquo;id\u00e9e \u00e9tait aussi de combiner les \u00e9l\u00e9ments de la structure qui peut varier en fonction de la conception et des besoins locaux. Cependant, ils ont g\u00e9n\u00e9ralement les \u00e9l\u00e9ments suivants: Toiture: pour prot\u00e9ger les passagers des intemp\u00e9ries, comme la pluie et le soleil. Murs: pour prot\u00e9ger les passagers des vents forts et pour soutenir la toiture. Plancher: pour donner aux passagers un endroit pour attendre le tramway confortablement. Si\u00e8ges: pour donner aux passagers un endroit pour s&rsquo;asseoir pendant qu&rsquo;ils attendent le tramway. Panneaux d&rsquo;affichage: pour afficher les horaires de passage des trams et d&rsquo;autres informations pertinentes. \u00c9clairage: pour \u00e9clairer la station de nuit ou dans des conditions de faible luminosit\u00e9. Abri: pour prot\u00e9ger des intemp\u00e9ries. Accessibilit\u00e9: pour les personnes \u00e0 mobilit\u00e9 r\u00e9duite. Parti architectural En dessinant le profil en \u00e9l\u00e9vation, l&rsquo;objectif \u00e9tait, en premier lieu, d&rsquo;obtenir une structure qui forme une unit\u00e9 de tout les \u00e9l\u00e9ments [&hellip;]<\/p>\n","protected":false},"author":285,"featured_media":13246,"comment_status":"open","ping_status":"closed","sticky":false,"template":"","format":"standard","meta":{"footnotes":""},"categories":[4],"tags":[],"_links":{"self":[{"href":"https:\/\/sapi.paris-lavillette.archi.fr\/CTID924\/index.php?rest_route=\/wp\/v2\/posts\/13233"}],"collection":[{"href":"https:\/\/sapi.paris-lavillette.archi.fr\/CTID924\/index.php?rest_route=\/wp\/v2\/posts"}],"about":[{"href":"https:\/\/sapi.paris-lavillette.archi.fr\/CTID924\/index.php?rest_route=\/wp\/v2\/types\/post"}],"author":[{"embeddable":true,"href":"https:\/\/sapi.paris-lavillette.archi.fr\/CTID924\/index.php?rest_route=\/wp\/v2\/users\/285"}],"replies":[{"embeddable":true,"href":"https:\/\/sapi.paris-lavillette.archi.fr\/CTID924\/index.php?rest_route=%2Fwp%2Fv2%2Fcomments&post=13233"}],"version-history":[{"count":3,"href":"https:\/\/sapi.paris-lavillette.archi.fr\/CTID924\/index.php?rest_route=\/wp\/v2\/posts\/13233\/revisions"}],"predecessor-version":[{"id":13545,"href":"https:\/\/sapi.paris-lavillette.archi.fr\/CTID924\/index.php?rest_route=\/wp\/v2\/posts\/13233\/revisions\/13545"}],"wp:featuredmedia":[{"embeddable":true,"href":"https:\/\/sapi.paris-lavillette.archi.fr\/CTID924\/index.php?rest_route=\/wp\/v2\/media\/13246"}],"wp:attachment":[{"href":"https:\/\/sapi.paris-lavillette.archi.fr\/CTID924\/index.php?rest_route=%2Fwp%2Fv2%2Fmedia&parent=13233"}],"wp:term":[{"taxonomy":"category","embeddable":true,"href":"https:\/\/sapi.paris-lavillette.archi.fr\/CTID924\/index.php?rest_route=%2Fwp%2Fv2%2Fcategories&post=13233"},{"taxonomy":"post_tag","embeddable":true,"href":"https:\/\/sapi.paris-lavillette.archi.fr\/CTID924\/index.php?rest_route=%2Fwp%2Fv2%2Ftags&post=13233"}],"curies":[{"name":"wp","href":"https:\/\/api.w.org\/{rel}","templated":true}]}}