{"id":13754,"date":"2023-02-08T04:05:36","date_gmt":"2023-02-08T03:05:36","guid":{"rendered":"http:\/\/sapi.paris-lavillette.archi.fr\/CTID924\/?p=13754"},"modified":"2023-09-22T14:40:28","modified_gmt":"2023-09-22T13:40:28","slug":"un-module-reproductible","status":"publish","type":"post","link":"https:\/\/sapi.paris-lavillette.archi.fr\/CTID924\/?p=13754","title":{"rendered":"Un module reproductible"},"content":{"rendered":"\r\n<p>Le projet personnel est en r\u00e9alit\u00e9 une extension d\u2019un des exercices pr\u00e9liminaires propos\u00e9s dans le cours, \u00e0 savoir la conception num\u00e9rique d\u2019un module en terre cuite, d\u2019une taille et d\u2019un poids permettant une manipulation humaine relativement ais\u00e9e, dont la reproduction permettrait des variations permettant une multitude d\u2019ambiances, de mat\u00e9rialit\u00e9, de lumi\u00e8res\u2026 diff\u00e9rentes.\u00a0<\/p>\r\n\r\n\r\n\r\n<p>L\u2019exercice commence donc par la d\u00e9finition de ce module. L\u2019id\u00e9e une brique extrud\u00e9e pr\u00e9sentant un bord relativement ac\u00e9r\u00e9 au centre appara\u00eet au fil des croquis. Elle na\u00eet de la volont\u00e9 de cr\u00e9er une ombre port\u00e9 significative au sein m\u00eame du module seul.\u00a0<\/p>\r\n\r\n\r\n\r\n<p>Mat\u00e9rialit\u00e9. Le module est en terre cuite, coul\u00e9e dans un moule (cf. Volet fabrication et mise en oeuvre), devrait pr\u00e9senter une couleur ocre (mais non d\u00e9finie), et une finition non lisse. \u00a0<\/p>\r\n\r\n\r\n\r\n<figure class=\"wp-block-image size-large\"><img decoding=\"async\" loading=\"lazy\" width=\"1024\" height=\"769\" class=\"wp-image-13755\" src=\"http:\/\/sapi.paris-lavillette.archi.fr\/CTID924\/wp-content\/uploads\/2023\/02\/Capture-decran-2023-02-08-a-11.49.17-1024x769.png\" alt=\"\" srcset=\"https:\/\/sapi.paris-lavillette.archi.fr\/CTID924\/wp-content\/uploads\/2023\/02\/Capture-decran-2023-02-08-a-11.49.17-1024x769.png 1024w, https:\/\/sapi.paris-lavillette.archi.fr\/CTID924\/wp-content\/uploads\/2023\/02\/Capture-decran-2023-02-08-a-11.49.17-300x225.png 300w, https:\/\/sapi.paris-lavillette.archi.fr\/CTID924\/wp-content\/uploads\/2023\/02\/Capture-decran-2023-02-08-a-11.49.17-768x577.png 768w, https:\/\/sapi.paris-lavillette.archi.fr\/CTID924\/wp-content\/uploads\/2023\/02\/Capture-decran-2023-02-08-a-11.49.17-1536x1154.png 1536w, https:\/\/sapi.paris-lavillette.archi.fr\/CTID924\/wp-content\/uploads\/2023\/02\/Capture-decran-2023-02-08-a-11.49.17-2048x1538.png 2048w\" sizes=\"(max-width: 1024px) 100vw, 1024px\" \/><\/figure>\r\n\r\n\r\n\r\n<p>L\u2019exercice commence donc par la mod\u00e9lisation de diff\u00e9rentes versions de ce module. Chacune est ensuite reproduite avec une matrice Rhino selon un plan vertical, pour donner un premier aper\u00e7u du r\u00e9sultat lumineux de la multiplication. A ce stade, l\u2019objet reproduit pourrait devenir une protection solaire efficace, agissant comme un brise-soleil et pr\u00e9sentant \u00e9galement une capacit\u00e9 \u00e0 filtrer la vue. Je ne peux regarder les r\u00e9sultats de ces tests sans penser \u00e0 la mosqu\u00e9e Bait-ur-Ruf.<\/p>\r\n\r\n\r\n\r\n<p><em>Diff\u00e9rents tests lumineux :<\/em> \u00a0 \u00a0 \u00a0<\/p>\r\n\r\n\r\n\r\n<figure class=\"wp-block-image size-large\"><img decoding=\"async\" loading=\"lazy\" width=\"1024\" height=\"797\" class=\"wp-image-13756\" src=\"http:\/\/sapi.paris-lavillette.archi.fr\/CTID924\/wp-content\/uploads\/2023\/02\/Capture-decran-2023-02-08-a-11.49.27-1024x797.png\" alt=\"\" srcset=\"https:\/\/sapi.paris-lavillette.archi.fr\/CTID924\/wp-content\/uploads\/2023\/02\/Capture-decran-2023-02-08-a-11.49.27-1024x797.png 1024w, https:\/\/sapi.paris-lavillette.archi.fr\/CTID924\/wp-content\/uploads\/2023\/02\/Capture-decran-2023-02-08-a-11.49.27-300x233.png 300w, https:\/\/sapi.paris-lavillette.archi.fr\/CTID924\/wp-content\/uploads\/2023\/02\/Capture-decran-2023-02-08-a-11.49.27-768x598.png 768w, https:\/\/sapi.paris-lavillette.archi.fr\/CTID924\/wp-content\/uploads\/2023\/02\/Capture-decran-2023-02-08-a-11.49.27.png 1226w\" sizes=\"(max-width: 1024px) 100vw, 1024px\" \/><\/figure>\r\n\r\n\r\n\r\n<p><em>La Mosqu\u00e9e Bait-Ur-Ruf (Dhaka, Bangladesh) : Marina Tabassum Arch. : \u00a0<\/em><\/p>\r\n\r\n\r\n\r\n<figure class=\"wp-block-image size-large\"><img decoding=\"async\" loading=\"lazy\" width=\"1024\" height=\"648\" class=\"wp-image-13757\" src=\"http:\/\/sapi.paris-lavillette.archi.fr\/CTID924\/wp-content\/uploads\/2023\/02\/Capture-decran-2023-02-08-a-11.49.34-1024x648.png\" alt=\"\" srcset=\"https:\/\/sapi.paris-lavillette.archi.fr\/CTID924\/wp-content\/uploads\/2023\/02\/Capture-decran-2023-02-08-a-11.49.34-1024x648.png 1024w, https:\/\/sapi.paris-lavillette.archi.fr\/CTID924\/wp-content\/uploads\/2023\/02\/Capture-decran-2023-02-08-a-11.49.34-300x190.png 300w, https:\/\/sapi.paris-lavillette.archi.fr\/CTID924\/wp-content\/uploads\/2023\/02\/Capture-decran-2023-02-08-a-11.49.34-768x486.png 768w, https:\/\/sapi.paris-lavillette.archi.fr\/CTID924\/wp-content\/uploads\/2023\/02\/Capture-decran-2023-02-08-a-11.49.34.png 1118w\" sizes=\"(max-width: 1024px) 100vw, 1024px\" \/><\/figure>\r\n\r\n\r\n\r\n<p>La multiplication par rhino, en demandant une manipulation sp\u00e9cifique pour chaque cas, permet de \u00ab\u00a0tester\u00a0\u00bb diff\u00e9rentes situation, sous certaines conditions lumineuses. Les tests sont concluants mais pourraient \u00eatre am\u00e9lior\u00e9s dans leur processus.\u00a0<\/p>\r\n\r\n\r\n\r\n<p><em>L\u2019int\u00e9r\u00eat du param\u00e9trique.<\/em>\u00a0<\/p>\r\n\r\n\r\n\r\n<figure class=\"wp-block-image size-large\"><img decoding=\"async\" loading=\"lazy\" width=\"870\" height=\"1024\" class=\"wp-image-13758\" src=\"http:\/\/sapi.paris-lavillette.archi.fr\/CTID924\/wp-content\/uploads\/2023\/02\/Capture-decran-2023-02-08-a-11.49.41-870x1024.png\" alt=\"\" srcset=\"https:\/\/sapi.paris-lavillette.archi.fr\/CTID924\/wp-content\/uploads\/2023\/02\/Capture-decran-2023-02-08-a-11.49.41-870x1024.png 870w, https:\/\/sapi.paris-lavillette.archi.fr\/CTID924\/wp-content\/uploads\/2023\/02\/Capture-decran-2023-02-08-a-11.49.41-255x300.png 255w, https:\/\/sapi.paris-lavillette.archi.fr\/CTID924\/wp-content\/uploads\/2023\/02\/Capture-decran-2023-02-08-a-11.49.41-768x904.png 768w, https:\/\/sapi.paris-lavillette.archi.fr\/CTID924\/wp-content\/uploads\/2023\/02\/Capture-decran-2023-02-08-a-11.49.41.png 986w\" sizes=\"(max-width: 870px) 100vw, 870px\" \/><\/figure>\r\n\r\n\r\n\r\n<p>La solution param\u00e9trique est envisag\u00e9e \u00e0 deux \u00e9chelle. Premi\u00e8rement, dans l\u2019objectif d\u2019avoir un contr\u00f4le dynamique sur le module. L\u2019algorithme grasshooper con\u00e7u pour l\u2019occasion utilise les valeurs d\u2019entr\u00e9es (r\u00e9glables \u00e0 souhait) suivantes :\u00a0<\/p>\r\n\r\n\r\n\r\n<p>Hauteur, longueur et largeur totale du module : c\u2019est le contr\u00f4le de l\u2019encombrement<\/p>\r\n\r\n\r\n\r\n<p>Hauteurs diff\u00e9renci\u00e9es de la base et de l\u2019\u00e2me : c\u2019est le contr\u00f4le des proportions \u00a0<\/p>\r\n\r\n\r\n\r\n<p><em>Diff\u00e9rentes possibilit\u00e9s permises par le module. On note la cr\u00e9ation d\u2019une \u00ab\u00a0t\u00e9l\u00e9commande\u00a0\u00bb directement accessible depuis les propri\u00e9t\u00e9s du logiciel (Ici Rhino7)<\/em><\/p>\r\n\r\n\r\n\r\n<figure class=\"wp-block-image size-large\"><img decoding=\"async\" loading=\"lazy\" width=\"1024\" height=\"761\" class=\"wp-image-13759\" src=\"http:\/\/sapi.paris-lavillette.archi.fr\/CTID924\/wp-content\/uploads\/2023\/02\/Capture-decran-2023-01-15-a-22.17.41-1024x761.png\" alt=\"\" srcset=\"https:\/\/sapi.paris-lavillette.archi.fr\/CTID924\/wp-content\/uploads\/2023\/02\/Capture-decran-2023-01-15-a-22.17.41-1024x761.png 1024w, https:\/\/sapi.paris-lavillette.archi.fr\/CTID924\/wp-content\/uploads\/2023\/02\/Capture-decran-2023-01-15-a-22.17.41-300x223.png 300w, https:\/\/sapi.paris-lavillette.archi.fr\/CTID924\/wp-content\/uploads\/2023\/02\/Capture-decran-2023-01-15-a-22.17.41-768x571.png 768w, https:\/\/sapi.paris-lavillette.archi.fr\/CTID924\/wp-content\/uploads\/2023\/02\/Capture-decran-2023-01-15-a-22.17.41-1536x1142.png 1536w, https:\/\/sapi.paris-lavillette.archi.fr\/CTID924\/wp-content\/uploads\/2023\/02\/Capture-decran-2023-01-15-a-22.17.41-2048x1523.png 2048w\" sizes=\"(max-width: 1024px) 100vw, 1024px\" \/><\/figure>\r\n\r\n\r\n\r\n<p>Le programme grasshooper. On voit les variables d\u2019entr\u00e9es, et leur incidence. Ici, les donn\u00e9es entr\u00e9es commandent les coordonn\u00e9es, et la donc la morphologie de surfaces de base (horizontales). Les blocs Srft de droite cr\u00e9ent les faces du prisme \u00e0 partir des coordonn\u00e9es des points.\u00a0<\/p>\r\n\r\n\r\n\r\n<p>Un blocage l\u00e9ger a suivi cette \u00e9tape. Le module contr\u00f4lable, j\u2019avais l\u2019ambition de permettre au module grasshooper de mod\u00e9liser les matrices utilis\u00e9es dans Rhino (polaires, lin\u00e9aires\u2026) pour obtenir des situations de multiplications diff\u00e9rentes, ainsi que la rotation de l\u2019unit\u00e9 elle-m\u00eame. En bref, cr\u00e9er une fa\u00e7ade param\u00e9trique pouvant produire diff\u00e9rents effets visuels, mais surtout fournissant des variation permettant l\u2019adaptation \u00e0 des conditions solaires diff\u00e9rentes.\u00a0<\/p>\r\n\r\n\r\n\r\n<p>Or, GrassHooper, contrairement \u00e0 d\u2019autres logiciels de programmation graphique par bo\u00eete, ne permet pas la r\u00e9alisation de boucles, \u00e9l\u00e9ment pourtant indispensable, hormis par une manipulation complexe que je n\u2019ai pas r\u00e9ussi \u00e0 reproduire malgr\u00e9 le tutoriel. Matlab, par exemple, le permet.\u00a0<\/p>\r\n\r\n\r\n\r\n<p>Finalement, apr\u00e8s des essais infructueux et l\u2019aide de mes professeurs, j\u2019ai d\u00e9couvert la fonction merge, qui permet de rassembler diff\u00e9rents \u00e9l\u00e9ments. J\u2019avais donc besoin de moins de matrices, ce qui me dispensait de boucler. J\u2019ai finalement pu obtenir des r\u00e9sultats concluants de multiplication.<\/p>\r\n\r\n\r\n\r\n<p>Images multiplication\u00a0<\/p>\r\n\r\n\r\n\r\n<figure class=\"wp-block-image size-large\"><img decoding=\"async\" loading=\"lazy\" width=\"1024\" height=\"753\" class=\"wp-image-13763\" src=\"http:\/\/sapi.paris-lavillette.archi.fr\/CTID924\/wp-content\/uploads\/2023\/02\/Capture-decran-2023-02-08-a-12.00.59-1024x753.png\" alt=\"\" srcset=\"https:\/\/sapi.paris-lavillette.archi.fr\/CTID924\/wp-content\/uploads\/2023\/02\/Capture-decran-2023-02-08-a-12.00.59-1024x753.png 1024w, https:\/\/sapi.paris-lavillette.archi.fr\/CTID924\/wp-content\/uploads\/2023\/02\/Capture-decran-2023-02-08-a-12.00.59-300x220.png 300w, https:\/\/sapi.paris-lavillette.archi.fr\/CTID924\/wp-content\/uploads\/2023\/02\/Capture-decran-2023-02-08-a-12.00.59-768x564.png 768w, https:\/\/sapi.paris-lavillette.archi.fr\/CTID924\/wp-content\/uploads\/2023\/02\/Capture-decran-2023-02-08-a-12.00.59-1536x1129.png 1536w, https:\/\/sapi.paris-lavillette.archi.fr\/CTID924\/wp-content\/uploads\/2023\/02\/Capture-decran-2023-02-08-a-12.00.59.png 1818w\" sizes=\"(max-width: 1024px) 100vw, 1024px\" \/><\/figure>\r\n\r\n\r\n\r\n<figure class=\"wp-block-image size-large\"><img decoding=\"async\" loading=\"lazy\" width=\"1024\" height=\"601\" class=\"wp-image-13764\" src=\"http:\/\/sapi.paris-lavillette.archi.fr\/CTID924\/wp-content\/uploads\/2023\/02\/Capture-decran-2023-02-08-a-12.03.09-1024x601.png\" alt=\"\" srcset=\"https:\/\/sapi.paris-lavillette.archi.fr\/CTID924\/wp-content\/uploads\/2023\/02\/Capture-decran-2023-02-08-a-12.03.09-1024x601.png 1024w, https:\/\/sapi.paris-lavillette.archi.fr\/CTID924\/wp-content\/uploads\/2023\/02\/Capture-decran-2023-02-08-a-12.03.09-300x176.png 300w, https:\/\/sapi.paris-lavillette.archi.fr\/CTID924\/wp-content\/uploads\/2023\/02\/Capture-decran-2023-02-08-a-12.03.09-768x451.png 768w, https:\/\/sapi.paris-lavillette.archi.fr\/CTID924\/wp-content\/uploads\/2023\/02\/Capture-decran-2023-02-08-a-12.03.09-1536x901.png 1536w, https:\/\/sapi.paris-lavillette.archi.fr\/CTID924\/wp-content\/uploads\/2023\/02\/Capture-decran-2023-02-08-a-12.03.09-2048x1201.png 2048w\" sizes=\"(max-width: 1024px) 100vw, 1024px\" \/><\/figure>\r\n\r\n\r\n\r\n<p>Retour au module.\u00a0<\/p>\r\n\r\n\r\n\r\n<p>Dans un second temps, l\u2019observation des possibilit\u00e9s du mod\u00e8le param\u00e9trique m\u2019a pouss\u00e9 \u00e0 revenir en arri\u00e8re, sur le syst\u00e8me d\u2019assemblage propre du module. En effet, la matrice en trois dimensions de \u00ab\u00a0r\u00e9fl\u00e9chit\u00a0\u00bb pas, elle ex\u00e9cute, et donc, en pilotant une rotation de l\u2019\u00e9l\u00e9ment, il arrive des conflits. N\u00e9cessit\u00e9 apparut donc de modifier le module pour qu\u2019il admette des assemblages plus vari\u00e9s. Pour cela, j\u2019ai d\u00e9cid\u00e9 de le retravailler sur Rhino, la mod\u00e9lisation param\u00e9trique de tout cela \u00e9tant trop complexe.\u00a0<\/p>\r\n\r\n\r\n\r\n<p>Le nouveau mod\u00e8le imagin\u00e9 pr\u00e9sente sur ses bases des extrusions concaves et convexes, qui faciliteront la mise en oeuvre de plusieurs modules successifs. Ces modifications accroissent la tol\u00e9rance \u00e0 l\u2019assemblage notamment pour les assemblages en courbe. Sur le dessus et le dessous, on imagine une cavit\u00e9 permettant la prise d\u2019un mortier.\u00a0 \u00a0<\/p>\r\n\r\n\r\n\r\n<p><em>Le nouveau module et les diff\u00e9rentes variations d\u2019assemblage qu\u2019il propose<\/em><\/p>\r\n\r\n\r\n\r\n<p>Mise en oeuvre<\/p>\r\n\r\n\r\n\r\n<figure class=\"wp-block-image size-large\"><img decoding=\"async\" loading=\"lazy\" width=\"976\" height=\"1024\" class=\"wp-image-13760\" src=\"http:\/\/sapi.paris-lavillette.archi.fr\/CTID924\/wp-content\/uploads\/2023\/02\/Capture-decran-2023-02-08-a-11.49.55-976x1024.png\" alt=\"\" srcset=\"https:\/\/sapi.paris-lavillette.archi.fr\/CTID924\/wp-content\/uploads\/2023\/02\/Capture-decran-2023-02-08-a-11.49.55-976x1024.png 976w, https:\/\/sapi.paris-lavillette.archi.fr\/CTID924\/wp-content\/uploads\/2023\/02\/Capture-decran-2023-02-08-a-11.49.55-286x300.png 286w, https:\/\/sapi.paris-lavillette.archi.fr\/CTID924\/wp-content\/uploads\/2023\/02\/Capture-decran-2023-02-08-a-11.49.55-768x806.png 768w, https:\/\/sapi.paris-lavillette.archi.fr\/CTID924\/wp-content\/uploads\/2023\/02\/Capture-decran-2023-02-08-a-11.49.55.png 1254w\" sizes=\"(max-width: 976px) 100vw, 976px\" \/><\/figure>\r\n\r\n\r\n\r\n<p>On imagine, pour la mise en oeuvre, que le module est en terre cuite, \u00e9maill\u00e9e ou non, et que la paroi est constitu\u00e9e d\u2019un maillage horizontal m\u00e9tallique, dans lequel viennent s\u2019intercaler les \u00e9l\u00e9ments, li\u00e9s entre eux et \u00e0 la structure par un mortier. Cette mise en oeuvre pr\u00e9sente l\u2019avantage de pouvoir \u00eatre ex\u00e9cut\u00e9e par une seule personne et de pr\u00e9senter une r\u00e9sistance aux chocs et aux \u00e9l\u00e9ments, ainsi que d\u2019accepter le remplacement de certains \u00e9l\u00e9ments ab\u00eem\u00e9s m\u00eame apr\u00e8s l\u2019installation.<\/p>\r\n\r\n\r\n\r\n<figure class=\"wp-block-image size-large\"><img decoding=\"async\" loading=\"lazy\" width=\"1024\" height=\"322\" class=\"wp-image-13761\" src=\"http:\/\/sapi.paris-lavillette.archi.fr\/CTID924\/wp-content\/uploads\/2023\/02\/Capture-decran-2023-02-08-a-11.50.00-1024x322.png\" alt=\"\" srcset=\"https:\/\/sapi.paris-lavillette.archi.fr\/CTID924\/wp-content\/uploads\/2023\/02\/Capture-decran-2023-02-08-a-11.50.00-1024x322.png 1024w, https:\/\/sapi.paris-lavillette.archi.fr\/CTID924\/wp-content\/uploads\/2023\/02\/Capture-decran-2023-02-08-a-11.50.00-300x94.png 300w, https:\/\/sapi.paris-lavillette.archi.fr\/CTID924\/wp-content\/uploads\/2023\/02\/Capture-decran-2023-02-08-a-11.50.00-768x241.png 768w, https:\/\/sapi.paris-lavillette.archi.fr\/CTID924\/wp-content\/uploads\/2023\/02\/Capture-decran-2023-02-08-a-11.50.00.png 1234w\" sizes=\"(max-width: 1024px) 100vw, 1024px\" \/><\/figure>\r\n\r\n\r\n\r\n<p>Maquette\u00a0<\/p>\r\n\r\n\r\n\r\n<p>La phase de prototype commence par la mod\u00e9lisation rapide d\u2019un moule, par subdivison puis soustraction bool\u00e9enne sur Rhino. Les \u00ab\u00a0tranches\u00a0\u00bb de moule ainsi obtenues sont d\u00e9coup\u00e9es au laser et assembl\u00e9es entre elles. Les deux faces du moule sont maintenues, puis le tout est rempli en pl\u00e2tre.\u00a0<\/p>\r\n\r\n\r\n\r\n<figure class=\"wp-block-image size-large\"><img decoding=\"async\" loading=\"lazy\" width=\"1024\" height=\"604\" class=\"wp-image-13762\" src=\"http:\/\/sapi.paris-lavillette.archi.fr\/CTID924\/wp-content\/uploads\/2023\/02\/Capture-decran-2023-02-08-a-11.50.06-1024x604.png\" alt=\"\" srcset=\"https:\/\/sapi.paris-lavillette.archi.fr\/CTID924\/wp-content\/uploads\/2023\/02\/Capture-decran-2023-02-08-a-11.50.06-1024x604.png 1024w, https:\/\/sapi.paris-lavillette.archi.fr\/CTID924\/wp-content\/uploads\/2023\/02\/Capture-decran-2023-02-08-a-11.50.06-300x177.png 300w, https:\/\/sapi.paris-lavillette.archi.fr\/CTID924\/wp-content\/uploads\/2023\/02\/Capture-decran-2023-02-08-a-11.50.06-768x453.png 768w, https:\/\/sapi.paris-lavillette.archi.fr\/CTID924\/wp-content\/uploads\/2023\/02\/Capture-decran-2023-02-08-a-11.50.06.png 1244w\" sizes=\"(max-width: 1024px) 100vw, 1024px\" \/><\/figure>\r\n\r\n\r\n\r\n<p>Malheureusement, le r\u00e9sultat ne fut pas celui escompt\u00e9. L\u2019\u00e9chelle choisie (1\/2) rend l\u2019\u00e2me trop fragile, et le pl\u00e2tre s\u2019est cass\u00e9. L\u2019exp\u00e9rience sera r\u00e9it\u00e9r\u00e9e avec un moule \u00e0 4 divisions (d\u00e9moulage moins brutal) et une \u00e9chelle plus grande.\u00a0 \u00a0<\/p>\r\n","protected":false},"excerpt":{"rendered":"<p>Le projet personnel est en r\u00e9alit\u00e9 une extension d\u2019un des exercices pr\u00e9liminaires propos\u00e9s dans le cours, \u00e0 savoir la conception num\u00e9rique d\u2019un module en terre cuite, d\u2019une taille et d\u2019un poids permettant une manipulation humaine relativement ais\u00e9e, dont la reproduction permettrait des variations permettant une multitude d\u2019ambiances, de mat\u00e9rialit\u00e9, de lumi\u00e8res\u2026 diff\u00e9rentes.\u00a0 L\u2019exercice commence donc par la d\u00e9finition de ce module. L\u2019id\u00e9e une brique extrud\u00e9e pr\u00e9sentant un bord relativement ac\u00e9r\u00e9 au centre appara\u00eet au fil des croquis. Elle na\u00eet de la volont\u00e9 de cr\u00e9er une ombre port\u00e9 significative au sein m\u00eame du module seul.\u00a0 Mat\u00e9rialit\u00e9. Le module est en terre cuite, coul\u00e9e dans un moule (cf. Volet fabrication et mise en oeuvre), devrait pr\u00e9senter une couleur ocre (mais non d\u00e9finie), et une finition non lisse. \u00a0 L\u2019exercice commence donc par la mod\u00e9lisation de diff\u00e9rentes versions de ce module. Chacune est ensuite reproduite avec une matrice Rhino selon un plan vertical, pour donner un premier aper\u00e7u du r\u00e9sultat lumineux de la multiplication. A ce stade, l\u2019objet reproduit pourrait devenir une protection solaire efficace, agissant comme un brise-soleil et pr\u00e9sentant \u00e9galement une capacit\u00e9 \u00e0 filtrer la vue. Je ne peux regarder les r\u00e9sultats de ces tests sans penser \u00e0 la mosqu\u00e9e Bait-ur-Ruf. [&hellip;]<\/p>\n","protected":false},"author":289,"featured_media":13756,"comment_status":"open","ping_status":"closed","sticky":false,"template":"","format":"standard","meta":{"footnotes":""},"categories":[4],"tags":[],"_links":{"self":[{"href":"https:\/\/sapi.paris-lavillette.archi.fr\/CTID924\/index.php?rest_route=\/wp\/v2\/posts\/13754"}],"collection":[{"href":"https:\/\/sapi.paris-lavillette.archi.fr\/CTID924\/index.php?rest_route=\/wp\/v2\/posts"}],"about":[{"href":"https:\/\/sapi.paris-lavillette.archi.fr\/CTID924\/index.php?rest_route=\/wp\/v2\/types\/post"}],"author":[{"embeddable":true,"href":"https:\/\/sapi.paris-lavillette.archi.fr\/CTID924\/index.php?rest_route=\/wp\/v2\/users\/289"}],"replies":[{"embeddable":true,"href":"https:\/\/sapi.paris-lavillette.archi.fr\/CTID924\/index.php?rest_route=%2Fwp%2Fv2%2Fcomments&post=13754"}],"version-history":[{"count":2,"href":"https:\/\/sapi.paris-lavillette.archi.fr\/CTID924\/index.php?rest_route=\/wp\/v2\/posts\/13754\/revisions"}],"predecessor-version":[{"id":13784,"href":"https:\/\/sapi.paris-lavillette.archi.fr\/CTID924\/index.php?rest_route=\/wp\/v2\/posts\/13754\/revisions\/13784"}],"wp:featuredmedia":[{"embeddable":true,"href":"https:\/\/sapi.paris-lavillette.archi.fr\/CTID924\/index.php?rest_route=\/wp\/v2\/media\/13756"}],"wp:attachment":[{"href":"https:\/\/sapi.paris-lavillette.archi.fr\/CTID924\/index.php?rest_route=%2Fwp%2Fv2%2Fmedia&parent=13754"}],"wp:term":[{"taxonomy":"category","embeddable":true,"href":"https:\/\/sapi.paris-lavillette.archi.fr\/CTID924\/index.php?rest_route=%2Fwp%2Fv2%2Fcategories&post=13754"},{"taxonomy":"post_tag","embeddable":true,"href":"https:\/\/sapi.paris-lavillette.archi.fr\/CTID924\/index.php?rest_route=%2Fwp%2Fv2%2Ftags&post=13754"}],"curies":[{"name":"wp","href":"https:\/\/api.w.org\/{rel}","templated":true}]}}