{"id":14027,"date":"2023-11-11T12:10:53","date_gmt":"2023-11-11T11:10:53","guid":{"rendered":"http:\/\/sapi.paris-lavillette.archi.fr\/CTID924\/?p=14027"},"modified":"2023-11-12T09:00:17","modified_gmt":"2023-11-12T08:00:17","slug":"pavilion-of-floating-lights-coree-du-sud","status":"publish","type":"post","link":"https:\/\/sapi.paris-lavillette.archi.fr\/CTID924\/?p=14027","title":{"rendered":"Pavilion of Floating Lights, JK-AR \/ Cor\u00e9e du Sud"},"content":{"rendered":"<h1><\/h1>\n<div id=\"attachment_14036\" style=\"width: 620px\" class=\"wp-caption aligncenter\"><img aria-describedby=\"caption-attachment-14036\" decoding=\"async\" loading=\"lazy\" class=\"wp-image-14036 size-large\" src=\"http:\/\/sapi.paris-lavillette.archi.fr\/CTID924\/wp-content\/uploads\/2023\/11\/JKARjinjupavilion-41web-1024x471.jpg\" alt=\"\" width=\"610\" height=\"281\" srcset=\"https:\/\/sapi.paris-lavillette.archi.fr\/CTID924\/wp-content\/uploads\/2023\/11\/JKARjinjupavilion-41web-1024x471.jpg 1024w, https:\/\/sapi.paris-lavillette.archi.fr\/CTID924\/wp-content\/uploads\/2023\/11\/JKARjinjupavilion-41web-300x138.jpg 300w, https:\/\/sapi.paris-lavillette.archi.fr\/CTID924\/wp-content\/uploads\/2023\/11\/JKARjinjupavilion-41web-768x353.jpg 768w, https:\/\/sapi.paris-lavillette.archi.fr\/CTID924\/wp-content\/uploads\/2023\/11\/JKARjinjupavilion-41web-1536x707.jpg 1536w, https:\/\/sapi.paris-lavillette.archi.fr\/CTID924\/wp-content\/uploads\/2023\/11\/JKARjinjupavilion-41web.jpg 1600w\" sizes=\"(max-width: 610px) 100vw, 610px\" \/><p id=\"caption-attachment-14036\" class=\"wp-caption-text\">Fa\u00e7ade du pavillon \u00a9JK-AR<\/p><\/div>\n<h4>D\u00e9tails du projet<\/h4>\n<p>Architectes : JK-AR<br \/>\nDate de r\u00e9alisation : 2022<br \/>\nVille \/ Pays : Jinju \/ Cor\u00e9e du Sud<br \/>\nDimensions : 110 m2<\/p>\n<h3>Pr\u00e9sentation<\/h3>\n<p>Ce pavillon a \u00e9t\u00e9 pens\u00e9 par l&rsquo;architecte pour tenter de remettre au go\u00fbt du jour l&rsquo;architecture en bois. Ce savoir-faire s&rsquo;est transmis de g\u00e9n\u00e9ration en g\u00e9n\u00e9ration depuis des si\u00e8cles, mais tend \u00e0 dispara\u00eetre peu \u00e0 peu face aux besoins du monde \u00ab\u00a0moderne\u00a0\u00bb. Les assemblages bois sont au coeur de la charpenterie traditionnelle cor\u00e9enne est d\u00e9montre d&rsquo;un savoir-faire mill\u00e9naire. Ce projet est compos\u00e9 de six arbres en assemblage bois de contreplaqu\u00e9 et rend hommage au six piliers de la fa\u00e7ade du Chokseok-ru datant de 1365, un symbole pour la ville.<\/p>\n<div id=\"attachment_14030\" style=\"width: 551px\" class=\"wp-caption aligncenter\"><img aria-describedby=\"caption-attachment-14030\" decoding=\"async\" loading=\"lazy\" class=\"wp-image-14030 size-full\" src=\"http:\/\/sapi.paris-lavillette.archi.fr\/CTID924\/wp-content\/uploads\/2023\/11\/Chokseok-ru.jpeg\" alt=\"\" width=\"541\" height=\"360\" srcset=\"https:\/\/sapi.paris-lavillette.archi.fr\/CTID924\/wp-content\/uploads\/2023\/11\/Chokseok-ru.jpeg 541w, https:\/\/sapi.paris-lavillette.archi.fr\/CTID924\/wp-content\/uploads\/2023\/11\/Chokseok-ru-300x200.jpeg 300w\" sizes=\"(max-width: 541px) 100vw, 541px\" \/><p id=\"caption-attachment-14030\" class=\"wp-caption-text\">Les six piliers de la fa\u00e7ade du Chokseok-ru \u00a9AbodeStock<\/p><\/div>\n<h3>Conception<\/h3>\n<p>Le projet a \u00e9t\u00e9 con\u00e7u pour red\u00e9finir ce qu&rsquo;est un \u00ab\u00a0-ru\u00a0\u00bb. \u00c0 l&rsquo;origine, un -\u00ab\u00a0ru\u00a0\u00bb est un b\u00e2timent, pavillon, sur\u00e9lev\u00e9 qui offre des vues sur le paysage pour des \u00e9v\u00e9nements priv\u00e9s, mais aussi pour des usages militaires. Ici, l&rsquo;architecte tente de red\u00e9finir la fonction premi\u00e8re du lieu en lui conf\u00e9rant un aspect public. Le projet est situ\u00e9 sur les berges de la rivi\u00e8re Nam, t\u00e9moin de l&rsquo;Histoire de la ville. Le Festival des Lumi\u00e8res Flottantes est un \u00e9v\u00e9nement majeur de Jinju. Ce pavillon a \u00e9t\u00e9 con\u00e7u pour offrir un des vues privil\u00e9gi\u00e9es aux passants durant le festival, ainsi que tout au long de l&rsquo;ann\u00e9e. Avant l&rsquo;urbanisation massive de la ville les berges \u00e9taient recouvertes de for\u00eat de bambous. L&rsquo;architecte voulait refaire d\u00e9ambuler le passant \u00e0 travers une for\u00eat tout en offrant de magnifiques vues sur le paysage environnant. Ceci explique pourquoi la structure a une forme d&rsquo;arbre.<\/p>\n<div id=\"attachment_14035\" style=\"width: 620px\" class=\"wp-caption aligncenter\"><img aria-describedby=\"caption-attachment-14035\" decoding=\"async\" loading=\"lazy\" class=\"wp-image-14035 size-large\" src=\"http:\/\/sapi.paris-lavillette.archi.fr\/CTID924\/wp-content\/uploads\/2023\/11\/JKARjinjupavilion-51web-1024x819.jpg\" alt=\"\" width=\"610\" height=\"488\" srcset=\"https:\/\/sapi.paris-lavillette.archi.fr\/CTID924\/wp-content\/uploads\/2023\/11\/JKARjinjupavilion-51web-1024x819.jpg 1024w, https:\/\/sapi.paris-lavillette.archi.fr\/CTID924\/wp-content\/uploads\/2023\/11\/JKARjinjupavilion-51web-300x240.jpg 300w, https:\/\/sapi.paris-lavillette.archi.fr\/CTID924\/wp-content\/uploads\/2023\/11\/JKARjinjupavilion-51web-768x614.jpg 768w, https:\/\/sapi.paris-lavillette.archi.fr\/CTID924\/wp-content\/uploads\/2023\/11\/JKARjinjupavilion-51web-1536x1229.jpg 1536w, https:\/\/sapi.paris-lavillette.archi.fr\/CTID924\/wp-content\/uploads\/2023\/11\/JKARjinjupavilion-51web.jpg 1600w\" sizes=\"(max-width: 610px) 100vw, 610px\" \/><p id=\"caption-attachment-14035\" class=\"wp-caption-text\">Vue sur le paysage depuis l&rsquo;int\u00e9rieur \u00a9JK-AR<\/p><\/div>\n<h3>R\u00e9alisation<\/h3>\n<p style=\"text-align: left;\">Les objectifs du projet \u00e9taient de recr\u00e9er l&rsquo;ambiance d&rsquo;une for\u00eat tout en changeant la symbolique des \u00ab\u00a0-ru\u00a0\u00bb et d&rsquo;utiliser la tradition constructive cor\u00e9enne. Pour cela, l&rsquo;architecte a fait appel aux outils param\u00e9triques pour optimiser la conception et la production du pavillon. La mod\u00e9lisation des pi\u00e8ces s&rsquo;est faite sur Rhino et Grasshopper. Puis, chacune de ces pi\u00e8ces ont \u00e9t\u00e9 d\u00e9coup\u00e9s \u00e0 la fraiseuse CNC et ont \u00e9t\u00e9 assembl\u00e9 en utilisant la r\u00e9alit\u00e9 augment\u00e9e afin de faciliter l&rsquo;assemblage.<\/p>\n<p style=\"text-align: left;\">Tout d&rsquo;abord, il est important de noter que malgr\u00e9 ce que l&rsquo;on pourrait croire en observant les photos, les arbres en contreplaqu\u00e9 ne reprennent pas toutes les forces de la toiture. En effet, la construction s&rsquo;est faite en plusieurs \u00e9tapes. Une plateforme en b\u00e9ton sur\u00e9lev\u00e9e du sol \u00e0 d&rsquo;abord \u00e9tait construite avec un mur en partie arri\u00e8re du b\u00e2timent. Ce dernier devant reprendre une partie des charges de la charpente. Des \u00e9tais ont \u00e9t\u00e9 utilis\u00e9s pour soutenir la charpente durant sa construction puis les arbres ont \u00e9t\u00e9 assembl\u00e9s. Paradoxalement, apr\u00e8s le visionnage de vid\u00e9os du chantier, il semble que les arbres aient commenc\u00e9 par \u00eatre assembl\u00e9s de haut puis vers le bas. Une fois les arbres assembl\u00e9s, les \u00e9tais sont retir\u00e9s. La toiture d\u00e9passe en porte-\u00e0-faux venant cr\u00e9er un effet de l\u00e9g\u00e8ret\u00e9 assez efficace, le vitrage \u00e9tant en retrait.<\/p>\n<div id=\"attachment_14040\" style=\"width: 620px\" class=\"wp-caption aligncenter\"><img aria-describedby=\"caption-attachment-14040\" decoding=\"async\" loading=\"lazy\" class=\"wp-image-14040 size-large\" src=\"http:\/\/sapi.paris-lavillette.archi.fr\/CTID924\/wp-content\/uploads\/2023\/11\/3jinju_drawing-constructionprocess-1024x707.jpg\" alt=\"\" width=\"610\" height=\"421\" srcset=\"https:\/\/sapi.paris-lavillette.archi.fr\/CTID924\/wp-content\/uploads\/2023\/11\/3jinju_drawing-constructionprocess-1024x707.jpg 1024w, https:\/\/sapi.paris-lavillette.archi.fr\/CTID924\/wp-content\/uploads\/2023\/11\/3jinju_drawing-constructionprocess-300x207.jpg 300w, https:\/\/sapi.paris-lavillette.archi.fr\/CTID924\/wp-content\/uploads\/2023\/11\/3jinju_drawing-constructionprocess-768x530.jpg 768w, https:\/\/sapi.paris-lavillette.archi.fr\/CTID924\/wp-content\/uploads\/2023\/11\/3jinju_drawing-constructionprocess.jpg 1500w\" sizes=\"(max-width: 610px) 100vw, 610px\" \/><p id=\"caption-attachment-14040\" class=\"wp-caption-text\">\u00c9tapes de la construction \u00a9JK-AR<\/p><\/div>\n<div id=\"attachment_14041\" style=\"width: 620px\" class=\"wp-caption aligncenter\"><img aria-describedby=\"caption-attachment-14041\" decoding=\"async\" loading=\"lazy\" class=\"size-large wp-image-14041\" src=\"http:\/\/sapi.paris-lavillette.archi.fr\/CTID924\/wp-content\/uploads\/2023\/11\/Screenshot-2023-11-11-at-09.36.29-1024x571.png\" alt=\"\" width=\"610\" height=\"340\" srcset=\"https:\/\/sapi.paris-lavillette.archi.fr\/CTID924\/wp-content\/uploads\/2023\/11\/Screenshot-2023-11-11-at-09.36.29-1024x571.png 1024w, https:\/\/sapi.paris-lavillette.archi.fr\/CTID924\/wp-content\/uploads\/2023\/11\/Screenshot-2023-11-11-at-09.36.29-300x167.png 300w, https:\/\/sapi.paris-lavillette.archi.fr\/CTID924\/wp-content\/uploads\/2023\/11\/Screenshot-2023-11-11-at-09.36.29-768x428.png 768w, https:\/\/sapi.paris-lavillette.archi.fr\/CTID924\/wp-content\/uploads\/2023\/11\/Screenshot-2023-11-11-at-09.36.29-1536x857.png 1536w, https:\/\/sapi.paris-lavillette.archi.fr\/CTID924\/wp-content\/uploads\/2023\/11\/Screenshot-2023-11-11-at-09.36.29-2048x1143.png 2048w\" sizes=\"(max-width: 610px) 100vw, 610px\" \/><p id=\"caption-attachment-14041\" class=\"wp-caption-text\">Les d\u00e9buts de la charpente \u00a9JK-AR<\/p><\/div>\n<div id=\"attachment_14042\" style=\"width: 620px\" class=\"wp-caption aligncenter\"><img aria-describedby=\"caption-attachment-14042\" decoding=\"async\" loading=\"lazy\" class=\"wp-image-14042 size-large\" src=\"http:\/\/sapi.paris-lavillette.archi.fr\/CTID924\/wp-content\/uploads\/2023\/11\/Screenshot-2023-11-11-at-09.53.44-1024x571.png\" alt=\"\" width=\"610\" height=\"340\" srcset=\"https:\/\/sapi.paris-lavillette.archi.fr\/CTID924\/wp-content\/uploads\/2023\/11\/Screenshot-2023-11-11-at-09.53.44-1024x571.png 1024w, https:\/\/sapi.paris-lavillette.archi.fr\/CTID924\/wp-content\/uploads\/2023\/11\/Screenshot-2023-11-11-at-09.53.44-300x167.png 300w, https:\/\/sapi.paris-lavillette.archi.fr\/CTID924\/wp-content\/uploads\/2023\/11\/Screenshot-2023-11-11-at-09.53.44-768x428.png 768w, https:\/\/sapi.paris-lavillette.archi.fr\/CTID924\/wp-content\/uploads\/2023\/11\/Screenshot-2023-11-11-at-09.53.44-1536x856.png 1536w, https:\/\/sapi.paris-lavillette.archi.fr\/CTID924\/wp-content\/uploads\/2023\/11\/Screenshot-2023-11-11-at-09.53.44-2048x1141.png 2048w\" sizes=\"(max-width: 610px) 100vw, 610px\" \/><p id=\"caption-attachment-14042\" class=\"wp-caption-text\">Assemblage des arbres \u00a9JK-AR<\/p><\/div>\n<div id=\"attachment_14049\" style=\"width: 620px\" class=\"wp-caption aligncenter\"><img aria-describedby=\"caption-attachment-14049\" decoding=\"async\" loading=\"lazy\" class=\"wp-image-14049 size-large\" src=\"http:\/\/sapi.paris-lavillette.archi.fr\/CTID924\/wp-content\/uploads\/2023\/11\/1jinju_drawing-1stfloor-1024x707.jpg\" alt=\"\" width=\"610\" height=\"421\" srcset=\"https:\/\/sapi.paris-lavillette.archi.fr\/CTID924\/wp-content\/uploads\/2023\/11\/1jinju_drawing-1stfloor-1024x707.jpg 1024w, https:\/\/sapi.paris-lavillette.archi.fr\/CTID924\/wp-content\/uploads\/2023\/11\/1jinju_drawing-1stfloor-300x207.jpg 300w, https:\/\/sapi.paris-lavillette.archi.fr\/CTID924\/wp-content\/uploads\/2023\/11\/1jinju_drawing-1stfloor-768x530.jpg 768w, https:\/\/sapi.paris-lavillette.archi.fr\/CTID924\/wp-content\/uploads\/2023\/11\/1jinju_drawing-1stfloor-1536x1060.jpg 1536w, https:\/\/sapi.paris-lavillette.archi.fr\/CTID924\/wp-content\/uploads\/2023\/11\/1jinju_drawing-1stfloor-2048x1414.jpg 2048w\" sizes=\"(max-width: 610px) 100vw, 610px\" \/><p id=\"caption-attachment-14049\" class=\"wp-caption-text\">Plan 1er \u00e9tage \u00a9JK-AR<\/p><\/div>\n<h3>Structure des arbres<\/h3>\n<p>Les arbres ont \u00e9t\u00e9 cr\u00e9\u00e9s de fa\u00e7on param\u00e9trique sur Grasshopper dans Rhino en faisant du scripting. La conception param\u00e9trique est tr\u00e8s avantageuse dans ce cas-l\u00e0, l&rsquo;architecte \u00e0 la possibilit\u00e9 de tester de nombreux param\u00e8tres pour cr\u00e9er l&rsquo;effet qu&rsquo;il recherche sans avoir \u00e0 tout redessiner comme cela serait le cas en architecture \u00ab\u00a0classique\u00a0\u00bb. Cela lui permet de remplir un de ces objectifs de bases qui est l&rsquo;optimisation de la productivit\u00e9 \u00e0 la fois dans la phase pr\u00e9-chantier mais aussi durant ce dernier. Toutes les pi\u00e8ces de chaque arbre ont \u00e9t\u00e9 num\u00e9rot\u00e9es pour faciliter la d\u00e9coupe et la pose sur chantier.<\/p>\n<div id=\"attachment_14045\" style=\"width: 620px\" class=\"wp-caption aligncenter\"><img aria-describedby=\"caption-attachment-14045\" decoding=\"async\" loading=\"lazy\" class=\"wp-image-14045 size-large\" src=\"http:\/\/sapi.paris-lavillette.archi.fr\/CTID924\/wp-content\/uploads\/2023\/11\/Screenshot-2023-11-11-at-09.50.40-1024x571.png\" alt=\"\" width=\"610\" height=\"340\" srcset=\"https:\/\/sapi.paris-lavillette.archi.fr\/CTID924\/wp-content\/uploads\/2023\/11\/Screenshot-2023-11-11-at-09.50.40-1024x571.png 1024w, https:\/\/sapi.paris-lavillette.archi.fr\/CTID924\/wp-content\/uploads\/2023\/11\/Screenshot-2023-11-11-at-09.50.40-300x167.png 300w, https:\/\/sapi.paris-lavillette.archi.fr\/CTID924\/wp-content\/uploads\/2023\/11\/Screenshot-2023-11-11-at-09.50.40-768x428.png 768w, https:\/\/sapi.paris-lavillette.archi.fr\/CTID924\/wp-content\/uploads\/2023\/11\/Screenshot-2023-11-11-at-09.50.40-1536x856.png 1536w, https:\/\/sapi.paris-lavillette.archi.fr\/CTID924\/wp-content\/uploads\/2023\/11\/Screenshot-2023-11-11-at-09.50.40-2048x1141.png 2048w\" sizes=\"(max-width: 610px) 100vw, 610px\" \/><p id=\"caption-attachment-14045\" class=\"wp-caption-text\">Script Grasshopper \u00a9JK-AR<\/p><\/div>\n<div id=\"attachment_14046\" style=\"width: 620px\" class=\"wp-caption aligncenter\"><img aria-describedby=\"caption-attachment-14046\" decoding=\"async\" loading=\"lazy\" class=\"wp-image-14046 size-large\" src=\"http:\/\/sapi.paris-lavillette.archi.fr\/CTID924\/wp-content\/uploads\/2023\/11\/Screenshot-2023-11-11-at-09.51.08-1024x571.png\" alt=\"\" width=\"610\" height=\"340\" srcset=\"https:\/\/sapi.paris-lavillette.archi.fr\/CTID924\/wp-content\/uploads\/2023\/11\/Screenshot-2023-11-11-at-09.51.08-1024x571.png 1024w, https:\/\/sapi.paris-lavillette.archi.fr\/CTID924\/wp-content\/uploads\/2023\/11\/Screenshot-2023-11-11-at-09.51.08-300x167.png 300w, https:\/\/sapi.paris-lavillette.archi.fr\/CTID924\/wp-content\/uploads\/2023\/11\/Screenshot-2023-11-11-at-09.51.08-768x428.png 768w, https:\/\/sapi.paris-lavillette.archi.fr\/CTID924\/wp-content\/uploads\/2023\/11\/Screenshot-2023-11-11-at-09.51.08-1536x856.png 1536w, https:\/\/sapi.paris-lavillette.archi.fr\/CTID924\/wp-content\/uploads\/2023\/11\/Screenshot-2023-11-11-at-09.51.08-2048x1141.png 2048w\" sizes=\"(max-width: 610px) 100vw, 610px\" \/><p id=\"caption-attachment-14046\" class=\"wp-caption-text\">Script Grasshopper \u00a9JK-AR<\/p><\/div>\n<div id=\"attachment_14047\" style=\"width: 620px\" class=\"wp-caption aligncenter\"><img aria-describedby=\"caption-attachment-14047\" decoding=\"async\" loading=\"lazy\" class=\"wp-image-14047 size-large\" src=\"http:\/\/sapi.paris-lavillette.archi.fr\/CTID924\/wp-content\/uploads\/2023\/11\/Screenshot-2023-11-11-at-09.51.24-1024x571.png\" alt=\"\" width=\"610\" height=\"340\" srcset=\"https:\/\/sapi.paris-lavillette.archi.fr\/CTID924\/wp-content\/uploads\/2023\/11\/Screenshot-2023-11-11-at-09.51.24-1024x571.png 1024w, https:\/\/sapi.paris-lavillette.archi.fr\/CTID924\/wp-content\/uploads\/2023\/11\/Screenshot-2023-11-11-at-09.51.24-300x167.png 300w, https:\/\/sapi.paris-lavillette.archi.fr\/CTID924\/wp-content\/uploads\/2023\/11\/Screenshot-2023-11-11-at-09.51.24-768x428.png 768w, https:\/\/sapi.paris-lavillette.archi.fr\/CTID924\/wp-content\/uploads\/2023\/11\/Screenshot-2023-11-11-at-09.51.24-1536x856.png 1536w, https:\/\/sapi.paris-lavillette.archi.fr\/CTID924\/wp-content\/uploads\/2023\/11\/Screenshot-2023-11-11-at-09.51.24-2048x1141.png 2048w\" sizes=\"(max-width: 610px) 100vw, 610px\" \/><p id=\"caption-attachment-14047\" class=\"wp-caption-text\">Script Grasshopper \u00a9JK-AR<\/p><\/div>\n<div id=\"attachment_14057\" style=\"width: 620px\" class=\"wp-caption aligncenter\"><img aria-describedby=\"caption-attachment-14057\" decoding=\"async\" loading=\"lazy\" class=\"wp-image-14057 size-large\" src=\"http:\/\/sapi.paris-lavillette.archi.fr\/CTID924\/wp-content\/uploads\/2023\/11\/Screenshot-2023-11-11-at-09.52.42-1024x571.png\" alt=\"\" width=\"610\" height=\"340\" srcset=\"https:\/\/sapi.paris-lavillette.archi.fr\/CTID924\/wp-content\/uploads\/2023\/11\/Screenshot-2023-11-11-at-09.52.42-1024x571.png 1024w, https:\/\/sapi.paris-lavillette.archi.fr\/CTID924\/wp-content\/uploads\/2023\/11\/Screenshot-2023-11-11-at-09.52.42-300x167.png 300w, https:\/\/sapi.paris-lavillette.archi.fr\/CTID924\/wp-content\/uploads\/2023\/11\/Screenshot-2023-11-11-at-09.52.42-768x428.png 768w, https:\/\/sapi.paris-lavillette.archi.fr\/CTID924\/wp-content\/uploads\/2023\/11\/Screenshot-2023-11-11-at-09.52.42-1536x856.png 1536w, https:\/\/sapi.paris-lavillette.archi.fr\/CTID924\/wp-content\/uploads\/2023\/11\/Screenshot-2023-11-11-at-09.52.42-2048x1141.png 2048w\" sizes=\"(max-width: 610px) 100vw, 610px\" \/><p id=\"caption-attachment-14057\" class=\"wp-caption-text\">Script Grasshopper \u00a9JK-AR<\/p><\/div>\n<p>L&rsquo;architecte a d\u00e9cid\u00e9 d&rsquo;utiliser le contreplaqu\u00e9 pour ce projet. Une fois les pi\u00e8ces dessin\u00e9es, elles ont \u00e9t\u00e9 d\u00e9coup\u00e9es \u00e0 la fraiseuse CNC. Travailler en param\u00e9trique permet d&rsquo;exporter un fichier contenant toutes les donn\u00e9es n\u00e9cessaires pour d\u00e9couper la pi\u00e8ce. Ceci a plusieurs avantages notamment de ne pas \u00e9diter de plan pour chaque pi\u00e8ce, de pouvoir directement mettre le fichier propre \u00e0 chaque pi\u00e8ce dans la CNC pour une d\u00e9coupe ultra pr\u00e9cise avec des marges d&rsquo;erreur infimes. En effet, dans ce genre d&rsquo;assemblage tr\u00e8s complexe, les marges d&rsquo;erreur doivent \u00eatre r\u00e9duites au maximum. La bonne conception en amont permet un processus de fabrication sans encombre. Le gain de temps sur le chantier est tr\u00e8s important.<\/p>\n<div id=\"attachment_14044\" style=\"width: 620px\" class=\"wp-caption aligncenter\"><img aria-describedby=\"caption-attachment-14044\" decoding=\"async\" loading=\"lazy\" class=\"wp-image-14044 size-large\" src=\"http:\/\/sapi.paris-lavillette.archi.fr\/CTID924\/wp-content\/uploads\/2023\/11\/Screenshot-2023-11-11-at-09.52.24-1024x571.png\" alt=\"\" width=\"610\" height=\"340\" srcset=\"https:\/\/sapi.paris-lavillette.archi.fr\/CTID924\/wp-content\/uploads\/2023\/11\/Screenshot-2023-11-11-at-09.52.24-1024x571.png 1024w, https:\/\/sapi.paris-lavillette.archi.fr\/CTID924\/wp-content\/uploads\/2023\/11\/Screenshot-2023-11-11-at-09.52.24-300x167.png 300w, https:\/\/sapi.paris-lavillette.archi.fr\/CTID924\/wp-content\/uploads\/2023\/11\/Screenshot-2023-11-11-at-09.52.24-768x428.png 768w, https:\/\/sapi.paris-lavillette.archi.fr\/CTID924\/wp-content\/uploads\/2023\/11\/Screenshot-2023-11-11-at-09.52.24-1536x856.png 1536w, https:\/\/sapi.paris-lavillette.archi.fr\/CTID924\/wp-content\/uploads\/2023\/11\/Screenshot-2023-11-11-at-09.52.24-2048x1141.png 2048w\" sizes=\"(max-width: 610px) 100vw, 610px\" \/><p id=\"caption-attachment-14044\" class=\"wp-caption-text\">Dessin des pi\u00e8ces sur Grasshopper \u00a9JK-AR<\/p><\/div>\n<div id=\"attachment_14052\" style=\"width: 620px\" class=\"wp-caption aligncenter\"><img aria-describedby=\"caption-attachment-14052\" decoding=\"async\" loading=\"lazy\" class=\"wp-image-14052 size-large\" src=\"http:\/\/sapi.paris-lavillette.archi.fr\/CTID924\/wp-content\/uploads\/2023\/11\/Screenshot-2023-11-11-at-09.37.00-1024x572.png\" alt=\"\" width=\"610\" height=\"341\" srcset=\"https:\/\/sapi.paris-lavillette.archi.fr\/CTID924\/wp-content\/uploads\/2023\/11\/Screenshot-2023-11-11-at-09.37.00-1024x572.png 1024w, https:\/\/sapi.paris-lavillette.archi.fr\/CTID924\/wp-content\/uploads\/2023\/11\/Screenshot-2023-11-11-at-09.37.00-300x168.png 300w, https:\/\/sapi.paris-lavillette.archi.fr\/CTID924\/wp-content\/uploads\/2023\/11\/Screenshot-2023-11-11-at-09.37.00-768x429.png 768w, https:\/\/sapi.paris-lavillette.archi.fr\/CTID924\/wp-content\/uploads\/2023\/11\/Screenshot-2023-11-11-at-09.37.00-1536x858.png 1536w, https:\/\/sapi.paris-lavillette.archi.fr\/CTID924\/wp-content\/uploads\/2023\/11\/Screenshot-2023-11-11-at-09.37.00-2048x1144.png 2048w\" sizes=\"(max-width: 610px) 100vw, 610px\" \/><p id=\"caption-attachment-14052\" class=\"wp-caption-text\">D\u00e9coupe \u00e0 la fraiseuse CNC \u00a9JK-AR<\/p><\/div>\n<div id=\"attachment_14058\" style=\"width: 620px\" class=\"wp-caption aligncenter\"><img aria-describedby=\"caption-attachment-14058\" decoding=\"async\" loading=\"lazy\" class=\"wp-image-14058 size-large\" src=\"http:\/\/sapi.paris-lavillette.archi.fr\/CTID924\/wp-content\/uploads\/2023\/11\/Screenshot-2023-11-11-at-09.52.37-1024x571.png\" alt=\"\" width=\"610\" height=\"340\" srcset=\"https:\/\/sapi.paris-lavillette.archi.fr\/CTID924\/wp-content\/uploads\/2023\/11\/Screenshot-2023-11-11-at-09.52.37-1024x571.png 1024w, https:\/\/sapi.paris-lavillette.archi.fr\/CTID924\/wp-content\/uploads\/2023\/11\/Screenshot-2023-11-11-at-09.52.37-300x167.png 300w, https:\/\/sapi.paris-lavillette.archi.fr\/CTID924\/wp-content\/uploads\/2023\/11\/Screenshot-2023-11-11-at-09.52.37-768x428.png 768w, https:\/\/sapi.paris-lavillette.archi.fr\/CTID924\/wp-content\/uploads\/2023\/11\/Screenshot-2023-11-11-at-09.52.37-1536x856.png 1536w, https:\/\/sapi.paris-lavillette.archi.fr\/CTID924\/wp-content\/uploads\/2023\/11\/Screenshot-2023-11-11-at-09.52.37-2048x1141.png 2048w\" sizes=\"(max-width: 610px) 100vw, 610px\" \/><p id=\"caption-attachment-14058\" class=\"wp-caption-text\">Num\u00e9rotation des pi\u00e8ces d\u00e9coup\u00e9es \u00a9JK-AR<\/p><\/div>\n<div id=\"attachment_14053\" style=\"width: 620px\" class=\"wp-caption aligncenter\"><img aria-describedby=\"caption-attachment-14053\" decoding=\"async\" loading=\"lazy\" class=\"wp-image-14053 size-large\" src=\"http:\/\/sapi.paris-lavillette.archi.fr\/CTID924\/wp-content\/uploads\/2023\/11\/Screenshot-2023-11-11-at-09.37.15-1024x572.png\" alt=\"\" width=\"610\" height=\"341\" srcset=\"https:\/\/sapi.paris-lavillette.archi.fr\/CTID924\/wp-content\/uploads\/2023\/11\/Screenshot-2023-11-11-at-09.37.15-1024x572.png 1024w, https:\/\/sapi.paris-lavillette.archi.fr\/CTID924\/wp-content\/uploads\/2023\/11\/Screenshot-2023-11-11-at-09.37.15-300x168.png 300w, https:\/\/sapi.paris-lavillette.archi.fr\/CTID924\/wp-content\/uploads\/2023\/11\/Screenshot-2023-11-11-at-09.37.15-768x429.png 768w, https:\/\/sapi.paris-lavillette.archi.fr\/CTID924\/wp-content\/uploads\/2023\/11\/Screenshot-2023-11-11-at-09.37.15-1536x858.png 1536w, https:\/\/sapi.paris-lavillette.archi.fr\/CTID924\/wp-content\/uploads\/2023\/11\/Screenshot-2023-11-11-at-09.37.15-2048x1144.png 2048w\" sizes=\"(max-width: 610px) 100vw, 610px\" \/><p id=\"caption-attachment-14053\" class=\"wp-caption-text\">Pi\u00e8ces d\u00e9coup\u00e9es \u00e0 la fraiseuse CNC \u00a9JK-AR<\/p><\/div>\n<div id=\"attachment_14054\" style=\"width: 620px\" class=\"wp-caption aligncenter\"><img aria-describedby=\"caption-attachment-14054\" decoding=\"async\" loading=\"lazy\" class=\"wp-image-14054 size-large\" src=\"http:\/\/sapi.paris-lavillette.archi.fr\/CTID924\/wp-content\/uploads\/2023\/11\/Screenshot-2023-11-11-at-09.37.43-1024x571.png\" alt=\"\" width=\"610\" height=\"340\" srcset=\"https:\/\/sapi.paris-lavillette.archi.fr\/CTID924\/wp-content\/uploads\/2023\/11\/Screenshot-2023-11-11-at-09.37.43-1024x571.png 1024w, https:\/\/sapi.paris-lavillette.archi.fr\/CTID924\/wp-content\/uploads\/2023\/11\/Screenshot-2023-11-11-at-09.37.43-300x167.png 300w, https:\/\/sapi.paris-lavillette.archi.fr\/CTID924\/wp-content\/uploads\/2023\/11\/Screenshot-2023-11-11-at-09.37.43-768x428.png 768w, https:\/\/sapi.paris-lavillette.archi.fr\/CTID924\/wp-content\/uploads\/2023\/11\/Screenshot-2023-11-11-at-09.37.43-1536x856.png 1536w, https:\/\/sapi.paris-lavillette.archi.fr\/CTID924\/wp-content\/uploads\/2023\/11\/Screenshot-2023-11-11-at-09.37.43-2048x1141.png 2048w\" sizes=\"(max-width: 610px) 100vw, 610px\" \/><p id=\"caption-attachment-14054\" class=\"wp-caption-text\">Pi\u00e8ces d\u00e9coup\u00e9es \u00e0 la fraiseuse CNC \u00a9JK-AR<\/p><\/div>\n<p>L&#8217;emploi de la r\u00e9alit\u00e9 augment\u00e9e permet d&rsquo;avoir des plans en trois dimensions lors du montage et donc encore une fois de r\u00e9duire les erreurs potentielles lors de ce type d&rsquo;assemblage ambitieux.<\/p>\n<div id=\"attachment_14055\" style=\"width: 620px\" class=\"wp-caption aligncenter\"><img aria-describedby=\"caption-attachment-14055\" decoding=\"async\" loading=\"lazy\" class=\"wp-image-14055 size-large\" src=\"http:\/\/sapi.paris-lavillette.archi.fr\/CTID924\/wp-content\/uploads\/2023\/11\/Screenshot-2023-11-11-at-09.51.52-1024x571.png\" alt=\"\" width=\"610\" height=\"340\" srcset=\"https:\/\/sapi.paris-lavillette.archi.fr\/CTID924\/wp-content\/uploads\/2023\/11\/Screenshot-2023-11-11-at-09.51.52-1024x571.png 1024w, https:\/\/sapi.paris-lavillette.archi.fr\/CTID924\/wp-content\/uploads\/2023\/11\/Screenshot-2023-11-11-at-09.51.52-300x167.png 300w, https:\/\/sapi.paris-lavillette.archi.fr\/CTID924\/wp-content\/uploads\/2023\/11\/Screenshot-2023-11-11-at-09.51.52-768x428.png 768w, https:\/\/sapi.paris-lavillette.archi.fr\/CTID924\/wp-content\/uploads\/2023\/11\/Screenshot-2023-11-11-at-09.51.52-1536x856.png 1536w, https:\/\/sapi.paris-lavillette.archi.fr\/CTID924\/wp-content\/uploads\/2023\/11\/Screenshot-2023-11-11-at-09.51.52-2048x1141.png 2048w\" sizes=\"(max-width: 610px) 100vw, 610px\" \/><p id=\"caption-attachment-14055\" class=\"wp-caption-text\">Plan en r\u00e9alit\u00e9 augment\u00e9e \u00a9JK-AR<\/p><\/div>\n<div id=\"attachment_14056\" style=\"width: 620px\" class=\"wp-caption aligncenter\"><img aria-describedby=\"caption-attachment-14056\" decoding=\"async\" loading=\"lazy\" class=\"wp-image-14056 size-large\" src=\"http:\/\/sapi.paris-lavillette.archi.fr\/CTID924\/wp-content\/uploads\/2023\/11\/Screenshot-2023-11-11-at-09.53.16-1024x571.png\" alt=\"\" width=\"610\" height=\"340\" srcset=\"https:\/\/sapi.paris-lavillette.archi.fr\/CTID924\/wp-content\/uploads\/2023\/11\/Screenshot-2023-11-11-at-09.53.16-1024x571.png 1024w, https:\/\/sapi.paris-lavillette.archi.fr\/CTID924\/wp-content\/uploads\/2023\/11\/Screenshot-2023-11-11-at-09.53.16-300x167.png 300w, https:\/\/sapi.paris-lavillette.archi.fr\/CTID924\/wp-content\/uploads\/2023\/11\/Screenshot-2023-11-11-at-09.53.16-768x428.png 768w, https:\/\/sapi.paris-lavillette.archi.fr\/CTID924\/wp-content\/uploads\/2023\/11\/Screenshot-2023-11-11-at-09.53.16-1536x856.png 1536w, https:\/\/sapi.paris-lavillette.archi.fr\/CTID924\/wp-content\/uploads\/2023\/11\/Screenshot-2023-11-11-at-09.53.16-2048x1141.png 2048w\" sizes=\"(max-width: 610px) 100vw, 610px\" \/><p id=\"caption-attachment-14056\" class=\"wp-caption-text\">Plan en r\u00e9alit\u00e9 augment\u00e9e \u00a9JK-AR<\/p><\/div>\n<p>L&rsquo;assemblage en lui-m\u00eame para\u00eet compliqu\u00e9, mais assist\u00e9 par des outils num\u00e9riques, l&rsquo;op\u00e9ration est rendue plus simple. Ce puzzle a \u00e9chelle 1:1 se r\u00e9p\u00e8tent sur les six arbres. Les types d&rsquo;assemblage bois sont un type d&rsquo;assemblage \u00e0 queue droite, d&rsquo;assemblage mi-bois et d&rsquo;enfourchement simple. Des chevilles bois uniques con\u00e7ues sp\u00e9cialement pour le projet. Elles sont en forme de \u00ab\u00a0U \u00ab\u00a0et viennent bloquer les enfourchements simples en partie basse de l&rsquo;arbre. Les assemblages mi-bois sont en partie haute de l&rsquo;arbre. Tandis que les assemblages \u00e0 queue droite sont sur les toutes premi\u00e8res branches en bas. Cependant, je n&rsquo;ai pas trouv\u00e9 d&rsquo;information concernant la proc\u00e9dure de montage.<\/p>\n<div id=\"attachment_14061\" style=\"width: 620px\" class=\"wp-caption aligncenter\"><img aria-describedby=\"caption-attachment-14061\" decoding=\"async\" loading=\"lazy\" class=\"wp-image-14061 size-large\" src=\"http:\/\/sapi.paris-lavillette.archi.fr\/CTID924\/wp-content\/uploads\/2023\/11\/4jinju-detailexplodedisometric-1024x707.jpg\" alt=\"\" width=\"610\" height=\"421\" srcset=\"https:\/\/sapi.paris-lavillette.archi.fr\/CTID924\/wp-content\/uploads\/2023\/11\/4jinju-detailexplodedisometric-1024x707.jpg 1024w, https:\/\/sapi.paris-lavillette.archi.fr\/CTID924\/wp-content\/uploads\/2023\/11\/4jinju-detailexplodedisometric-300x207.jpg 300w, https:\/\/sapi.paris-lavillette.archi.fr\/CTID924\/wp-content\/uploads\/2023\/11\/4jinju-detailexplodedisometric-768x530.jpg 768w, https:\/\/sapi.paris-lavillette.archi.fr\/CTID924\/wp-content\/uploads\/2023\/11\/4jinju-detailexplodedisometric-1536x1060.jpg 1536w, https:\/\/sapi.paris-lavillette.archi.fr\/CTID924\/wp-content\/uploads\/2023\/11\/4jinju-detailexplodedisometric-2048x1414.jpg 2048w\" sizes=\"(max-width: 610px) 100vw, 610px\" \/><p id=\"caption-attachment-14061\" class=\"wp-caption-text\">Axom\u00e9tries des d\u00e9tails d&rsquo;assemblages \u00a9JK-AR<\/p><\/div>\n<div id=\"attachment_14063\" style=\"width: 620px\" class=\"wp-caption aligncenter\"><img aria-describedby=\"caption-attachment-14063\" decoding=\"async\" loading=\"lazy\" class=\"wp-image-14063 size-large\" src=\"http:\/\/sapi.paris-lavillette.archi.fr\/CTID924\/wp-content\/uploads\/2023\/11\/Screenshot-2023-11-11-at-09.53.34-1024x571.png\" alt=\"\" width=\"610\" height=\"340\" srcset=\"https:\/\/sapi.paris-lavillette.archi.fr\/CTID924\/wp-content\/uploads\/2023\/11\/Screenshot-2023-11-11-at-09.53.34-1024x571.png 1024w, https:\/\/sapi.paris-lavillette.archi.fr\/CTID924\/wp-content\/uploads\/2023\/11\/Screenshot-2023-11-11-at-09.53.34-300x167.png 300w, https:\/\/sapi.paris-lavillette.archi.fr\/CTID924\/wp-content\/uploads\/2023\/11\/Screenshot-2023-11-11-at-09.53.34-768x428.png 768w, https:\/\/sapi.paris-lavillette.archi.fr\/CTID924\/wp-content\/uploads\/2023\/11\/Screenshot-2023-11-11-at-09.53.34-1536x856.png 1536w, https:\/\/sapi.paris-lavillette.archi.fr\/CTID924\/wp-content\/uploads\/2023\/11\/Screenshot-2023-11-11-at-09.53.34-2048x1141.png 2048w\" sizes=\"(max-width: 610px) 100vw, 610px\" \/><p id=\"caption-attachment-14063\" class=\"wp-caption-text\">Assemblage \u00e0 queue droite \u00a9JK-AR<\/p><\/div>\n<div id=\"attachment_14064\" style=\"width: 620px\" class=\"wp-caption aligncenter\"><img aria-describedby=\"caption-attachment-14064\" decoding=\"async\" loading=\"lazy\" class=\"wp-image-14064 size-large\" src=\"http:\/\/sapi.paris-lavillette.archi.fr\/CTID924\/wp-content\/uploads\/2023\/11\/Screenshot-2023-11-11-at-09.37.55-1024x571.png\" alt=\"\" width=\"610\" height=\"340\" srcset=\"https:\/\/sapi.paris-lavillette.archi.fr\/CTID924\/wp-content\/uploads\/2023\/11\/Screenshot-2023-11-11-at-09.37.55-1024x571.png 1024w, https:\/\/sapi.paris-lavillette.archi.fr\/CTID924\/wp-content\/uploads\/2023\/11\/Screenshot-2023-11-11-at-09.37.55-300x167.png 300w, https:\/\/sapi.paris-lavillette.archi.fr\/CTID924\/wp-content\/uploads\/2023\/11\/Screenshot-2023-11-11-at-09.37.55-768x428.png 768w, https:\/\/sapi.paris-lavillette.archi.fr\/CTID924\/wp-content\/uploads\/2023\/11\/Screenshot-2023-11-11-at-09.37.55-1536x856.png 1536w, https:\/\/sapi.paris-lavillette.archi.fr\/CTID924\/wp-content\/uploads\/2023\/11\/Screenshot-2023-11-11-at-09.37.55-2048x1141.png 2048w\" sizes=\"(max-width: 610px) 100vw, 610px\" \/><p id=\"caption-attachment-14064\" class=\"wp-caption-text\">Cheville \u00ab\u00a0U\u00a0\u00bb sur enfourchement simple\u00a9JK-AR<\/p><\/div>\n<h3>Conclusion<\/h3>\n<p>\u00c0 premi\u00e8re vue, ce projet semble \u00eatre un pavillon structure lambda. Cependant, en creusant le sujet, le \u00ab\u00a0Pavilion of Floating Lights\u00a0\u00bb est charg\u00e9 de r\u00e9f\u00e9rences \u00e0 l&rsquo;Histoire de la ville. Il se veut \u00eatre le renouveau de la construction bois en Cor\u00e9e du Sud. Chacun sera libre de juger si c&rsquo;est le cas, mais les ambitions de l&rsquo;architecte dans la conception et la r\u00e9alisation sont bien pr\u00e9sentes. Il utilise la conception param\u00e9trique pour ma\u00eetriser tous les aspects de sa structure complexe en assemblage bois. Ce qui m&rsquo;a le plus surpris et l&rsquo;utilisation de la r\u00e9alit\u00e9 virtuelle sur le chantier pour encore une fois ne laisser aucune place aux potentielles erreurs. M\u00eame si les arbres ne reprennent pas l&rsquo;int\u00e9gralit\u00e9 des charges du b\u00e2timent cela reste assez impressionnant. J&rsquo;ai \u00e9t\u00e9 tr\u00e8s int\u00e9ress\u00e9 de d\u00e9couvrir l&rsquo;impact que peut avoir l&#8217;emploi de solution num\u00e9rique tout au long de la conception, la production, et r\u00e9alisation du projet.<\/p>\n<h3>Bibliographie<\/h3>\n<p><a href=\"https:\/\/forgottenmonuments.com\/pavilion-of-floating-lights\">https:\/\/forgottenmonuments.com\/pavilion-of-floating-lights\u00a0<\/a><\/p>\n<p>Vid\u00e9o sur l&rsquo;artisanat digital par l&rsquo;architecte : <a href=\"https:\/\/www.youtube.com\/watch?v=waQ3CE_ZZDI\" target=\"_blank\" rel=\"noopener\">ici<\/a><\/p>\n<p>Vid\u00e9o sur le pavillon par l&rsquo;architecte : <a href=\"https:\/\/www.youtube.com\/watch?v=9i8xfhrTKwQ\" target=\"_blank\" rel=\"noopener\">ici<\/a><\/p>\n<p>&nbsp;<\/p>\n","protected":false},"excerpt":{"rendered":"<p>D\u00e9tails du projet Architectes : JK-AR Date de r\u00e9alisation : 2022 Ville \/ Pays : Jinju \/ Cor\u00e9e du Sud Dimensions : 110 m2 Pr\u00e9sentation Ce pavillon a \u00e9t\u00e9 pens\u00e9 par l&rsquo;architecte pour tenter de remettre au go\u00fbt du jour l&rsquo;architecture en bois. Ce savoir-faire s&rsquo;est transmis de g\u00e9n\u00e9ration en g\u00e9n\u00e9ration depuis des si\u00e8cles, mais tend \u00e0 dispara\u00eetre peu \u00e0 peu face aux besoins du monde \u00ab\u00a0moderne\u00a0\u00bb. Les assemblages bois sont au coeur de la charpenterie traditionnelle cor\u00e9enne est d\u00e9montre d&rsquo;un savoir-faire mill\u00e9naire. Ce projet est compos\u00e9 de six arbres en assemblage bois de contreplaqu\u00e9 et rend hommage au six piliers de la fa\u00e7ade du Chokseok-ru datant de 1365, un symbole pour la ville. Conception Le projet a \u00e9t\u00e9 con\u00e7u pour red\u00e9finir ce qu&rsquo;est un \u00ab\u00a0-ru\u00a0\u00bb. \u00c0 l&rsquo;origine, un -\u00ab\u00a0ru\u00a0\u00bb est un b\u00e2timent, pavillon, sur\u00e9lev\u00e9 qui offre des vues sur le paysage pour des \u00e9v\u00e9nements priv\u00e9s, mais aussi pour des usages militaires. Ici, l&rsquo;architecte tente de red\u00e9finir la fonction premi\u00e8re du lieu en lui conf\u00e9rant un aspect public. Le projet est situ\u00e9 sur les berges de la rivi\u00e8re Nam, t\u00e9moin de l&rsquo;Histoire de la ville. Le Festival des Lumi\u00e8res Flottantes est un \u00e9v\u00e9nement majeur de Jinju. Ce pavillon a \u00e9t\u00e9 [&hellip;]<\/p>\n","protected":false},"author":703,"featured_media":14074,"comment_status":"open","ping_status":"closed","sticky":false,"template":"","format":"standard","meta":{"footnotes":""},"categories":[33],"tags":[],"_links":{"self":[{"href":"https:\/\/sapi.paris-lavillette.archi.fr\/CTID924\/index.php?rest_route=\/wp\/v2\/posts\/14027"}],"collection":[{"href":"https:\/\/sapi.paris-lavillette.archi.fr\/CTID924\/index.php?rest_route=\/wp\/v2\/posts"}],"about":[{"href":"https:\/\/sapi.paris-lavillette.archi.fr\/CTID924\/index.php?rest_route=\/wp\/v2\/types\/post"}],"author":[{"embeddable":true,"href":"https:\/\/sapi.paris-lavillette.archi.fr\/CTID924\/index.php?rest_route=\/wp\/v2\/users\/703"}],"replies":[{"embeddable":true,"href":"https:\/\/sapi.paris-lavillette.archi.fr\/CTID924\/index.php?rest_route=%2Fwp%2Fv2%2Fcomments&post=14027"}],"version-history":[{"count":22,"href":"https:\/\/sapi.paris-lavillette.archi.fr\/CTID924\/index.php?rest_route=\/wp\/v2\/posts\/14027\/revisions"}],"predecessor-version":[{"id":14077,"href":"https:\/\/sapi.paris-lavillette.archi.fr\/CTID924\/index.php?rest_route=\/wp\/v2\/posts\/14027\/revisions\/14077"}],"wp:featuredmedia":[{"embeddable":true,"href":"https:\/\/sapi.paris-lavillette.archi.fr\/CTID924\/index.php?rest_route=\/wp\/v2\/media\/14074"}],"wp:attachment":[{"href":"https:\/\/sapi.paris-lavillette.archi.fr\/CTID924\/index.php?rest_route=%2Fwp%2Fv2%2Fmedia&parent=14027"}],"wp:term":[{"taxonomy":"category","embeddable":true,"href":"https:\/\/sapi.paris-lavillette.archi.fr\/CTID924\/index.php?rest_route=%2Fwp%2Fv2%2Fcategories&post=14027"},{"taxonomy":"post_tag","embeddable":true,"href":"https:\/\/sapi.paris-lavillette.archi.fr\/CTID924\/index.php?rest_route=%2Fwp%2Fv2%2Ftags&post=14027"}],"curies":[{"name":"wp","href":"https:\/\/api.w.org\/{rel}","templated":true}]}}