{"id":14079,"date":"2023-11-12T14:17:51","date_gmt":"2023-11-12T13:17:51","guid":{"rendered":"https:\/\/sapi.paris-lavillette.archi.fr\/CTID924\/?p=14079"},"modified":"2023-11-12T14:17:51","modified_gmt":"2023-11-12T13:17:51","slug":"form-of-wander-marc-fornes-theverymany","status":"publish","type":"post","link":"https:\/\/sapi.paris-lavillette.archi.fr\/CTID924\/?p=14079","title":{"rendered":"Form of Wander \/ MARC FORNES \/ THEVERYMANY"},"content":{"rendered":"<p><strong>Introduction<\/strong><\/p>\n<p>localisation : Tampa, \u00e9tats units<br \/>\nArchitectes : <span class=\"afd-specs__key\">\u00a0Marc Fornes \/ THEVERYMANY<br \/>\n<\/span>Ann\u00e9e : 2018<\/p>\n<p><strong>l&rsquo;architecte :<\/strong><\/p>\n<p>Marc Fornes, architecte DPLG en exercice, est \u00e0 la t\u00eate de THEVERYMANY, un studio bas\u00e9 \u00e0 New York sp\u00e9cialis\u00e9 dans la cr\u00e9ation de structures sp\u00e9cifiques \u00e0 un site, \u00e0 grande \u00e9chelle, int\u00e9grant harmonieusement peau, support, forme et exp\u00e9rience en un syst\u00e8me coh\u00e9rent. Au cours de la derni\u00e8re d\u00e9cennie, Marc a con\u00e7u et construit plusieurs constructions organiques \u00e0 coque mince qui repoussent les limites de la forme, de la structure et de l&rsquo;espace. Son travail se situe entre les domaines de l&rsquo;art et de l&rsquo;architecture, avec un accent particulier sur l&rsquo;art public, visant \u00e0 offrir des exp\u00e9riences spatiales uniques, \u00e0 contribuer \u00e0 l&rsquo;identit\u00e9 visuelle des lieux et \u00e0 stimuler l&rsquo;engagement communautaire.<\/p>\n<p>Au c\u0153ur de la pratique de Marc Fornes r\u00e9side sa ma\u00eetrise de la conception computationnelle. THEVERYMANY est le terrain d&rsquo;une recherche continue, progressant constamment vers de nouveaux r\u00e9sultats param\u00e9triques et utilisant des techniques sophistiqu\u00e9es en architecture et au-del\u00e0. Chaque projet \u00e9volue \u00e0 partir d&rsquo;explorations ant\u00e9rieures, plongeant dans la conception \u00e0 travers des codes et des protocoles computationnels, explorant des m\u00e9thodes innovantes pour articuler des surfaces courbes complexes et autoportantes en s\u00e9ries d&rsquo;\u00e9l\u00e9ments plats pour une fabrication efficace.<\/p>\n<p>Plusieurs architectures prototypiques de Marc Fornes ont \u00e9t\u00e9 acquises et expos\u00e9es par des institutions prestigieuses, dont le Centre Pompidou \u00e0 Paris, o\u00f9 Y\/STRUC\/SURF fait partie de la collection permanente, le FRAC Centre \u00e0 Orl\u00e9ans, en France, et le Storefront for Art and Architecture \u00e0 New York. Le travail de Marc a \u00e9galement \u00e9t\u00e9 expos\u00e9 dans des lieux renomm\u00e9s tels que le Guggenheim, GGG Art Basel Miami, Art Paris, et vendu aux ench\u00e8res chez Phillips De Pury.<\/p>\n<p>En plus de ses activit\u00e9s cr\u00e9atives, Marc Fornes a partag\u00e9 ses recherches en tant que TED fellow et \u00e0 travers des conf\u00e9rences publiques, des postes acad\u00e9miques, des r\u00e9sidences d&rsquo;artiste et des ateliers. Il a co-fond\u00e9 avec Fran\u00e7ois Roche le studio de troisi\u00e8me cycle \u00ab\u00a0(n)Certainties\u00a0\u00bb \u00e0 l&rsquo;Universit\u00e9 Columbia, avec des semestres d&rsquo;\u00e9tudes \u00e0 l&rsquo;Universit\u00e9 de Californie du Sud et \u00e0 Die Angewandte \u00e0 Vienne. Marc a enseign\u00e9 dans des institutions de renom telles que l&rsquo;Universit\u00e9 du Michigan, Princeton et Harvard GSD aux c\u00f4t\u00e9s de Patrik Schumacher.<\/p>\n<p>Notamment, en 2007, Marc Fornes a con\u00e7u et lanc\u00e9 <a href=\"http:\/\/www.scriptedbypurpose.net\/\" target=\"_new\" rel=\"noopener\">www.scriptedbypurpose.net<\/a>, la premi\u00e8re exposition exclusivement d\u00e9di\u00e9e aux processus script\u00e9s dans le design, expos\u00e9e dans la section europ\u00e9enne de la Biennale d&rsquo;architecture de P\u00e9kin en 2008.<\/p>\n<p>L&rsquo;exp\u00e9rience professionnelle vari\u00e9e de Marc inclut des postes au Royaume-Uni, aux \u00c9tats-Unis et en France, notamment chez SOM, avec Ross Lovegrove et chez ZAHA HADID Architects. Chez ZHA, Marc a \u00e9t\u00e9 architecte de projet pour une M\u00e9diath\u00e8que exp\u00e9rimentale \u00e0 Pau, en France, dirigeant des recherches approfondies sur les mat\u00e9riaux et le d\u00e9veloppement g\u00e9om\u00e9trique pour ce qui aurait \u00e9t\u00e9 la plus grande coque autoportante en fibre de carbone \u00e0 ce moment-l\u00e0<\/p>\n<p><strong>le pavillon :<\/strong><\/p>\n<p>Parmi ces \u0153uvres, le pavillon \u00ab\u00a0Form of Wander\u00a0\u00bb con\u00e7u par Marc Fornes du studio THEVERYMANY, se d\u00e9marque par son utilisation ing\u00e9nieuse de la fabrication num\u00e9rique, du design g\u00e9n\u00e9ratif et de formes organiques. Cette contribution explore l&rsquo;\u00e9tat de l&rsquo;art de ce pavillon, en examinant ses fondements conceptuels, ses techniques de fabrication, son impact sur l&rsquo;exp\u00e9rience utilisateur, ainsi que sa r\u00e9ception critique dans le contexte plus large de l&rsquo;architecture contemporaine.<\/p>\n<p><img decoding=\"async\" loading=\"lazy\" class=\"alignnone wp-image-14081 size-full\" src=\"http:\/\/sapi.paris-lavillette.archi.fr\/CTID924\/wp-content\/uploads\/2023\/11\/Capture-decran-2023-11-12-a-13.37.26.png\" alt=\"\" width=\"1309\" height=\"867\" srcset=\"https:\/\/sapi.paris-lavillette.archi.fr\/CTID924\/wp-content\/uploads\/2023\/11\/Capture-decran-2023-11-12-a-13.37.26.png 1309w, https:\/\/sapi.paris-lavillette.archi.fr\/CTID924\/wp-content\/uploads\/2023\/11\/Capture-decran-2023-11-12-a-13.37.26-300x199.png 300w, https:\/\/sapi.paris-lavillette.archi.fr\/CTID924\/wp-content\/uploads\/2023\/11\/Capture-decran-2023-11-12-a-13.37.26-1024x678.png 1024w, https:\/\/sapi.paris-lavillette.archi.fr\/CTID924\/wp-content\/uploads\/2023\/11\/Capture-decran-2023-11-12-a-13.37.26-768x509.png 768w\" sizes=\"(max-width: 1309px) 100vw, 1309px\" \/><\/p>\n<p><strong>Technique et Fabrication num\u00e9rique :<\/strong><\/p>\n<p>Le pavillon \u00ab\u00a0Form of Wander\u00a0\u00bb exploite des avanc\u00e9es en mati\u00e8re de fabrication num\u00e9rique. Con\u00e7u par Marc Fornes du studio THEVERYMANY.<\/p>\n<p>Un \u00e9l\u00e9ment cl\u00e9 de cette approche r\u00e9side dans l&rsquo;utilisation de la d\u00e9coupe num\u00e9rique. Les panneaux qui forment la structure complexe du pavillon sont con\u00e7us \u00e0 partir de mat\u00e9riaux tels que l&rsquo;aluminium, et sont d\u00e9coup\u00e9s avec une extr\u00eame pr\u00e9cision gr\u00e2ce \u00e0 des machines contr\u00f4l\u00e9es par ordinateur. Cette m\u00e9thode permet la r\u00e9alisation de formes g\u00e9om\u00e9triques complexes et d&rsquo;interconnexions d\u00e9licates qui caract\u00e9risent l&rsquo;esth\u00e9tique organique distinctive du pavillon.<\/p>\n<p><img decoding=\"async\" loading=\"lazy\" class=\"alignnone wp-image-14080 size-full\" src=\"http:\/\/sapi.paris-lavillette.archi.fr\/CTID924\/wp-content\/uploads\/2023\/11\/Capture-decran-2023-11-12-a-13.35.36.png\" alt=\"\" width=\"1003\" height=\"564\" srcset=\"https:\/\/sapi.paris-lavillette.archi.fr\/CTID924\/wp-content\/uploads\/2023\/11\/Capture-decran-2023-11-12-a-13.35.36.png 1003w, https:\/\/sapi.paris-lavillette.archi.fr\/CTID924\/wp-content\/uploads\/2023\/11\/Capture-decran-2023-11-12-a-13.35.36-300x169.png 300w, https:\/\/sapi.paris-lavillette.archi.fr\/CTID924\/wp-content\/uploads\/2023\/11\/Capture-decran-2023-11-12-a-13.35.36-768x432.png 768w\" sizes=\"(max-width: 1003px) 100vw, 1003px\" \/><\/p>\n<p><strong>Algorithmes Param\u00e9triques :<\/strong><\/p>\n<p>Les algorithmes param\u00e9triques, employ\u00e9s dans \u00ab\u00a0Form of Wander\u00a0\u00bb, jouent un r\u00f4le central en facilitant la d\u00e9finition de relations entre les divers \u00e9l\u00e9ments constitutifs de l&rsquo;architecture. Ces relations, souvent d\u00e9finies par des param\u00e8tres ajustables, conf\u00e8rent une adaptabilit\u00e9 \u00e0 la forme globale, permettant une modulation en fonction des exigences conceptuelles.<\/p>\n<p><strong>Sensibilit\u00e9 au Contexte :<\/strong><\/p>\n<p>La sensibilit\u00e9 au contexte, r\u00e9alis\u00e9e par le biais d&rsquo;adaptations algorithmiques, autorise des ajustements en fonction des caract\u00e9ristiques environnementales propres au site d&rsquo;installation. Cette approche contextuelle permet une int\u00e9gration organique du pavillon dans son emplacement, favorisant une interaction dynamique entre la structure architecturale et son environnement imm\u00e9diat.<\/p>\n<p><strong>R\u00e9p\u00e9tition Variationnelle (la pi\u00e8ce non -standard) :<\/strong><\/p>\n<p>L&rsquo;usage d&rsquo;algorithmes dans la conception du pavillon a engendr\u00e9 une r\u00e9p\u00e9tition variationnelle, caract\u00e9ris\u00e9e par la r\u00e9it\u00e9ration de motifs similaires ponctu\u00e9e de variations subtiles. Cette m\u00e9thodologie contribue \u00e0 l&rsquo;esth\u00e9tique organique du pavillon en \u00e9voquant une fluidit\u00e9 et une complexit\u00e9 intrins\u00e8ques \u00e0 la nature, conf\u00e9rant ainsi \u00e0 l&rsquo;ensemble une qualit\u00e9 visuelle et structurelle distincte.<\/p>\n<p><img decoding=\"async\" loading=\"lazy\" class=\"alignnone wp-image-14083 size-full\" src=\"http:\/\/sapi.paris-lavillette.archi.fr\/CTID924\/wp-content\/uploads\/2023\/11\/Capture-decran-2023-11-12-a-13.51.25.png\" alt=\"\" width=\"1488\" height=\"840\" srcset=\"https:\/\/sapi.paris-lavillette.archi.fr\/CTID924\/wp-content\/uploads\/2023\/11\/Capture-decran-2023-11-12-a-13.51.25.png 1488w, https:\/\/sapi.paris-lavillette.archi.fr\/CTID924\/wp-content\/uploads\/2023\/11\/Capture-decran-2023-11-12-a-13.51.25-300x169.png 300w, https:\/\/sapi.paris-lavillette.archi.fr\/CTID924\/wp-content\/uploads\/2023\/11\/Capture-decran-2023-11-12-a-13.51.25-1024x578.png 1024w, https:\/\/sapi.paris-lavillette.archi.fr\/CTID924\/wp-content\/uploads\/2023\/11\/Capture-decran-2023-11-12-a-13.51.25-768x434.png 768w\" sizes=\"(max-width: 1488px) 100vw, 1488px\" \/><\/p>\n<p><strong>Conclusion et perspectives :<\/strong><\/p>\n<p>En r\u00e9sum\u00e9, le pavillon \u00ab\u00a0Forme de D\u00e9ambulation\u00a0\u00bb de Marc Fornes \/ THEVERYMANY se distingue comme un exemple d&rsquo;architecture contemporaine, d&rsquo;astucieusement harmonieux de conception g\u00e9n\u00e9rative, d&rsquo;algorithmes param\u00e9triques, de sensibilit\u00e9 au contexte et de variation de r\u00e9p\u00e9tition. Cette convergence offre une structure organique visuellement complexe, mettant en lumi\u00e8re le potentiel croissant de la fabrication num\u00e9rique dans l&rsquo;architecture moderne.<img decoding=\"async\" loading=\"lazy\" class=\"wp-image-14085 size-large aligncenter\" src=\"http:\/\/sapi.paris-lavillette.archi.fr\/CTID924\/wp-content\/uploads\/2023\/11\/Capture-decran-2023-11-12-a-14.09.22-1024x764.png\" alt=\"\" width=\"610\" height=\"455\" srcset=\"https:\/\/sapi.paris-lavillette.archi.fr\/CTID924\/wp-content\/uploads\/2023\/11\/Capture-decran-2023-11-12-a-14.09.22-1024x764.png 1024w, https:\/\/sapi.paris-lavillette.archi.fr\/CTID924\/wp-content\/uploads\/2023\/11\/Capture-decran-2023-11-12-a-14.09.22-300x224.png 300w, https:\/\/sapi.paris-lavillette.archi.fr\/CTID924\/wp-content\/uploads\/2023\/11\/Capture-decran-2023-11-12-a-14.09.22-768x573.png 768w, https:\/\/sapi.paris-lavillette.archi.fr\/CTID924\/wp-content\/uploads\/2023\/11\/Capture-decran-2023-11-12-a-14.09.22.png 1127w\" sizes=\"(max-width: 610px) 100vw, 610px\" \/><\/p>\n<p><strong>Contrain<\/strong><strong>tes :<\/strong> Actuellement, les informations d\u00e9taill\u00e9es concernant les d\u00e9tails techniques et le processus de design param\u00e9trique du pavillon \u00ab\u00a0Form of Wander\u00a0\u00bb de Marc Fornes \/ THEVERYMANY ne sont pas accessibles dans les sources consult\u00e9es. Les sp\u00e9cificit\u00e9s relatives aux mat\u00e9riaux utilis\u00e9s, aux dimensions exactes, \u00e0 la superficie, ainsi qu&rsquo;au processus de conception param\u00e9trique et de construction de la structure ne figurent pas dans les bases de donn\u00e9es de l&rsquo;agence de conception.<\/p>\n<p><strong>Du point de vue du personnel,<\/strong> \u00ab\u00a0Form of Wander\u00a0\u00bb provoque une r\u00e9flexion sur la fa\u00e7on dont l&rsquo;innovation architecturale peut transcender les conventions, notre invitation \u00e0 repenser notre rapport \u00e0 l&rsquo;espace construit par des mani\u00e8res nouvelles et inspirantes. En tant qu&rsquo;architecte, je consid\u00e8re que de telles \u0153uvres contribuent \u00e0 \u00e9largir notre compr\u00e9hension de l&rsquo;architecture, nous incitant \u00e0 explorer des possibilit\u00e9s toujours plus novices dans la conception de notre environnement b\u00e2ti.<\/p>\n<p><img decoding=\"async\" loading=\"lazy\" class=\"aligncenter wp-image-14084 size-full\" src=\"http:\/\/sapi.paris-lavillette.archi.fr\/CTID924\/wp-content\/uploads\/2023\/11\/Capture-decran-2023-11-12-a-14.01.00.png\" alt=\"\" width=\"603\" height=\"563\" srcset=\"https:\/\/sapi.paris-lavillette.archi.fr\/CTID924\/wp-content\/uploads\/2023\/11\/Capture-decran-2023-11-12-a-14.01.00.png 603w, https:\/\/sapi.paris-lavillette.archi.fr\/CTID924\/wp-content\/uploads\/2023\/11\/Capture-decran-2023-11-12-a-14.01.00-300x280.png 300w\" sizes=\"(max-width: 603px) 100vw, 603px\" \/><\/p>\n<p><img decoding=\"async\" loading=\"lazy\" class=\"wp-image-14086  aligncenter\" src=\"http:\/\/sapi.paris-lavillette.archi.fr\/CTID924\/wp-content\/uploads\/2023\/11\/Capture-decran-2023-11-12-a-14.11.00-1024x685.png\" alt=\"\" width=\"607\" height=\"406\" srcset=\"https:\/\/sapi.paris-lavillette.archi.fr\/CTID924\/wp-content\/uploads\/2023\/11\/Capture-decran-2023-11-12-a-14.11.00-1024x685.png 1024w, https:\/\/sapi.paris-lavillette.archi.fr\/CTID924\/wp-content\/uploads\/2023\/11\/Capture-decran-2023-11-12-a-14.11.00-300x201.png 300w, https:\/\/sapi.paris-lavillette.archi.fr\/CTID924\/wp-content\/uploads\/2023\/11\/Capture-decran-2023-11-12-a-14.11.00-768x514.png 768w, https:\/\/sapi.paris-lavillette.archi.fr\/CTID924\/wp-content\/uploads\/2023\/11\/Capture-decran-2023-11-12-a-14.11.00.png 1298w\" sizes=\"(max-width: 607px) 100vw, 607px\" \/><\/p>\n","protected":false},"excerpt":{"rendered":"<p>Introduction localisation : Tampa, \u00e9tats units Architectes : \u00a0Marc Fornes \/ THEVERYMANY Ann\u00e9e : 2018 l&rsquo;architecte : Marc Fornes, architecte DPLG en exercice, est \u00e0 la t\u00eate de THEVERYMANY, un studio bas\u00e9 \u00e0 New York sp\u00e9cialis\u00e9 dans la cr\u00e9ation de structures sp\u00e9cifiques \u00e0 un site, \u00e0 grande \u00e9chelle, int\u00e9grant harmonieusement peau, support, forme et exp\u00e9rience en un syst\u00e8me coh\u00e9rent. Au cours de la derni\u00e8re d\u00e9cennie, Marc a con\u00e7u et construit plusieurs constructions organiques \u00e0 coque mince qui repoussent les limites de la forme, de la structure et de l&rsquo;espace. Son travail se situe entre les domaines de l&rsquo;art et de l&rsquo;architecture, avec un accent particulier sur l&rsquo;art public, visant \u00e0 offrir des exp\u00e9riences spatiales uniques, \u00e0 contribuer \u00e0 l&rsquo;identit\u00e9 visuelle des lieux et \u00e0 stimuler l&rsquo;engagement communautaire. Au c\u0153ur de la pratique de Marc Fornes r\u00e9side sa ma\u00eetrise de la conception computationnelle. THEVERYMANY est le terrain d&rsquo;une recherche continue, progressant constamment vers de nouveaux r\u00e9sultats param\u00e9triques et utilisant des techniques sophistiqu\u00e9es en architecture et au-del\u00e0. Chaque projet \u00e9volue \u00e0 partir d&rsquo;explorations ant\u00e9rieures, plongeant dans la conception \u00e0 travers des codes et des protocoles computationnels, explorant des m\u00e9thodes innovantes pour articuler des surfaces courbes complexes et autoportantes en s\u00e9ries d&rsquo;\u00e9l\u00e9ments plats [&hellip;]<\/p>\n","protected":false},"author":281,"featured_media":14080,"comment_status":"open","ping_status":"closed","sticky":false,"template":"","format":"standard","meta":{"footnotes":""},"categories":[33],"tags":[],"_links":{"self":[{"href":"https:\/\/sapi.paris-lavillette.archi.fr\/CTID924\/index.php?rest_route=\/wp\/v2\/posts\/14079"}],"collection":[{"href":"https:\/\/sapi.paris-lavillette.archi.fr\/CTID924\/index.php?rest_route=\/wp\/v2\/posts"}],"about":[{"href":"https:\/\/sapi.paris-lavillette.archi.fr\/CTID924\/index.php?rest_route=\/wp\/v2\/types\/post"}],"author":[{"embeddable":true,"href":"https:\/\/sapi.paris-lavillette.archi.fr\/CTID924\/index.php?rest_route=\/wp\/v2\/users\/281"}],"replies":[{"embeddable":true,"href":"https:\/\/sapi.paris-lavillette.archi.fr\/CTID924\/index.php?rest_route=%2Fwp%2Fv2%2Fcomments&post=14079"}],"version-history":[{"count":1,"href":"https:\/\/sapi.paris-lavillette.archi.fr\/CTID924\/index.php?rest_route=\/wp\/v2\/posts\/14079\/revisions"}],"predecessor-version":[{"id":14087,"href":"https:\/\/sapi.paris-lavillette.archi.fr\/CTID924\/index.php?rest_route=\/wp\/v2\/posts\/14079\/revisions\/14087"}],"wp:featuredmedia":[{"embeddable":true,"href":"https:\/\/sapi.paris-lavillette.archi.fr\/CTID924\/index.php?rest_route=\/wp\/v2\/media\/14080"}],"wp:attachment":[{"href":"https:\/\/sapi.paris-lavillette.archi.fr\/CTID924\/index.php?rest_route=%2Fwp%2Fv2%2Fmedia&parent=14079"}],"wp:term":[{"taxonomy":"category","embeddable":true,"href":"https:\/\/sapi.paris-lavillette.archi.fr\/CTID924\/index.php?rest_route=%2Fwp%2Fv2%2Fcategories&post=14079"},{"taxonomy":"post_tag","embeddable":true,"href":"https:\/\/sapi.paris-lavillette.archi.fr\/CTID924\/index.php?rest_route=%2Fwp%2Fv2%2Ftags&post=14079"}],"curies":[{"name":"wp","href":"https:\/\/api.w.org\/{rel}","templated":true}]}}