{"id":14521,"date":"2024-01-26T23:45:16","date_gmt":"2024-01-26T22:45:16","guid":{"rendered":"http:\/\/sapi.paris-lavillette.archi.fr\/CTID924\/?p=14521"},"modified":"2024-01-26T23:50:39","modified_gmt":"2024-01-26T22:50:39","slug":"abribus-adaptatif","status":"publish","type":"post","link":"https:\/\/sapi.paris-lavillette.archi.fr\/CTID924\/?p=14521","title":{"rendered":"Abribus adaptatif"},"content":{"rendered":"<p><img decoding=\"async\" loading=\"lazy\" class=\"wp-image-14596\" src=\"http:\/\/sapi.paris-lavillette.archi.fr\/CTID924\/wp-content\/uploads\/2024\/01\/134c338a-1130-40c6-9651-f3e7bb5c899b-300x180.png\" alt=\"\" width=\"480\" height=\"288\" srcset=\"https:\/\/sapi.paris-lavillette.archi.fr\/CTID924\/wp-content\/uploads\/2024\/01\/134c338a-1130-40c6-9651-f3e7bb5c899b-300x180.png 300w, https:\/\/sapi.paris-lavillette.archi.fr\/CTID924\/wp-content\/uploads\/2024\/01\/134c338a-1130-40c6-9651-f3e7bb5c899b-1024x614.png 1024w, https:\/\/sapi.paris-lavillette.archi.fr\/CTID924\/wp-content\/uploads\/2024\/01\/134c338a-1130-40c6-9651-f3e7bb5c899b-768x461.png 768w, https:\/\/sapi.paris-lavillette.archi.fr\/CTID924\/wp-content\/uploads\/2024\/01\/134c338a-1130-40c6-9651-f3e7bb5c899b-1536x922.png 1536w, https:\/\/sapi.paris-lavillette.archi.fr\/CTID924\/wp-content\/uploads\/2024\/01\/134c338a-1130-40c6-9651-f3e7bb5c899b.png 2000w\" sizes=\"(max-width: 480px) 100vw, 480px\" \/><\/p>\n<h3><\/h3>\n<h3><span style=\"font-weight: 400;\">Premi\u00e8res intentions<\/span><\/h3>\n<p>&nbsp;<\/p>\n<p><span style=\"font-weight: 400;\">Concevoir un abribus ayant comme contraintes :<\/span><\/p>\n<p><span style=\"font-weight: 400;\">&#8211; une protection contre les intemp\u00e9ries<\/span><\/p>\n<p><span style=\"font-weight: 400;\">&#8211; une assise haute et basse<\/span><\/p>\n<p><span style=\"font-weight: 400;\">&#8211; un espace d\u2019affichage publicitaire<\/span><\/p>\n<p>&nbsp;<\/p>\n<p><span style=\"font-weight: 400;\">Il doit \u00e9galement s\u2019adapter en fonction des projets :\u00a0<\/span><\/p>\n<p><span style=\"font-weight: 400;\">&#8211; le nombre de personne qu\u2019il peut accueillir debout et\/ou assis<\/span><\/p>\n<p><span style=\"font-weight: 400;\">&#8211; les dimensions pour se placer dans le contexte<\/span><\/p>\n<h3><\/h3>\n<div id=\"attachment_14525\" style=\"width: 461px\" class=\"wp-caption alignnone\"><img aria-describedby=\"caption-attachment-14525\" decoding=\"async\" loading=\"lazy\" class=\"wp-image-14525\" src=\"http:\/\/sapi.paris-lavillette.archi.fr\/CTID924\/wp-content\/uploads\/2024\/01\/Adobe-Scan-24-janv.-2024_1-e1706095780185-300x200.jpg\" alt=\"\" width=\"451\" height=\"300\" srcset=\"https:\/\/sapi.paris-lavillette.archi.fr\/CTID924\/wp-content\/uploads\/2024\/01\/Adobe-Scan-24-janv.-2024_1-e1706095780185-300x200.jpg 300w, https:\/\/sapi.paris-lavillette.archi.fr\/CTID924\/wp-content\/uploads\/2024\/01\/Adobe-Scan-24-janv.-2024_1-e1706095780185-1024x682.jpg 1024w, https:\/\/sapi.paris-lavillette.archi.fr\/CTID924\/wp-content\/uploads\/2024\/01\/Adobe-Scan-24-janv.-2024_1-e1706095780185-768x512.jpg 768w, https:\/\/sapi.paris-lavillette.archi.fr\/CTID924\/wp-content\/uploads\/2024\/01\/Adobe-Scan-24-janv.-2024_1-e1706095780185-1536x1023.jpg 1536w, https:\/\/sapi.paris-lavillette.archi.fr\/CTID924\/wp-content\/uploads\/2024\/01\/Adobe-Scan-24-janv.-2024_1-e1706095780185.jpg 1603w\" sizes=\"(max-width: 451px) 100vw, 451px\" \/><p id=\"caption-attachment-14525\" class=\"wp-caption-text\">Dessins de lignes courbes pour suivre les mouvements du corps, mouvements naturels.<\/p><\/div>\n<div id=\"attachment_14524\" style=\"width: 461px\" class=\"wp-caption alignnone\"><img aria-describedby=\"caption-attachment-14524\" decoding=\"async\" loading=\"lazy\" class=\"wp-image-14524\" src=\"http:\/\/sapi.paris-lavillette.archi.fr\/CTID924\/wp-content\/uploads\/2024\/01\/Adobe-Scan-24-janv.-2024_2-300x203.jpg\" alt=\"\" width=\"451\" height=\"305\" srcset=\"https:\/\/sapi.paris-lavillette.archi.fr\/CTID924\/wp-content\/uploads\/2024\/01\/Adobe-Scan-24-janv.-2024_2-300x203.jpg 300w, https:\/\/sapi.paris-lavillette.archi.fr\/CTID924\/wp-content\/uploads\/2024\/01\/Adobe-Scan-24-janv.-2024_2-1024x694.jpg 1024w, https:\/\/sapi.paris-lavillette.archi.fr\/CTID924\/wp-content\/uploads\/2024\/01\/Adobe-Scan-24-janv.-2024_2-768x520.jpg 768w, https:\/\/sapi.paris-lavillette.archi.fr\/CTID924\/wp-content\/uploads\/2024\/01\/Adobe-Scan-24-janv.-2024_2-1536x1041.jpg 1536w, https:\/\/sapi.paris-lavillette.archi.fr\/CTID924\/wp-content\/uploads\/2024\/01\/Adobe-Scan-24-janv.-2024_2.jpg 1700w\" sizes=\"(max-width: 451px) 100vw, 451px\" \/><p id=\"caption-attachment-14524\" class=\"wp-caption-text\">D\u00e9but d&rsquo;objet adaptatif : plus l&rsquo;abribus s&rsquo;\u00e9largit plus l&rsquo;assise s&rsquo;agrandit et se transforme.<\/p><\/div>\n<p>&nbsp;<\/p>\n<h3><span style=\"font-weight: 400;\">Mod\u00e9lisation<\/span><\/h3>\n<div id=\"attachment_14571\" style=\"width: 452px\" class=\"wp-caption alignnone\"><img aria-describedby=\"caption-attachment-14571\" decoding=\"async\" loading=\"lazy\" class=\"wp-image-14571\" src=\"http:\/\/sapi.paris-lavillette.archi.fr\/CTID924\/wp-content\/uploads\/2024\/01\/941f9cf6-9c2a-4392-ad9e-4db6281bb628-300x180.png\" alt=\"\" width=\"442\" height=\"265\" srcset=\"https:\/\/sapi.paris-lavillette.archi.fr\/CTID924\/wp-content\/uploads\/2024\/01\/941f9cf6-9c2a-4392-ad9e-4db6281bb628-300x180.png 300w, https:\/\/sapi.paris-lavillette.archi.fr\/CTID924\/wp-content\/uploads\/2024\/01\/941f9cf6-9c2a-4392-ad9e-4db6281bb628-1024x614.png 1024w, https:\/\/sapi.paris-lavillette.archi.fr\/CTID924\/wp-content\/uploads\/2024\/01\/941f9cf6-9c2a-4392-ad9e-4db6281bb628-768x461.png 768w, https:\/\/sapi.paris-lavillette.archi.fr\/CTID924\/wp-content\/uploads\/2024\/01\/941f9cf6-9c2a-4392-ad9e-4db6281bb628-1536x922.png 1536w, https:\/\/sapi.paris-lavillette.archi.fr\/CTID924\/wp-content\/uploads\/2024\/01\/941f9cf6-9c2a-4392-ad9e-4db6281bb628.png 2000w\" sizes=\"(max-width: 442px) 100vw, 442px\" \/><p id=\"caption-attachment-14571\" class=\"wp-caption-text\">Sch\u00e9ma de la conception<\/p><\/div>\n<p>&nbsp;<\/p>\n<p>La mod\u00e9lisation dans Grasshopper reste simple pour correspondre a tous types de projet et surtout laisse place \u00e0 des possibilit\u00e9s de cr\u00e9ations et de finitions esth\u00e9tiques.<\/p>\n<p>&nbsp;<\/p>\n<p>Voici les \u00e9l\u00e9ments qui peuvent \u00eatre modifi\u00e9s en fonction du projet : la hauteur, la largeur, la longueur (pour un abri ainsi que pour les assises), les dimensions et la position des panneaux publicitaires, la fa\u00e7on d&#8217;embo\u00eeter ou non les modules entre eux.<\/p>\n<div id=\"attachment_14601\" style=\"width: 289px\" class=\"wp-caption alignnone\"><img aria-describedby=\"caption-attachment-14601\" decoding=\"async\" loading=\"lazy\" class=\"wp-image-14601 size-medium\" src=\"http:\/\/sapi.paris-lavillette.archi.fr\/CTID924\/wp-content\/uploads\/2024\/01\/5-1-279x300.png\" alt=\"\" width=\"279\" height=\"300\" srcset=\"https:\/\/sapi.paris-lavillette.archi.fr\/CTID924\/wp-content\/uploads\/2024\/01\/5-1-279x300.png 279w, https:\/\/sapi.paris-lavillette.archi.fr\/CTID924\/wp-content\/uploads\/2024\/01\/5-1.png 472w\" sizes=\"(max-width: 279px) 100vw, 279px\" \/><p id=\"caption-attachment-14601\" class=\"wp-caption-text\">Les diff\u00e9rents param\u00e8tres qui permettent de modifier un module (\u00ab\u00a0abri\u00a0\u00bb)<\/p><\/div>\n<p>&nbsp;<\/p>\n<p>La premi\u00e8re \u00e9tape consiste \u00e0 cr\u00e9er un premier module qui repr\u00e9sente un abri. Les angles de l&rsquo;abri sont courb\u00e9s gr\u00e2ce \u00e0 l&rsquo;outil \u00ab\u00a0Fillet\u00a0\u00bb (un outil que l&rsquo;on retrouvera sur toutes les courbes).<\/p>\n<p><img decoding=\"async\" loading=\"lazy\" class=\"alignnone wp-image-14598\" src=\"http:\/\/sapi.paris-lavillette.archi.fr\/CTID924\/wp-content\/uploads\/2024\/01\/1-4-300x124.png\" alt=\"\" width=\"726\" height=\"300\" srcset=\"https:\/\/sapi.paris-lavillette.archi.fr\/CTID924\/wp-content\/uploads\/2024\/01\/1-4-300x124.png 300w, https:\/\/sapi.paris-lavillette.archi.fr\/CTID924\/wp-content\/uploads\/2024\/01\/1-4-1024x423.png 1024w, https:\/\/sapi.paris-lavillette.archi.fr\/CTID924\/wp-content\/uploads\/2024\/01\/1-4-768x317.png 768w, https:\/\/sapi.paris-lavillette.archi.fr\/CTID924\/wp-content\/uploads\/2024\/01\/1-4-1536x635.png 1536w, https:\/\/sapi.paris-lavillette.archi.fr\/CTID924\/wp-content\/uploads\/2024\/01\/1-4.png 1733w\" sizes=\"(max-width: 726px) 100vw, 726px\" \/><\/p>\n<p>&nbsp;<\/p>\n<p>Apr\u00e8s avoir doubl\u00e9 cette courbe gr\u00e2ce \u00e0 l&rsquo;outil \u00ab\u00a0Offset Curves\u00a0\u00bb ainsi qu&rsquo;apr\u00e8s avoir cr\u00e9\u00e9 une surface pour obtenir l&rsquo;\u00e9paisseur de la toiture, on extrude l&rsquo;ensemble. Probl\u00e8me : ici l&rsquo;abri poss\u00e8de un \u00e9l\u00e9ment au sol comme un plancher qui supposerait qu&rsquo;il y ai une marche. L&rsquo;id\u00e9e est de cr\u00e9er un nouveau sol, une surface dont toutes parties qui seraient en dessous seraient effac\u00e9es avec \u00ab\u00a0Split Brep\u00a0\u00bb.<\/p>\n<p><img decoding=\"async\" loading=\"lazy\" class=\"alignnone wp-image-14599\" src=\"http:\/\/sapi.paris-lavillette.archi.fr\/CTID924\/wp-content\/uploads\/2024\/01\/2-4-300x123.png\" alt=\"\" width=\"727\" height=\"298\" srcset=\"https:\/\/sapi.paris-lavillette.archi.fr\/CTID924\/wp-content\/uploads\/2024\/01\/2-4-300x123.png 300w, https:\/\/sapi.paris-lavillette.archi.fr\/CTID924\/wp-content\/uploads\/2024\/01\/2-4-1024x421.png 1024w, https:\/\/sapi.paris-lavillette.archi.fr\/CTID924\/wp-content\/uploads\/2024\/01\/2-4-768x316.png 768w, https:\/\/sapi.paris-lavillette.archi.fr\/CTID924\/wp-content\/uploads\/2024\/01\/2-4-1536x632.png 1536w, https:\/\/sapi.paris-lavillette.archi.fr\/CTID924\/wp-content\/uploads\/2024\/01\/2-4.png 1733w\" sizes=\"(max-width: 727px) 100vw, 727px\" \/><\/p>\n<p>&nbsp;<\/p>\n<p>Pour ce qui est de la cr\u00e9ation du panneau publicitaire, ce sont les m\u00eames premi\u00e8res \u00e9tapes sauf qu&rsquo;ici on choisit de se placer \u00e0 l&rsquo;extr\u00e9mit\u00e9 arri\u00e8re du module.<\/p>\n<p>L&rsquo;assise prend les m\u00eames dimensions que le panneau et vient comme \u00e9l\u00e9ment porteur si la port\u00e9e repr\u00e9sent\u00e9e par la largeur de l&rsquo;abri est trop importante. A la diff\u00e9rence de la toiture, l&rsquo;assise est une polyligne dessin\u00e9e avec quatre points rassembl\u00e9s en un seul \u00e9l\u00e9ment avec \u00ab\u00a0Flatten Tree\u00a0\u00bb.<\/p>\n<p><img decoding=\"async\" loading=\"lazy\" class=\"alignnone wp-image-14600\" src=\"http:\/\/sapi.paris-lavillette.archi.fr\/CTID924\/wp-content\/uploads\/2024\/01\/3-4-300x120.png\" alt=\"\" width=\"726\" height=\"290\" srcset=\"https:\/\/sapi.paris-lavillette.archi.fr\/CTID924\/wp-content\/uploads\/2024\/01\/3-4-300x120.png 300w, https:\/\/sapi.paris-lavillette.archi.fr\/CTID924\/wp-content\/uploads\/2024\/01\/3-4-1024x408.png 1024w, https:\/\/sapi.paris-lavillette.archi.fr\/CTID924\/wp-content\/uploads\/2024\/01\/3-4-768x306.png 768w, https:\/\/sapi.paris-lavillette.archi.fr\/CTID924\/wp-content\/uploads\/2024\/01\/3-4-1536x612.png 1536w, https:\/\/sapi.paris-lavillette.archi.fr\/CTID924\/wp-content\/uploads\/2024\/01\/3-4.png 1733w\" sizes=\"(max-width: 726px) 100vw, 726px\" \/><\/p>\n<p>&nbsp;<\/p>\n<p>Pour chaque module on reprend les m\u00eames caract\u00e9ristiques pour qu&rsquo;ils puissent \u00eatre modifi\u00e9s un par un et ainsi avoir une infinit\u00e9 de combinaisons possible.<\/p>\n<div id=\"attachment_14603\" style=\"width: 781px\" class=\"wp-caption alignnone\"><img aria-describedby=\"caption-attachment-14603\" decoding=\"async\" loading=\"lazy\" class=\"wp-image-14603\" src=\"http:\/\/sapi.paris-lavillette.archi.fr\/CTID924\/wp-content\/uploads\/2024\/01\/8-300x77.png\" alt=\"\" width=\"771\" height=\"198\" srcset=\"https:\/\/sapi.paris-lavillette.archi.fr\/CTID924\/wp-content\/uploads\/2024\/01\/8-300x77.png 300w, https:\/\/sapi.paris-lavillette.archi.fr\/CTID924\/wp-content\/uploads\/2024\/01\/8-1024x263.png 1024w, https:\/\/sapi.paris-lavillette.archi.fr\/CTID924\/wp-content\/uploads\/2024\/01\/8-768x197.png 768w, https:\/\/sapi.paris-lavillette.archi.fr\/CTID924\/wp-content\/uploads\/2024\/01\/8-1536x395.png 1536w, https:\/\/sapi.paris-lavillette.archi.fr\/CTID924\/wp-content\/uploads\/2024\/01\/8.png 1875w\" sizes=\"(max-width: 771px) 100vw, 771px\" \/><p id=\"caption-attachment-14603\" class=\"wp-caption-text\">Visualisation g\u00e9n\u00e9rale sur Grasshopper<\/p><\/div>\n<p>&nbsp;<\/p>\n<h3>Rendu 3D<\/h3>\n<div id=\"attachment_14597\" style=\"width: 492px\" class=\"wp-caption alignnone\"><img aria-describedby=\"caption-attachment-14597\" decoding=\"async\" loading=\"lazy\" class=\"wp-image-14597\" src=\"http:\/\/sapi.paris-lavillette.archi.fr\/CTID924\/wp-content\/uploads\/2024\/01\/94c825f7-6dc0-4bee-b3c5-b2b8b1339d11-300x180.png\" alt=\"\" width=\"482\" height=\"289\" srcset=\"https:\/\/sapi.paris-lavillette.archi.fr\/CTID924\/wp-content\/uploads\/2024\/01\/94c825f7-6dc0-4bee-b3c5-b2b8b1339d11-300x180.png 300w, https:\/\/sapi.paris-lavillette.archi.fr\/CTID924\/wp-content\/uploads\/2024\/01\/94c825f7-6dc0-4bee-b3c5-b2b8b1339d11-1024x614.png 1024w, https:\/\/sapi.paris-lavillette.archi.fr\/CTID924\/wp-content\/uploads\/2024\/01\/94c825f7-6dc0-4bee-b3c5-b2b8b1339d11-768x461.png 768w, https:\/\/sapi.paris-lavillette.archi.fr\/CTID924\/wp-content\/uploads\/2024\/01\/94c825f7-6dc0-4bee-b3c5-b2b8b1339d11-1536x922.png 1536w, https:\/\/sapi.paris-lavillette.archi.fr\/CTID924\/wp-content\/uploads\/2024\/01\/94c825f7-6dc0-4bee-b3c5-b2b8b1339d11.png 2000w\" sizes=\"(max-width: 482px) 100vw, 482px\" \/><p id=\"caption-attachment-14597\" class=\"wp-caption-text\">Exemple avec un seul module<\/p><\/div>\n<div id=\"attachment_14595\" style=\"width: 488px\" class=\"wp-caption alignnone\"><img aria-describedby=\"caption-attachment-14595\" decoding=\"async\" loading=\"lazy\" class=\"wp-image-14595\" src=\"http:\/\/sapi.paris-lavillette.archi.fr\/CTID924\/wp-content\/uploads\/2024\/01\/c5e7f945-25ca-41be-80f9-7870092b8a0a-300x180.png\" alt=\"\" width=\"478\" height=\"287\" srcset=\"https:\/\/sapi.paris-lavillette.archi.fr\/CTID924\/wp-content\/uploads\/2024\/01\/c5e7f945-25ca-41be-80f9-7870092b8a0a-300x180.png 300w, https:\/\/sapi.paris-lavillette.archi.fr\/CTID924\/wp-content\/uploads\/2024\/01\/c5e7f945-25ca-41be-80f9-7870092b8a0a-1024x614.png 1024w, https:\/\/sapi.paris-lavillette.archi.fr\/CTID924\/wp-content\/uploads\/2024\/01\/c5e7f945-25ca-41be-80f9-7870092b8a0a-768x461.png 768w, https:\/\/sapi.paris-lavillette.archi.fr\/CTID924\/wp-content\/uploads\/2024\/01\/c5e7f945-25ca-41be-80f9-7870092b8a0a-1536x922.png 1536w, https:\/\/sapi.paris-lavillette.archi.fr\/CTID924\/wp-content\/uploads\/2024\/01\/c5e7f945-25ca-41be-80f9-7870092b8a0a.png 2000w\" sizes=\"(max-width: 478px) 100vw, 478px\" \/><p id=\"caption-attachment-14595\" class=\"wp-caption-text\">Exemple avec deux modules dont le premier est modifi\u00e9<\/p><\/div>\n<div id=\"attachment_14596\" style=\"width: 490px\" class=\"wp-caption alignnone\"><img aria-describedby=\"caption-attachment-14596\" decoding=\"async\" loading=\"lazy\" class=\"wp-image-14596\" src=\"http:\/\/sapi.paris-lavillette.archi.fr\/CTID924\/wp-content\/uploads\/2024\/01\/134c338a-1130-40c6-9651-f3e7bb5c899b-300x180.png\" alt=\"\" width=\"480\" height=\"288\" srcset=\"https:\/\/sapi.paris-lavillette.archi.fr\/CTID924\/wp-content\/uploads\/2024\/01\/134c338a-1130-40c6-9651-f3e7bb5c899b-300x180.png 300w, https:\/\/sapi.paris-lavillette.archi.fr\/CTID924\/wp-content\/uploads\/2024\/01\/134c338a-1130-40c6-9651-f3e7bb5c899b-1024x614.png 1024w, https:\/\/sapi.paris-lavillette.archi.fr\/CTID924\/wp-content\/uploads\/2024\/01\/134c338a-1130-40c6-9651-f3e7bb5c899b-768x461.png 768w, https:\/\/sapi.paris-lavillette.archi.fr\/CTID924\/wp-content\/uploads\/2024\/01\/134c338a-1130-40c6-9651-f3e7bb5c899b-1536x922.png 1536w, https:\/\/sapi.paris-lavillette.archi.fr\/CTID924\/wp-content\/uploads\/2024\/01\/134c338a-1130-40c6-9651-f3e7bb5c899b.png 2000w\" sizes=\"(max-width: 480px) 100vw, 480px\" \/><p id=\"caption-attachment-14596\" class=\"wp-caption-text\">Pareil ici avec trois modules<\/p><\/div>\n","protected":false},"excerpt":{"rendered":"<p>Premi\u00e8res intentions &nbsp; Concevoir un abribus ayant comme contraintes : &#8211; une protection contre les intemp\u00e9ries &#8211; une assise haute et basse &#8211; un espace d\u2019affichage publicitaire &nbsp; Il doit \u00e9galement s\u2019adapter en fonction des projets :\u00a0 &#8211; le nombre de personne qu\u2019il peut accueillir debout et\/ou assis &#8211; les dimensions pour se placer dans le contexte &nbsp; Mod\u00e9lisation &nbsp; La mod\u00e9lisation dans Grasshopper reste simple pour correspondre a tous types de projet et surtout laisse place \u00e0 des possibilit\u00e9s de cr\u00e9ations et de finitions esth\u00e9tiques. &nbsp; Voici les \u00e9l\u00e9ments qui peuvent \u00eatre modifi\u00e9s en fonction du projet : la hauteur, la largeur, la longueur (pour un abri ainsi que pour les assises), les dimensions et la position des panneaux publicitaires, la fa\u00e7on d&#8217;embo\u00eeter ou non les modules entre eux. &nbsp; La premi\u00e8re \u00e9tape consiste \u00e0 cr\u00e9er un premier module qui repr\u00e9sente un abri. Les angles de l&rsquo;abri sont courb\u00e9s gr\u00e2ce \u00e0 l&rsquo;outil \u00ab\u00a0Fillet\u00a0\u00bb (un outil que l&rsquo;on retrouvera sur toutes les courbes). &nbsp; Apr\u00e8s avoir doubl\u00e9 cette courbe gr\u00e2ce \u00e0 l&rsquo;outil \u00ab\u00a0Offset Curves\u00a0\u00bb ainsi qu&rsquo;apr\u00e8s avoir cr\u00e9\u00e9 une surface pour obtenir l&rsquo;\u00e9paisseur de la toiture, on extrude l&rsquo;ensemble. Probl\u00e8me : ici l&rsquo;abri poss\u00e8de un \u00e9l\u00e9ment au sol comme un [&hellip;]<\/p>\n","protected":false},"author":704,"featured_media":14596,"comment_status":"open","ping_status":"closed","sticky":false,"template":"","format":"standard","meta":{"footnotes":""},"categories":[4],"tags":[],"_links":{"self":[{"href":"https:\/\/sapi.paris-lavillette.archi.fr\/CTID924\/index.php?rest_route=\/wp\/v2\/posts\/14521"}],"collection":[{"href":"https:\/\/sapi.paris-lavillette.archi.fr\/CTID924\/index.php?rest_route=\/wp\/v2\/posts"}],"about":[{"href":"https:\/\/sapi.paris-lavillette.archi.fr\/CTID924\/index.php?rest_route=\/wp\/v2\/types\/post"}],"author":[{"embeddable":true,"href":"https:\/\/sapi.paris-lavillette.archi.fr\/CTID924\/index.php?rest_route=\/wp\/v2\/users\/704"}],"replies":[{"embeddable":true,"href":"https:\/\/sapi.paris-lavillette.archi.fr\/CTID924\/index.php?rest_route=%2Fwp%2Fv2%2Fcomments&post=14521"}],"version-history":[{"count":12,"href":"https:\/\/sapi.paris-lavillette.archi.fr\/CTID924\/index.php?rest_route=\/wp\/v2\/posts\/14521\/revisions"}],"predecessor-version":[{"id":14610,"href":"https:\/\/sapi.paris-lavillette.archi.fr\/CTID924\/index.php?rest_route=\/wp\/v2\/posts\/14521\/revisions\/14610"}],"wp:featuredmedia":[{"embeddable":true,"href":"https:\/\/sapi.paris-lavillette.archi.fr\/CTID924\/index.php?rest_route=\/wp\/v2\/media\/14596"}],"wp:attachment":[{"href":"https:\/\/sapi.paris-lavillette.archi.fr\/CTID924\/index.php?rest_route=%2Fwp%2Fv2%2Fmedia&parent=14521"}],"wp:term":[{"taxonomy":"category","embeddable":true,"href":"https:\/\/sapi.paris-lavillette.archi.fr\/CTID924\/index.php?rest_route=%2Fwp%2Fv2%2Fcategories&post=14521"},{"taxonomy":"post_tag","embeddable":true,"href":"https:\/\/sapi.paris-lavillette.archi.fr\/CTID924\/index.php?rest_route=%2Fwp%2Fv2%2Ftags&post=14521"}],"curies":[{"name":"wp","href":"https:\/\/api.w.org\/{rel}","templated":true}]}}