{"id":14538,"date":"2024-01-25T22:12:04","date_gmt":"2024-01-25T21:12:04","guid":{"rendered":"http:\/\/sapi.paris-lavillette.archi.fr\/CTID924\/?p=14538"},"modified":"2024-01-25T22:20:02","modified_gmt":"2024-01-25T21:20:02","slug":"une-boule-de-feu-une-lampe-dambiance-a-poser","status":"publish","type":"post","link":"https:\/\/sapi.paris-lavillette.archi.fr\/CTID924\/?p=14538","title":{"rendered":"Une boule de feu: une lampe d&rsquo;ambiance \u00e0 poser"},"content":{"rendered":"<div>\n<h3><\/h3>\n<p><img decoding=\"async\" loading=\"lazy\" class=\"alignnone size-medium wp-image-14545\" src=\"http:\/\/sapi.paris-lavillette.archi.fr\/CTID924\/wp-content\/uploads\/2024\/01\/IMG_2922-225x300.jpg\" alt=\"\" width=\"225\" height=\"300\" srcset=\"https:\/\/sapi.paris-lavillette.archi.fr\/CTID924\/wp-content\/uploads\/2024\/01\/IMG_2922-225x300.jpg 225w, https:\/\/sapi.paris-lavillette.archi.fr\/CTID924\/wp-content\/uploads\/2024\/01\/IMG_2922-768x1024.jpg 768w, https:\/\/sapi.paris-lavillette.archi.fr\/CTID924\/wp-content\/uploads\/2024\/01\/IMG_2922-1152x1536.jpg 1152w, https:\/\/sapi.paris-lavillette.archi.fr\/CTID924\/wp-content\/uploads\/2024\/01\/IMG_2922-1536x2048.jpg 1536w, https:\/\/sapi.paris-lavillette.archi.fr\/CTID924\/wp-content\/uploads\/2024\/01\/IMG_2922-scaled.jpg 1920w\" sizes=\"(max-width: 225px) 100vw, 225px\" \/><\/p>\n<\/div>\n<div>\n<h4>Pr\u00e9sentation du mod\u00e8le:<\/h4>\n<\/div>\n<p style=\"text-align: left;\">Dimension: 30*10cm.<\/p>\n<p style=\"text-align: left;\">Mat\u00e9rialit\u00e9: carton bois.<\/p>\n<p style=\"text-align: left;\">Nombre des pi\u00e8ces: 19 \u00e9l\u00e9ments d\u2019\u00e9paisseur \u00e9gale au 1.5mm.<\/p>\n<h4>Introduction:<\/h4>\n<div>\n<div>Dans le cadre de ce cours, opter pour un projet que l&rsquo;on peut int\u00e9grer facilement dans la vie quotidienne et le r\u00e9aliser sans difficult\u00e9 semble \u00eatre une id\u00e9e pratique et pertinente. C&rsquo;est ainsi que j&rsquo;ai d\u00e9cid\u00e9 de me concentrer sur la cr\u00e9ation d&rsquo;une lampe de table d\u00e9coup\u00e9e par la d\u00e9coupe laser, avec des dimensions adapt\u00e9es \u00e0 l&rsquo;ampoule. Ma premi\u00e8re r\u00e9flexion a \u00e9t\u00e9 de rechercher les dimensions de l&rsquo;ampoule sur Amazon afin de pouvoir \u00e9laborer le projet, et c&rsquo;est ainsi que les choses ont progress\u00e9 par la suite.<\/div>\n<div><img decoding=\"async\" loading=\"lazy\" class=\"alignnone size-medium wp-image-14548\" src=\"http:\/\/sapi.paris-lavillette.archi.fr\/CTID924\/wp-content\/uploads\/2024\/01\/0-300x161.png\" alt=\"\" width=\"300\" height=\"161\" srcset=\"https:\/\/sapi.paris-lavillette.archi.fr\/CTID924\/wp-content\/uploads\/2024\/01\/0-300x161.png 300w, https:\/\/sapi.paris-lavillette.archi.fr\/CTID924\/wp-content\/uploads\/2024\/01\/0-1024x548.png 1024w, https:\/\/sapi.paris-lavillette.archi.fr\/CTID924\/wp-content\/uploads\/2024\/01\/0-768x411.png 768w, https:\/\/sapi.paris-lavillette.archi.fr\/CTID924\/wp-content\/uploads\/2024\/01\/0-1536x822.png 1536w, https:\/\/sapi.paris-lavillette.archi.fr\/CTID924\/wp-content\/uploads\/2024\/01\/0.png 1915w\" sizes=\"(max-width: 300px) 100vw, 300px\" \/><\/div>\n<h4>Mod\u00e9lisation:<\/h4>\n<p><strong>ESSAI 1:<\/strong><\/p>\n<p>L&rsquo;utilisation de l&rsquo;outil <strong>Lights<\/strong> sur Rhinoceros m&rsquo;a permis d&rsquo;observer les jeux d&rsquo;ombres r\u00e9sultant des \u00e9l\u00e9ments de ces projets.<\/p>\n<h5><img decoding=\"async\" loading=\"lazy\" class=\"alignnone wp-image-14560\" src=\"http:\/\/sapi.paris-lavillette.archi.fr\/CTID924\/wp-content\/uploads\/2024\/01\/essai1-1-300x92.png\" alt=\"\" width=\"447\" height=\"137\" srcset=\"https:\/\/sapi.paris-lavillette.archi.fr\/CTID924\/wp-content\/uploads\/2024\/01\/essai1-1-300x92.png 300w, https:\/\/sapi.paris-lavillette.archi.fr\/CTID924\/wp-content\/uploads\/2024\/01\/essai1-1-1024x314.png 1024w, https:\/\/sapi.paris-lavillette.archi.fr\/CTID924\/wp-content\/uploads\/2024\/01\/essai1-1-768x235.png 768w, https:\/\/sapi.paris-lavillette.archi.fr\/CTID924\/wp-content\/uploads\/2024\/01\/essai1-1-1536x470.png 1536w, https:\/\/sapi.paris-lavillette.archi.fr\/CTID924\/wp-content\/uploads\/2024\/01\/essai1-1.png 1587w\" sizes=\"(max-width: 447px) 100vw, 447px\" \/><\/h5>\n<div>La conception initiale commence par esquisser une courbe (repr\u00e9sentant le profil des \u00e9l\u00e9ments verticaux) et de faire l\u2019extruder en donnant une \u00e9paisseur de 5 mm et ensuite on utilise l&rsquo;<strong>Array Curve<\/strong> pour le multiplier autour d\u2019un cercle d\u00e9termin\u00e9. Cependant, cette m\u00e9thode n&rsquo;a pas permis de cr\u00e9er une variation de profil.<\/div>\n<\/div>\n<p><strong>ESSAI 2:<\/strong><\/p>\n<p><img decoding=\"async\" loading=\"lazy\" class=\"alignnone wp-image-14552\" src=\"http:\/\/sapi.paris-lavillette.archi.fr\/CTID924\/wp-content\/uploads\/2024\/01\/essai-2-2-300x114.png\" alt=\"\" width=\"445\" height=\"169\" srcset=\"https:\/\/sapi.paris-lavillette.archi.fr\/CTID924\/wp-content\/uploads\/2024\/01\/essai-2-2-300x114.png 300w, https:\/\/sapi.paris-lavillette.archi.fr\/CTID924\/wp-content\/uploads\/2024\/01\/essai-2-2-1024x389.png 1024w, https:\/\/sapi.paris-lavillette.archi.fr\/CTID924\/wp-content\/uploads\/2024\/01\/essai-2-2-768x291.png 768w, https:\/\/sapi.paris-lavillette.archi.fr\/CTID924\/wp-content\/uploads\/2024\/01\/essai-2-2-1536x583.png 1536w, https:\/\/sapi.paris-lavillette.archi.fr\/CTID924\/wp-content\/uploads\/2024\/01\/essai-2-2.png 1660w\" sizes=\"(max-width: 445px) 100vw, 445px\" \/><img decoding=\"async\" loading=\"lazy\" class=\"alignnone wp-image-14550\" src=\"http:\/\/sapi.paris-lavillette.archi.fr\/CTID924\/wp-content\/uploads\/2024\/01\/esai-2-3-300x122.png\" alt=\"\" width=\"413\" height=\"168\" srcset=\"https:\/\/sapi.paris-lavillette.archi.fr\/CTID924\/wp-content\/uploads\/2024\/01\/esai-2-3-300x122.png 300w, https:\/\/sapi.paris-lavillette.archi.fr\/CTID924\/wp-content\/uploads\/2024\/01\/esai-2-3-1024x416.png 1024w, https:\/\/sapi.paris-lavillette.archi.fr\/CTID924\/wp-content\/uploads\/2024\/01\/esai-2-3-768x312.png 768w, https:\/\/sapi.paris-lavillette.archi.fr\/CTID924\/wp-content\/uploads\/2024\/01\/esai-2-3.png 1496w\" sizes=\"(max-width: 413px) 100vw, 413px\" \/><\/p>\n<p>Dans notre seconde tentative, le processus a d\u00e9but\u00e9 par la cr\u00e9ation d&rsquo;un cercle de base. En utilisant l&rsquo;option <strong>PFrames<\/strong>, nous avons r\u00e9ussi \u00e0 g\u00e9n\u00e9rer une pluralit\u00e9 des plans verticaux dispos\u00e9s autour du cercle. Pour diff\u00e9rencier chaque plan vertical, nous avons utilis\u00e9 les commandes <strong>Listitem<\/strong> et <strong>Orient<\/strong> afin de placer les diff\u00e9rentes courbes \u00e0 des points sp\u00e9cifiques. Il convient de souligner que les courbes variantes doivent \u00eatre pr\u00e9alablement trac\u00e9es dans Rhinoceros. Ainsi, pour chaque plan, nous avons un curve d\u00e9fini avec un point d&rsquo;ancrage permettant la transposition du curve.<\/p>\n<p><img decoding=\"async\" loading=\"lazy\" class=\"alignnone wp-image-14553\" src=\"http:\/\/sapi.paris-lavillette.archi.fr\/CTID924\/wp-content\/uploads\/2024\/01\/essai-2-4-300x129.png\" alt=\"\" width=\"445\" height=\"191\" srcset=\"https:\/\/sapi.paris-lavillette.archi.fr\/CTID924\/wp-content\/uploads\/2024\/01\/essai-2-4-300x129.png 300w, https:\/\/sapi.paris-lavillette.archi.fr\/CTID924\/wp-content\/uploads\/2024\/01\/essai-2-4-1024x441.png 1024w, https:\/\/sapi.paris-lavillette.archi.fr\/CTID924\/wp-content\/uploads\/2024\/01\/essai-2-4-768x331.png 768w, https:\/\/sapi.paris-lavillette.archi.fr\/CTID924\/wp-content\/uploads\/2024\/01\/essai-2-4.png 1466w\" sizes=\"(max-width: 445px) 100vw, 445px\" \/><img decoding=\"async\" loading=\"lazy\" class=\"alignnone wp-image-14554\" src=\"http:\/\/sapi.paris-lavillette.archi.fr\/CTID924\/wp-content\/uploads\/2024\/01\/essai-2-5-300x121.png\" alt=\"\" width=\"476\" height=\"192\" srcset=\"https:\/\/sapi.paris-lavillette.archi.fr\/CTID924\/wp-content\/uploads\/2024\/01\/essai-2-5-300x121.png 300w, https:\/\/sapi.paris-lavillette.archi.fr\/CTID924\/wp-content\/uploads\/2024\/01\/essai-2-5-1024x413.png 1024w, https:\/\/sapi.paris-lavillette.archi.fr\/CTID924\/wp-content\/uploads\/2024\/01\/essai-2-5-768x310.png 768w, https:\/\/sapi.paris-lavillette.archi.fr\/CTID924\/wp-content\/uploads\/2024\/01\/essai-2-5.png 1505w\" sizes=\"(max-width: 476px) 100vw, 476px\" \/><\/p>\n<p>Ensuite, nous avons employ\u00e9 la fonction Loft pour regrouper les courbes initiales en une seule surface, puis nous avons utilis\u00e9 l&rsquo;outil Offset pour cr\u00e9er un second loft repr\u00e9sentant la largeur de la pi\u00e8ce.<\/p>\n<p>En utilisant l&rsquo;option ParaSrfiso et en ins\u00e9rant les deux lofts (le loft initial et celui apr\u00e8s l&rsquo;Offset), ainsi qu&rsquo;une s\u00e9rie de param\u00e8tres Count et Steps, nous avons obtenu un ensemble de deux surfaces param\u00e9tris\u00e9es.<\/p>\n<p>Enfin, pour d\u00e9finir l&rsquo;\u00e9paisseur de chaque profil, nous avons utilis\u00e9 les outils DeBrep et Merge pour fusionner les deux facettes avec l&rsquo;\u00e9paisseur entre elles.<\/p>\n<p><strong>ESSAI 3:<\/strong><\/p>\n<p><img decoding=\"async\" loading=\"lazy\" class=\"alignnone size-medium wp-image-14556\" src=\"http:\/\/sapi.paris-lavillette.archi.fr\/CTID924\/wp-content\/uploads\/2024\/01\/essai-3-2-300x134.png\" alt=\"\" width=\"300\" height=\"134\" srcset=\"https:\/\/sapi.paris-lavillette.archi.fr\/CTID924\/wp-content\/uploads\/2024\/01\/essai-3-2-300x134.png 300w, https:\/\/sapi.paris-lavillette.archi.fr\/CTID924\/wp-content\/uploads\/2024\/01\/essai-3-2-1024x458.png 1024w, https:\/\/sapi.paris-lavillette.archi.fr\/CTID924\/wp-content\/uploads\/2024\/01\/essai-3-2-768x343.png 768w, https:\/\/sapi.paris-lavillette.archi.fr\/CTID924\/wp-content\/uploads\/2024\/01\/essai-3-2-1536x686.png 1536w, https:\/\/sapi.paris-lavillette.archi.fr\/CTID924\/wp-content\/uploads\/2024\/01\/essai-3-2.png 1920w\" sizes=\"(max-width: 300px) 100vw, 300px\" \/><img decoding=\"async\" loading=\"lazy\" class=\"alignnone size-medium wp-image-14555\" src=\"http:\/\/sapi.paris-lavillette.archi.fr\/CTID924\/wp-content\/uploads\/2024\/01\/essai-3-1-300x151.png\" alt=\"\" width=\"300\" height=\"151\" srcset=\"https:\/\/sapi.paris-lavillette.archi.fr\/CTID924\/wp-content\/uploads\/2024\/01\/essai-3-1-300x151.png 300w, https:\/\/sapi.paris-lavillette.archi.fr\/CTID924\/wp-content\/uploads\/2024\/01\/essai-3-1-1024x514.png 1024w, https:\/\/sapi.paris-lavillette.archi.fr\/CTID924\/wp-content\/uploads\/2024\/01\/essai-3-1-768x386.png 768w, https:\/\/sapi.paris-lavillette.archi.fr\/CTID924\/wp-content\/uploads\/2024\/01\/essai-3-1.png 1470w\" sizes=\"(max-width: 300px) 100vw, 300px\" \/><\/p>\n<div>\n<p>En utilisant les exp\u00e9riences des deux essais pr\u00e9c\u00e9dents, en particulier la deuxi\u00e8me tentative, j&rsquo;ai r\u00e9ussi \u00e0 mod\u00e9liser le projet en int\u00e9grant une vari\u00e9t\u00e9 de profils. En partant du processus de cr\u00e9ation du cercle de base et de la g\u00e9n\u00e9ration de plans verticaux gr\u00e2ce \u00e0 l&rsquo;option <strong>PFrames<\/strong>, j&rsquo;ai pu diversifier les profils en utilisant des surfaces pr\u00e9alablement trac\u00e9es.<\/p>\n<p>En utilisant la fonction <strong>Project<\/strong> sur Rhinoceros, j&rsquo;ai r\u00e9ussi \u00e0 cr\u00e9er les deux \u00e9l\u00e9ments horizontaux du projet.<\/p>\n<p>En conclusion, nous avons d\u00e9termin\u00e9 que 19 \u00e9l\u00e9ments sont n\u00e9cessaires pour r\u00e9aliser la lampe. Nous les avons dispos\u00e9s sous forme de <strong>polylignes<\/strong> dans Rhinoceros, puis nous avons utilis\u00e9 <strong>OpenNest<\/strong> pour les agencer efficacement dans un cadre de 800*440, minimisant ainsi les d\u00e9chets et conservant les ressources.<\/p>\n<p><img decoding=\"async\" loading=\"lazy\" class=\"alignnone wp-image-14557\" src=\"http:\/\/sapi.paris-lavillette.archi.fr\/CTID924\/wp-content\/uploads\/2024\/01\/essai-3-4-300x183.png\" alt=\"\" width=\"444\" height=\"271\" srcset=\"https:\/\/sapi.paris-lavillette.archi.fr\/CTID924\/wp-content\/uploads\/2024\/01\/essai-3-4-300x183.png 300w, https:\/\/sapi.paris-lavillette.archi.fr\/CTID924\/wp-content\/uploads\/2024\/01\/essai-3-4-1024x626.png 1024w, https:\/\/sapi.paris-lavillette.archi.fr\/CTID924\/wp-content\/uploads\/2024\/01\/essai-3-4-768x469.png 768w, https:\/\/sapi.paris-lavillette.archi.fr\/CTID924\/wp-content\/uploads\/2024\/01\/essai-3-4.png 1093w\" sizes=\"(max-width: 444px) 100vw, 444px\" \/><\/p>\n<p>Pour concr\u00e9tiser l&rsquo;impression, j&rsquo;ai d\u00fb ajouter des lignes aux profils, les traitant comme des rep\u00e8res pour faciliter l&rsquo;assemblage du mod\u00e8le. Ces lignes suppl\u00e9mentaires ont servi de guides lors de l&rsquo;assemblage des diff\u00e9rentes parties de la lampe, garantissant ainsi une construction pr\u00e9cise et coh\u00e9rente.<\/p>\n<p><strong>Fabrication:<\/strong><\/p>\n<p>Format de la planche: 800*600 caton bois<\/p>\n<p>J&rsquo;ai opt\u00e9 pour la d\u00e9coupe laser comme m\u00e9thode de r\u00e9alisation du projet. Le processus de d\u00e9coupe a pris environ 10 minutes pour \u00eatre compl\u00e9t\u00e9.<\/p>\n<p><img decoding=\"async\" loading=\"lazy\" class=\"alignnone wp-image-14544\" src=\"http:\/\/sapi.paris-lavillette.archi.fr\/CTID924\/wp-content\/uploads\/2024\/01\/IMG_2919-300x210.jpg\" alt=\"\" width=\"413\" height=\"289\" srcset=\"https:\/\/sapi.paris-lavillette.archi.fr\/CTID924\/wp-content\/uploads\/2024\/01\/IMG_2919-300x210.jpg 300w, https:\/\/sapi.paris-lavillette.archi.fr\/CTID924\/wp-content\/uploads\/2024\/01\/IMG_2919-1024x717.jpg 1024w, https:\/\/sapi.paris-lavillette.archi.fr\/CTID924\/wp-content\/uploads\/2024\/01\/IMG_2919-768x538.jpg 768w, https:\/\/sapi.paris-lavillette.archi.fr\/CTID924\/wp-content\/uploads\/2024\/01\/IMG_2919-1536x1076.jpg 1536w, https:\/\/sapi.paris-lavillette.archi.fr\/CTID924\/wp-content\/uploads\/2024\/01\/IMG_2919-2048x1434.jpg 2048w\" sizes=\"(max-width: 413px) 100vw, 413px\" \/><img decoding=\"async\" loading=\"lazy\" class=\"alignnone wp-image-14543\" src=\"http:\/\/sapi.paris-lavillette.archi.fr\/CTID924\/wp-content\/uploads\/2024\/01\/IMG_2877-1-300x225.jpg\" alt=\"\" width=\"413\" height=\"310\" srcset=\"https:\/\/sapi.paris-lavillette.archi.fr\/CTID924\/wp-content\/uploads\/2024\/01\/IMG_2877-1-300x225.jpg 300w, https:\/\/sapi.paris-lavillette.archi.fr\/CTID924\/wp-content\/uploads\/2024\/01\/IMG_2877-1-1024x768.jpg 1024w, https:\/\/sapi.paris-lavillette.archi.fr\/CTID924\/wp-content\/uploads\/2024\/01\/IMG_2877-1-768x576.jpg 768w, https:\/\/sapi.paris-lavillette.archi.fr\/CTID924\/wp-content\/uploads\/2024\/01\/IMG_2877-1-1536x1152.jpg 1536w, https:\/\/sapi.paris-lavillette.archi.fr\/CTID924\/wp-content\/uploads\/2024\/01\/IMG_2877-1-2048x1536.jpg 2048w\" sizes=\"(max-width: 413px) 100vw, 413px\" \/><\/p>\n<p><img decoding=\"async\" loading=\"lazy\" class=\"alignnone size-medium wp-image-14545\" src=\"http:\/\/sapi.paris-lavillette.archi.fr\/CTID924\/wp-content\/uploads\/2024\/01\/IMG_2922-225x300.jpg\" alt=\"\" width=\"225\" height=\"300\" srcset=\"https:\/\/sapi.paris-lavillette.archi.fr\/CTID924\/wp-content\/uploads\/2024\/01\/IMG_2922-225x300.jpg 225w, https:\/\/sapi.paris-lavillette.archi.fr\/CTID924\/wp-content\/uploads\/2024\/01\/IMG_2922-768x1024.jpg 768w, https:\/\/sapi.paris-lavillette.archi.fr\/CTID924\/wp-content\/uploads\/2024\/01\/IMG_2922-1152x1536.jpg 1152w, https:\/\/sapi.paris-lavillette.archi.fr\/CTID924\/wp-content\/uploads\/2024\/01\/IMG_2922-1536x2048.jpg 1536w, https:\/\/sapi.paris-lavillette.archi.fr\/CTID924\/wp-content\/uploads\/2024\/01\/IMG_2922-scaled.jpg 1920w\" sizes=\"(max-width: 225px) 100vw, 225px\" \/><\/p>\n<p>&nbsp;<\/p>\n<p>&nbsp;<\/p>\n<\/div>\n","protected":false},"excerpt":{"rendered":"<p>Pr\u00e9sentation du mod\u00e8le: Dimension: 30*10cm. Mat\u00e9rialit\u00e9: carton bois. Nombre des pi\u00e8ces: 19 \u00e9l\u00e9ments d\u2019\u00e9paisseur \u00e9gale au 1.5mm. Introduction: Dans le cadre de ce cours, opter pour un projet que l&rsquo;on peut int\u00e9grer facilement dans la vie quotidienne et le r\u00e9aliser sans difficult\u00e9 semble \u00eatre une id\u00e9e pratique et pertinente. C&rsquo;est ainsi que j&rsquo;ai d\u00e9cid\u00e9 de me concentrer sur la cr\u00e9ation d&rsquo;une lampe de table d\u00e9coup\u00e9e par la d\u00e9coupe laser, avec des dimensions adapt\u00e9es \u00e0 l&rsquo;ampoule. Ma premi\u00e8re r\u00e9flexion a \u00e9t\u00e9 de rechercher les dimensions de l&rsquo;ampoule sur Amazon afin de pouvoir \u00e9laborer le projet, et c&rsquo;est ainsi que les choses ont progress\u00e9 par la suite. Mod\u00e9lisation: ESSAI 1: L&rsquo;utilisation de l&rsquo;outil Lights sur Rhinoceros m&rsquo;a permis d&rsquo;observer les jeux d&rsquo;ombres r\u00e9sultant des \u00e9l\u00e9ments de ces projets. La conception initiale commence par esquisser une courbe (repr\u00e9sentant le profil des \u00e9l\u00e9ments verticaux) et de faire l\u2019extruder en donnant une \u00e9paisseur de 5 mm et ensuite on utilise l&rsquo;Array Curve pour le multiplier autour d\u2019un cercle d\u00e9termin\u00e9. Cependant, cette m\u00e9thode n&rsquo;a pas permis de cr\u00e9er une variation de profil. ESSAI 2: Dans notre seconde tentative, le processus a d\u00e9but\u00e9 par la cr\u00e9ation d&rsquo;un cercle de base. En utilisant l&rsquo;option PFrames, nous avons r\u00e9ussi [&hellip;]<\/p>\n","protected":false},"author":709,"featured_media":14540,"comment_status":"open","ping_status":"closed","sticky":false,"template":"","format":"standard","meta":{"footnotes":""},"categories":[4],"tags":[],"_links":{"self":[{"href":"https:\/\/sapi.paris-lavillette.archi.fr\/CTID924\/index.php?rest_route=\/wp\/v2\/posts\/14538"}],"collection":[{"href":"https:\/\/sapi.paris-lavillette.archi.fr\/CTID924\/index.php?rest_route=\/wp\/v2\/posts"}],"about":[{"href":"https:\/\/sapi.paris-lavillette.archi.fr\/CTID924\/index.php?rest_route=\/wp\/v2\/types\/post"}],"author":[{"embeddable":true,"href":"https:\/\/sapi.paris-lavillette.archi.fr\/CTID924\/index.php?rest_route=\/wp\/v2\/users\/709"}],"replies":[{"embeddable":true,"href":"https:\/\/sapi.paris-lavillette.archi.fr\/CTID924\/index.php?rest_route=%2Fwp%2Fv2%2Fcomments&post=14538"}],"version-history":[{"count":9,"href":"https:\/\/sapi.paris-lavillette.archi.fr\/CTID924\/index.php?rest_route=\/wp\/v2\/posts\/14538\/revisions"}],"predecessor-version":[{"id":14569,"href":"https:\/\/sapi.paris-lavillette.archi.fr\/CTID924\/index.php?rest_route=\/wp\/v2\/posts\/14538\/revisions\/14569"}],"wp:featuredmedia":[{"embeddable":true,"href":"https:\/\/sapi.paris-lavillette.archi.fr\/CTID924\/index.php?rest_route=\/wp\/v2\/media\/14540"}],"wp:attachment":[{"href":"https:\/\/sapi.paris-lavillette.archi.fr\/CTID924\/index.php?rest_route=%2Fwp%2Fv2%2Fmedia&parent=14538"}],"wp:term":[{"taxonomy":"category","embeddable":true,"href":"https:\/\/sapi.paris-lavillette.archi.fr\/CTID924\/index.php?rest_route=%2Fwp%2Fv2%2Fcategories&post=14538"},{"taxonomy":"post_tag","embeddable":true,"href":"https:\/\/sapi.paris-lavillette.archi.fr\/CTID924\/index.php?rest_route=%2Fwp%2Fv2%2Ftags&post=14538"}],"curies":[{"name":"wp","href":"https:\/\/api.w.org\/{rel}","templated":true}]}}