{"id":7656,"date":"2018-10-14T20:43:24","date_gmt":"2018-10-14T19:43:24","guid":{"rendered":"http:\/\/sapi.paris-lavillette.archi.fr\/CTID924\/?p=7656"},"modified":"2019-01-22T17:46:03","modified_gmt":"2019-01-22T16:46:03","slug":"__trashed-2","status":"publish","type":"post","link":"https:\/\/sapi.paris-lavillette.archi.fr\/CTID924\/?p=7656","title":{"rendered":"L&rsquo;architecture param\u00e9trique au service des conditions climatiques, exemple des tour Al Bahar"},"content":{"rendered":"<hr \/>\n<hr \/>\n<p><a href=\"http:\/\/sapi.paris-lavillette.archi.fr\/CTID924\/wp-content\/uploads\/2018\/10\/1339606088-al-bahar-new-longshot-1000x695.jpg\"><img decoding=\"async\" loading=\"lazy\" class=\"alignnone wp-image-8008\" src=\"http:\/\/sapi.paris-lavillette.archi.fr\/CTID924\/wp-content\/uploads\/2018\/10\/1339606088-al-bahar-new-longshot-1000x695-300x209.jpg\" alt=\"1339606088-al-bahar-new-longshot-1000x695\" width=\"671\" height=\"467\" srcset=\"https:\/\/sapi.paris-lavillette.archi.fr\/CTID924\/wp-content\/uploads\/2018\/10\/1339606088-al-bahar-new-longshot-1000x695-300x209.jpg 300w, https:\/\/sapi.paris-lavillette.archi.fr\/CTID924\/wp-content\/uploads\/2018\/10\/1339606088-al-bahar-new-longshot-1000x695-768x534.jpg 768w, https:\/\/sapi.paris-lavillette.archi.fr\/CTID924\/wp-content\/uploads\/2018\/10\/1339606088-al-bahar-new-longshot-1000x695.jpg 1000w\" sizes=\"(max-width: 671px) 100vw, 671px\" \/><\/a><\/p>\n<p>La question du climat dans l&rsquo;architecture est essentielle au vu des d\u00e9fis auxquels nous devons faire face. L&rsquo;environnement dans lequel se trouve le projet va d\u00e9finir ses formes, techniques et proc\u00e9d\u00e9s de fabrication. Avec l&rsquo;exemple des tours Al Bahar, construites par l&rsquo;agence d&rsquo;architecture britannique Aedas, nous allons comprendre comment r\u00e9pondre aux enjeux climatiques. Cette agence a r\u00e9alis\u00e9 de nombreuses tours et immeubles grands hauteurs \u00e0 travers le monde ( Chine, Emirats Arabe unis, Royaume Uni ), et poss\u00e8de donc logiquement une forte exp\u00e9rience dans ce domaine.<\/p>\n<p>Les tours Al Bahar ont \u00e9t\u00e9 construites en 2012 aux Emirats Arabe unis et abritent 29 \u00e9tages qui accueillent le si\u00e8ge du conseil\u00a0d&rsquo;Abu Dhabi Investment et de la banque Al Hilal. L&rsquo;implantation de ce projet dans son environnement climatique a \u00e9t\u00e9 au coeur de la r\u00e9alisation de ces derni\u00e8res. En effet, les Emirats Arabe unis sont connus pour leurs temp\u00e9ratures tr\u00e8s \u00e9lev\u00e9es en \u00e9t\u00e9 pouvant d\u00e9passer les 40\u00b0C, par cons\u00e9quent, les architectes ont d\u00fb r\u00e9fl\u00e9chir \u00e0 des \u00e9l\u00e9ments architecturaux pouvant r\u00e9pondre \u00e0 diff\u00e9rents besoin tels que: se prot\u00e9ger du soleil, avoir un refroidissement int\u00e9rieur sans utiliser des climatisations, et pouvoir alimenter le b\u00e2timent en \u00e9nergie solaire avec des panneaux photovolta\u00efques.<\/p>\n<p><strong>ZOOM SUR LA FACADE<\/strong><\/p>\n<p><a href=\"http:\/\/sapi.paris-lavillette.archi.fr\/CTID924\/wp-content\/uploads\/2018\/10\/Al-Bahar-Towers-22.jpg\"><img decoding=\"async\" loading=\"lazy\" class=\"alignnone wp-image-8014\" src=\"http:\/\/sapi.paris-lavillette.archi.fr\/CTID924\/wp-content\/uploads\/2018\/10\/Al-Bahar-Towers-22-300x199.jpg\" alt=\"Al-Bahar-Towers-22\" width=\"573\" height=\"380\" srcset=\"https:\/\/sapi.paris-lavillette.archi.fr\/CTID924\/wp-content\/uploads\/2018\/10\/Al-Bahar-Towers-22-300x199.jpg 300w, https:\/\/sapi.paris-lavillette.archi.fr\/CTID924\/wp-content\/uploads\/2018\/10\/Al-Bahar-Towers-22.jpg 728w\" sizes=\"(max-width: 573px) 100vw, 573px\" \/><\/a><a href=\"http:\/\/sapi.paris-lavillette.archi.fr\/CTID924\/wp-content\/uploads\/2018\/10\/be7b3dfab4377e5c38795aa5c6fd6983.jpg\"><img decoding=\"async\" loading=\"lazy\" class=\"alignnone wp-image-8019\" src=\"http:\/\/sapi.paris-lavillette.archi.fr\/CTID924\/wp-content\/uploads\/2018\/10\/be7b3dfab4377e5c38795aa5c6fd6983-300x199.jpg\" alt=\"be7b3dfab4377e5c38795aa5c6fd6983\" width=\"573\" height=\"380\" srcset=\"https:\/\/sapi.paris-lavillette.archi.fr\/CTID924\/wp-content\/uploads\/2018\/10\/be7b3dfab4377e5c38795aa5c6fd6983-300x199.jpg 300w, https:\/\/sapi.paris-lavillette.archi.fr\/CTID924\/wp-content\/uploads\/2018\/10\/be7b3dfab4377e5c38795aa5c6fd6983.jpg 728w\" sizes=\"(max-width: 573px) 100vw, 573px\" \/><\/a><\/p>\n<p>Sources:\u00a0https:\/\/www.gradnja.rs\/fasada-koja-se-sama-zatvara-i-otvara-u-zavisnosti-od-osuncanosti\/ et https:\/\/www.pinterest.com\/pin\/113786328071705115\/<\/p>\n<p>La composition de ces deux tours est simple: les \u00e9tages sont empil\u00e9s sur 149 m\u00e8tres de haut. Une structure de forme\u00a0hexagonale vient soutenir une premi\u00e8re peaux exterieure compos\u00e9e enti\u00e8rement de panneaux photovolta\u00efque. Ces derniers sont \u00e9quip\u00e9s de syst\u00e8mes de motorisations qui s&rsquo;adaptent aux intensit\u00e9s solaire et qui, en captant les rayons du soleil, permettent d&rsquo;ouvrir et de fermer de mani\u00e8re autonome les alv\u00e9oles en bois. Ce syst\u00e8me de filtre solaire, permet ainsi d&rsquo;apporter l&rsquo;intensit\u00e9 lumineuse n\u00e9cessaire aux bureaux, tout en r\u00e9duisant le taux de consommation \u00e9nerg\u00e9tique de pr\u00e8s de 50%.<\/p>\n<p><a href=\"http:\/\/sapi.paris-lavillette.archi.fr\/CTID924\/wp-content\/uploads\/2018\/10\/Al_Bahar_sec_long.jpg\"><img decoding=\"async\" loading=\"lazy\" class=\"alignnone wp-image-8024\" src=\"http:\/\/sapi.paris-lavillette.archi.fr\/CTID924\/wp-content\/uploads\/2018\/10\/Al_Bahar_sec_long-300x186.jpg\" alt=\"Al_Bahar_sec_long\" width=\"568\" height=\"352\" srcset=\"https:\/\/sapi.paris-lavillette.archi.fr\/CTID924\/wp-content\/uploads\/2018\/10\/Al_Bahar_sec_long-300x186.jpg 300w, https:\/\/sapi.paris-lavillette.archi.fr\/CTID924\/wp-content\/uploads\/2018\/10\/Al_Bahar_sec_long.jpg 631w\" sizes=\"(max-width: 568px) 100vw, 568px\" \/><\/a><a href=\"http:\/\/sapi.paris-lavillette.archi.fr\/CTID924\/wp-content\/uploads\/2018\/10\/8_AlBahr_1120x960.jpg\"><img decoding=\"async\" loading=\"lazy\" class=\"alignnone wp-image-8026\" src=\"http:\/\/sapi.paris-lavillette.archi.fr\/CTID924\/wp-content\/uploads\/2018\/10\/8_AlBahr_1120x960-300x257.jpg\" alt=\"Slide 1\" width=\"526\" height=\"449\" \/><\/a><\/p>\n<p>Sources:\u00a0http:\/\/www.ahr-global.com\/Al-Bahr-Towers et\u00a0https:\/\/en.wikiarquitectura.com\/building\/al-bahar-towers\/<\/p>\n<p><a href=\"http:\/\/sapi.paris-lavillette.archi.fr\/CTID924\/wp-content\/uploads\/2018\/10\/triangles-1-730x456.jpg\"><img decoding=\"async\" loading=\"lazy\" class=\"alignnone wp-image-8044\" src=\"http:\/\/sapi.paris-lavillette.archi.fr\/CTID924\/wp-content\/uploads\/2018\/10\/triangles-1-730x456-300x187.jpg\" alt=\"triangles-1-730x456\" width=\"566\" height=\"353\" srcset=\"https:\/\/sapi.paris-lavillette.archi.fr\/CTID924\/wp-content\/uploads\/2018\/10\/triangles-1-730x456-300x187.jpg 300w, https:\/\/sapi.paris-lavillette.archi.fr\/CTID924\/wp-content\/uploads\/2018\/10\/triangles-1-730x456.jpg 730w\" sizes=\"(max-width: 566px) 100vw, 566px\" \/><\/a><\/p>\n<p>Il est int\u00e9ressant de voir que ces formes sont en fait l&rsquo;accumulation de triangles, qui bougent ensemble, gr\u00e2ce \u00e0 un point de d\u00e9placement vertical qui se situe au centre de ces derniers (\u00e9tape 3 sur l&rsquo;image ci-dessus). en se d\u00e9pla\u00e7ant vers le haut, les triangles vont se recroqueviller et ainsi laisser passer la lumi\u00e8re du soleil. En faisant le mouvement inverse, les triangles vont s&rsquo;\u00e9taler et devenir totalement opaque \u00e0 la lumi\u00e8re.<\/p>\n<p><strong>REALISATION DE LA FACADE SUR GRASSHOPPER:<\/strong><\/p>\n<p>La r\u00e9alisation param\u00e9trique de cette fa\u00e7ade sur le logiciel Grasshopper, en amont de la r\u00e9alisation, permet d&rsquo;anticiper des probl\u00e8mes qu&rsquo;il est possible de rencontrer lors de la phase de chantier. Le fait que ces \u00e9l\u00e9ments soient mobiles, n\u00e9cessite une tr\u00e8s grande pr\u00e9cision afin de pr\u00e9voir l&#8217;embo\u00eetement parfait\u00a0entre chaque \u00e9l\u00e9ments, mais aussi, de visionner l&rsquo;ouverture et la fermeture de ces derniers.<\/p>\n<p>En cr\u00e9ant\u00a0un premier triangle, il est possible de mod\u00e9liser son comportement en modifiant l&rsquo;intensit\u00e9 d&rsquo;ouverture et de fermeture qui se situe au point Z ( point central ). Ainsi, en baissant le noeud \u00ab\u00a0Value\u00a0\u00bb \u00e0 0 sur Grasshopper, la forme sera ferm\u00e9e. Au contraire, en le montant \u00e0 1, la forme sera ouverte.<\/p>\n<p><a href=\"http:\/\/sapi.paris-lavillette.archi.fr\/CTID924\/wp-content\/uploads\/2018\/10\/3.1.jpg\"><img decoding=\"async\" loading=\"lazy\" class=\"alignnone wp-image-8045\" src=\"http:\/\/sapi.paris-lavillette.archi.fr\/CTID924\/wp-content\/uploads\/2018\/10\/3.1-300x157.jpg\" alt=\"3.1\" width=\"560\" height=\"293\" srcset=\"https:\/\/sapi.paris-lavillette.archi.fr\/CTID924\/wp-content\/uploads\/2018\/10\/3.1-300x157.jpg 300w, https:\/\/sapi.paris-lavillette.archi.fr\/CTID924\/wp-content\/uploads\/2018\/10\/3.1-768x401.jpg 768w, https:\/\/sapi.paris-lavillette.archi.fr\/CTID924\/wp-content\/uploads\/2018\/10\/3.1-1024x535.jpg 1024w, https:\/\/sapi.paris-lavillette.archi.fr\/CTID924\/wp-content\/uploads\/2018\/10\/3.1.jpg 1716w\" sizes=\"(max-width: 560px) 100vw, 560px\" \/><\/a><\/p>\n<p><a href=\"http:\/\/sapi.paris-lavillette.archi.fr\/CTID924\/wp-content\/uploads\/2018\/10\/3.2.jpg\"><img decoding=\"async\" loading=\"lazy\" class=\"alignnone wp-image-8046\" src=\"http:\/\/sapi.paris-lavillette.archi.fr\/CTID924\/wp-content\/uploads\/2018\/10\/3.2-300x159.jpg\" alt=\"3.2\" width=\"560\" height=\"297\" srcset=\"https:\/\/sapi.paris-lavillette.archi.fr\/CTID924\/wp-content\/uploads\/2018\/10\/3.2-300x159.jpg 300w, https:\/\/sapi.paris-lavillette.archi.fr\/CTID924\/wp-content\/uploads\/2018\/10\/3.2-768x408.jpg 768w, https:\/\/sapi.paris-lavillette.archi.fr\/CTID924\/wp-content\/uploads\/2018\/10\/3.2-1024x544.jpg 1024w, https:\/\/sapi.paris-lavillette.archi.fr\/CTID924\/wp-content\/uploads\/2018\/10\/3.2.jpg 1666w\" sizes=\"(max-width: 560px) 100vw, 560px\" \/><\/a><\/p>\n<p><a href=\"http:\/\/sapi.paris-lavillette.archi.fr\/CTID924\/wp-content\/uploads\/2018\/10\/4-1.jpg\"><img decoding=\"async\" loading=\"lazy\" class=\"alignnone wp-image-8048\" src=\"http:\/\/sapi.paris-lavillette.archi.fr\/CTID924\/wp-content\/uploads\/2018\/10\/4-1-300x140.jpg\" alt=\"4\" width=\"696\" height=\"325\" srcset=\"https:\/\/sapi.paris-lavillette.archi.fr\/CTID924\/wp-content\/uploads\/2018\/10\/4-1-300x140.jpg 300w, https:\/\/sapi.paris-lavillette.archi.fr\/CTID924\/wp-content\/uploads\/2018\/10\/4-1-768x358.jpg 768w, https:\/\/sapi.paris-lavillette.archi.fr\/CTID924\/wp-content\/uploads\/2018\/10\/4-1-1024x477.jpg 1024w, https:\/\/sapi.paris-lavillette.archi.fr\/CTID924\/wp-content\/uploads\/2018\/10\/4-1.jpg 1693w\" sizes=\"(max-width: 696px) 100vw, 696px\" \/><\/a><\/p>\n<p>Ainsi, une fois la forme d\u00e9finie et une fois que l&rsquo;on comprend comment ce premier module va se comporter, nous pouvons le multiplier afin d&rsquo;avoir un aper\u00e7ue globale sur la mobilit\u00e9 de la fa\u00e7ade.<\/p>\n<div style=\"width: 570px\" class=\"wp-caption alignnone\"><a href=\"http:\/\/sapi.paris-lavillette.archi.fr\/CTID924\/wp-content\/uploads\/2018\/10\/1.jpg\"><img decoding=\"async\" loading=\"lazy\" class=\"alignnone wp-image-8038\" src=\"http:\/\/sapi.paris-lavillette.archi.fr\/CTID924\/wp-content\/uploads\/2018\/10\/1-300x150.jpg\" alt=\"1\" width=\"560\" height=\"280\" srcset=\"https:\/\/sapi.paris-lavillette.archi.fr\/CTID924\/wp-content\/uploads\/2018\/10\/1-300x150.jpg 300w, https:\/\/sapi.paris-lavillette.archi.fr\/CTID924\/wp-content\/uploads\/2018\/10\/1-768x384.jpg 768w, https:\/\/sapi.paris-lavillette.archi.fr\/CTID924\/wp-content\/uploads\/2018\/10\/1-1024x512.jpg 1024w, https:\/\/sapi.paris-lavillette.archi.fr\/CTID924\/wp-content\/uploads\/2018\/10\/1.jpg 1764w\" sizes=\"(max-width: 560px) 100vw, 560px\" \/><\/a><p class=\"wp-caption-text\"><a href=\"http:\/\/sapi.paris-lavillette.archi.fr\/CTID924\/wp-content\/uploads\/2018\/10\/2-1.jpg\"><img decoding=\"async\" loading=\"lazy\" class=\"alignnone wp-image-8040\" src=\"http:\/\/sapi.paris-lavillette.archi.fr\/CTID924\/wp-content\/uploads\/2018\/10\/2-1-300x157.jpg\" alt=\"2\" width=\"558\" height=\"292\" srcset=\"https:\/\/sapi.paris-lavillette.archi.fr\/CTID924\/wp-content\/uploads\/2018\/10\/2-1-300x157.jpg 300w, https:\/\/sapi.paris-lavillette.archi.fr\/CTID924\/wp-content\/uploads\/2018\/10\/2-1-768x401.jpg 768w, https:\/\/sapi.paris-lavillette.archi.fr\/CTID924\/wp-content\/uploads\/2018\/10\/2-1-1024x535.jpg 1024w, https:\/\/sapi.paris-lavillette.archi.fr\/CTID924\/wp-content\/uploads\/2018\/10\/2-1.jpg 1694w\" sizes=\"(max-width: 558px) 100vw, 558px\" \/><\/a><br \/>Ci-dessus, nous pouvons visionner comment ces alv\u00e9oles vont s&rsquo;ouvrir et se refermer ensemble.<\/p><\/div>\n<p>Au vu de cet exemple, il est int\u00e9ressant de constater\u00a0qu&rsquo;en utilisant des logiciels de param\u00e9trique, il est possible de cr\u00e9er des formes complexe qui ne servent non pas uniquement de canon de beaut\u00e9, mais permettent bel et bien de r\u00e9pondre \u00e0 des probl\u00e9matiques importantes. Ainsi, pour r\u00e9compenser ce projet, il lui a \u00e9t\u00e9 attribu\u00e9 le deuxi\u00e8me prix\u00a0de\u00a0l&rsquo;<a title=\"Emporis Skyscraper Award\" href=\"https:\/\/fr.wikipedia.org\/wiki\/Emporis_Skyscraper_Award\">Emporis Skyscraper Award<\/a>\u00a0en\u00a02012, qui est un prix remis annuellement pour les nouveaux gratte-ciel r\u00e9alis\u00e9s dans le monde.<\/p>\n<p>&nbsp;<\/p>\n","protected":false},"excerpt":{"rendered":"<p>La question du climat dans l&rsquo;architecture est essentielle au vu des d\u00e9fis auxquels nous devons faire face. L&rsquo;environnement dans lequel se trouve le projet va d\u00e9finir ses formes, techniques et proc\u00e9d\u00e9s de fabrication. Avec l&rsquo;exemple des tours Al Bahar, construites par l&rsquo;agence d&rsquo;architecture britannique Aedas, nous allons comprendre comment r\u00e9pondre aux enjeux climatiques. Cette agence a r\u00e9alis\u00e9 de nombreuses tours et immeubles grands hauteurs \u00e0 travers le monde ( Chine, Emirats Arabe unis, Royaume Uni ), et poss\u00e8de donc logiquement une forte exp\u00e9rience dans ce domaine. Les tours Al Bahar ont \u00e9t\u00e9 construites en 2012 aux Emirats Arabe unis et abritent 29 \u00e9tages qui accueillent le si\u00e8ge du conseil\u00a0d&rsquo;Abu Dhabi Investment et de la banque Al Hilal. L&rsquo;implantation de ce projet dans son environnement climatique a \u00e9t\u00e9 au coeur de la r\u00e9alisation de ces derni\u00e8res. En effet, les Emirats Arabe unis sont connus pour leurs temp\u00e9ratures tr\u00e8s \u00e9lev\u00e9es en \u00e9t\u00e9 pouvant d\u00e9passer les 40\u00b0C, par cons\u00e9quent, les architectes ont d\u00fb r\u00e9fl\u00e9chir \u00e0 des \u00e9l\u00e9ments architecturaux pouvant r\u00e9pondre \u00e0 diff\u00e9rents besoin tels que: se prot\u00e9ger du soleil, avoir un refroidissement int\u00e9rieur sans utiliser des climatisations, et pouvoir alimenter le b\u00e2timent en \u00e9nergie solaire avec des panneaux photovolta\u00efques. ZOOM SUR LA FACADE [&hellip;]<\/p>\n","protected":false},"author":186,"featured_media":0,"comment_status":"open","ping_status":"open","sticky":false,"template":"","format":"standard","meta":{"footnotes":""},"categories":[33],"tags":[],"_links":{"self":[{"href":"https:\/\/sapi.paris-lavillette.archi.fr\/CTID924\/index.php?rest_route=\/wp\/v2\/posts\/7656"}],"collection":[{"href":"https:\/\/sapi.paris-lavillette.archi.fr\/CTID924\/index.php?rest_route=\/wp\/v2\/posts"}],"about":[{"href":"https:\/\/sapi.paris-lavillette.archi.fr\/CTID924\/index.php?rest_route=\/wp\/v2\/types\/post"}],"author":[{"embeddable":true,"href":"https:\/\/sapi.paris-lavillette.archi.fr\/CTID924\/index.php?rest_route=\/wp\/v2\/users\/186"}],"replies":[{"embeddable":true,"href":"https:\/\/sapi.paris-lavillette.archi.fr\/CTID924\/index.php?rest_route=%2Fwp%2Fv2%2Fcomments&post=7656"}],"version-history":[{"count":8,"href":"https:\/\/sapi.paris-lavillette.archi.fr\/CTID924\/index.php?rest_route=\/wp\/v2\/posts\/7656\/revisions"}],"predecessor-version":[{"id":8374,"href":"https:\/\/sapi.paris-lavillette.archi.fr\/CTID924\/index.php?rest_route=\/wp\/v2\/posts\/7656\/revisions\/8374"}],"wp:attachment":[{"href":"https:\/\/sapi.paris-lavillette.archi.fr\/CTID924\/index.php?rest_route=%2Fwp%2Fv2%2Fmedia&parent=7656"}],"wp:term":[{"taxonomy":"category","embeddable":true,"href":"https:\/\/sapi.paris-lavillette.archi.fr\/CTID924\/index.php?rest_route=%2Fwp%2Fv2%2Fcategories&post=7656"},{"taxonomy":"post_tag","embeddable":true,"href":"https:\/\/sapi.paris-lavillette.archi.fr\/CTID924\/index.php?rest_route=%2Fwp%2Fv2%2Ftags&post=7656"}],"curies":[{"name":"wp","href":"https:\/\/api.w.org\/{rel}","templated":true}]}}