{"id":7669,"date":"2018-10-16T09:18:53","date_gmt":"2018-10-16T08:18:53","guid":{"rendered":"http:\/\/sapi.paris-lavillette.archi.fr\/CTID924\/?p=7669"},"modified":"2018-11-03T15:24:43","modified_gmt":"2018-11-03T14:24:43","slug":"dancing-with-nature-de-francesco-cingolani","status":"publish","type":"post","link":"https:\/\/sapi.paris-lavillette.archi.fr\/CTID924\/?p=7669","title":{"rendered":"Pyl\u00f4nes \u00e9lectriques &#8211; GERMOGLI de Francesco Cingolani"},"content":{"rendered":"<p><img decoding=\"async\" loading=\"lazy\" class=\"alignnone wp-image-7749\" src=\"http:\/\/sapi.paris-lavillette.archi.fr\/CTID924\/wp-content\/uploads\/2018\/10\/Capture.JPG-feee-300x123.jpg\" alt=\"Capture.JPG feee\" width=\"573\" height=\"235\" srcset=\"https:\/\/sapi.paris-lavillette.archi.fr\/CTID924\/wp-content\/uploads\/2018\/10\/Capture.JPG-feee-300x123.jpg 300w, https:\/\/sapi.paris-lavillette.archi.fr\/CTID924\/wp-content\/uploads\/2018\/10\/Capture.JPG-feee-768x314.jpg 768w, https:\/\/sapi.paris-lavillette.archi.fr\/CTID924\/wp-content\/uploads\/2018\/10\/Capture.JPG-feee-1024x419.jpg 1024w, https:\/\/sapi.paris-lavillette.archi.fr\/CTID924\/wp-content\/uploads\/2018\/10\/Capture.JPG-feee.jpg 1119w\" sizes=\"(max-width: 573px) 100vw, 573px\" \/><\/p>\n<p><strong>Pr\u00e9sentation du projet :<\/strong><\/p>\n<p style=\"text-align: justify;\">Projet des pyl\u00f4nes \u00e9lectriques pour la soci\u00e9t\u00e9 Terna, r\u00e9alis\u00e9 en Italie.<\/p>\n<p style=\"text-align: justify;\">Il s\u2019agit d\u2019un projet de pyl\u00f4nes non-standards con\u00e7us pour \u00eatre tous diff\u00e9rents.<\/p>\n<p style=\"text-align: justify;\">Leur forme et leur inclinaison s\u2019adaptent en fonction de leur implantation dans le paysage \u00e0 travers des param\u00e8tres tels que :<\/p>\n<ol style=\"text-align: justify;\">\n<li>Les sollicitations du vent calcul\u00e9es pour chaque situation, dont r\u00e9sulte la contrainte maximale que doit supporter le pyl\u00f4ne<\/li>\n<li>L\u2019inclinaison du sol<\/li>\n<li>Le trac\u00e9 de la ligne haute tension qui influence les efforts transmis par les c\u00e2bles sur les pyl\u00f4nes. Les pyl\u00f4nes s\u2019inclinent plus ou moins pour reprendre au mieux ces efforts.<\/li>\n<\/ol>\n<p style=\"text-align: justify;\">Avec ces trois param\u00e8tres principaux, la mise en place d&rsquo;un algorithme qui permet d\u2019adapter les dessins \u00e0 ces diff\u00e9rentes conditions contextuelles.<\/p>\n<p><img decoding=\"async\" loading=\"lazy\" class=\"alignnone wp-image-7774\" src=\"http:\/\/sapi.paris-lavillette.archi.fr\/CTID924\/wp-content\/uploads\/2018\/10\/Captureffddd-300x173.jpg\" alt=\"V:\ufffd1_CONCOURS23_TERNA\ufffd3_DESSINS\ufffd1_AUTOCADDOSSIER RENDU\ufffd1-0\" width=\"822\" height=\"474\" srcset=\"https:\/\/sapi.paris-lavillette.archi.fr\/CTID924\/wp-content\/uploads\/2018\/10\/Captureffddd-300x173.jpg 300w, https:\/\/sapi.paris-lavillette.archi.fr\/CTID924\/wp-content\/uploads\/2018\/10\/Captureffddd-768x442.jpg 768w, https:\/\/sapi.paris-lavillette.archi.fr\/CTID924\/wp-content\/uploads\/2018\/10\/Captureffddd.jpg 1006w\" sizes=\"(max-width: 822px) 100vw, 822px\" \/><\/p>\n<p style=\"text-align: justify;\">Les pyl\u00f4nes sont traditionnellement des objets industriels tr\u00e8s standardis\u00e9s. Tous identiques ou presque, il s\u2019imposent dans le paysage sans tenir comptes des contraintes du contexte.<\/p>\n<p style=\"text-align: justify;\">Le projet, propose une solution totalement radicale : construire des pyl\u00f4nes comme des pi\u00e8ces uniques.<\/p>\n<p style=\"text-align: justify;\"><strong>Le concepts :<\/strong><\/p>\n<p style=\"text-align: justify;\">Le nom GERMOGLIO (un mot italien signifiant le microbe(germe)), a \u00e9t\u00e9 choisi pour rappeler \u00e0 l&rsquo;analogie v\u00e9g\u00e9tale qui a inspir\u00e9 les premi\u00e8res pens\u00e9es du design, le projet et donc inspir\u00e9 par la forme des pousses d\u2019une jeune plante avec le slogan \u00ab\u00a0Dansant avec la Nature\u00a0\u00bb, cette vision du biomim\u00e9tisme ne serai t&rsquo;elle pas excessive,nous l\u2019utiliserions nous pas trop souvent pour au final ce rendre compte que tout est \u00e0 l&rsquo;origine de la nature.<\/p>\n<p style=\"text-align: justify;\"><img decoding=\"async\" loading=\"lazy\" class=\"alignnone wp-image-8233\" src=\"http:\/\/sapi.paris-lavillette.archi.fr\/CTID924\/wp-content\/uploads\/2018\/10\/Germogli_Sketch-300x83.jpg\" alt=\"Germogli_Sketch\" width=\"621\" height=\"172\" srcset=\"https:\/\/sapi.paris-lavillette.archi.fr\/CTID924\/wp-content\/uploads\/2018\/10\/Germogli_Sketch-300x83.jpg 300w, https:\/\/sapi.paris-lavillette.archi.fr\/CTID924\/wp-content\/uploads\/2018\/10\/Germogli_Sketch-768x213.jpg 768w, https:\/\/sapi.paris-lavillette.archi.fr\/CTID924\/wp-content\/uploads\/2018\/10\/Germogli_Sketch-1024x283.jpg 1024w\" sizes=\"(max-width: 621px) 100vw, 621px\" \/><\/p>\n<p style=\"text-align: justify;\"><img decoding=\"async\" loading=\"lazy\" class=\"alignnone wp-image-8234\" src=\"http:\/\/sapi.paris-lavillette.archi.fr\/CTID924\/wp-content\/uploads\/2018\/10\/Germogli_Sketch2-300x294.jpg\" alt=\"Germogli_Sketch2\" width=\"222\" height=\"218\" srcset=\"https:\/\/sapi.paris-lavillette.archi.fr\/CTID924\/wp-content\/uploads\/2018\/10\/Germogli_Sketch2-300x294.jpg 300w, https:\/\/sapi.paris-lavillette.archi.fr\/CTID924\/wp-content\/uploads\/2018\/10\/Germogli_Sketch2-50x50.jpg 50w, https:\/\/sapi.paris-lavillette.archi.fr\/CTID924\/wp-content\/uploads\/2018\/10\/Germogli_Sketch2.jpg 564w\" sizes=\"(max-width: 222px) 100vw, 222px\" \/><\/p>\n<p style=\"text-align: justify;\">Les pyl\u00f4nes de\u00a0<a href=\"https:\/\/www.archdaily.com\/tag\/hda\">HDA<\/a>\u00a0agissent sur la base de la tens\u00e9grit\u00e9 de Fuller, les \u00ab\u00a0pousses\u00a0\u00bb \u00e9tant stabilis\u00e9es par un syst\u00e8me de c\u00e2bles de tension situ\u00e9s \u00e0 leur extr\u00e9mit\u00e9.\u00a0La tension et la compression du syst\u00e8me conf\u00e8rent au pyl\u00f4ne une force \u00e9lastique qui lui permet de r\u00e9sister aux forces du vent et de conserver une \u00e9l\u00e9gance optimale.\u00a0Leurs surfaces triangulaires sont inclin\u00e9es pour refl\u00e9ter la lumi\u00e8re pour devenir un plan singulier et \u00e9l\u00e9gant avec une ombre minimale.<\/p>\n<p style=\"text-align: justify;\">Les\u00a0 pyl\u00f4nes r\u00e9pondent individuellement \u00e0 leur contexte et \u00e0 leurs forces naturelles. Ils\u00a0s&rsquo;inclinent dans la direction des forces des c\u00e2bles qu&rsquo;ils doivent transporter, cr\u00e9ant ainsi l&rsquo;allusion des pyl\u00f4nes \u00e0 travers le paysage. Ils\u00a0trouvent un \u00e9quilibre structurel en s\u2019appuyant sur la courbe des c\u00e2bles \u00e9lectriques en suivant les contraintes du paysage.<\/p>\n<p><img decoding=\"async\" loading=\"lazy\" class=\"alignnone wp-image-7787\" src=\"http:\/\/sapi.paris-lavillette.archi.fr\/CTID924\/wp-content\/uploads\/2018\/10\/fm-300x78.jpg\" alt=\"fm\" width=\"842\" height=\"219\" srcset=\"https:\/\/sapi.paris-lavillette.archi.fr\/CTID924\/wp-content\/uploads\/2018\/10\/fm-300x78.jpg 300w, https:\/\/sapi.paris-lavillette.archi.fr\/CTID924\/wp-content\/uploads\/2018\/10\/fm-768x199.jpg 768w, https:\/\/sapi.paris-lavillette.archi.fr\/CTID924\/wp-content\/uploads\/2018\/10\/fm-1024x265.jpg 1024w, https:\/\/sapi.paris-lavillette.archi.fr\/CTID924\/wp-content\/uploads\/2018\/10\/fm.jpg 1880w\" sizes=\"(max-width: 842px) 100vw, 842px\" \/><\/p>\n<p><b>Conception param\u00e9trique du projet Germogli :<\/b><\/p>\n<p style=\"text-align: justify;\"><span style=\"color: #000000;\">La\u00a0conception param\u00e9trique\u00a0est un mode de fonctionnement des logiciels de\u00a0conception assist\u00e9e par ordinateur\u00a0actuels. Il s&rsquo;agit de d\u00e9finir une entit\u00e9 par des param\u00e8tres qui peuvent \u00eatre modifi\u00e9s facilement. De cette fa\u00e7on, on change ais\u00e9ment la d\u00e9finition d&rsquo;une pi\u00e8ce.<\/span><\/p>\n<p style=\"text-align: justify;\"><span style=\"color: #000000;\">Les param\u00e8tres peuvent \u00eatre de plusieurs types\u00a0: intrins\u00e8ques (longueurs, angles), cart\u00e9siens (coordonn\u00e9es par rapport \u00e0 un rep\u00e8re), situationnels (distance, angle entre 2 \u00e9l\u00e9ments)<\/span><\/p>\n<p style=\"text-align: justify;\"><img decoding=\"async\" loading=\"lazy\" class=\"alignnone wp-image-8243\" src=\"http:\/\/sapi.paris-lavillette.archi.fr\/CTID924\/wp-content\/uploads\/2018\/10\/323990_4320721701704ss29_1359041828_o-300x155.jpg\" alt=\"323990_4320721701704ss29_1359041828_o\" width=\"850\" height=\"439\" srcset=\"https:\/\/sapi.paris-lavillette.archi.fr\/CTID924\/wp-content\/uploads\/2018\/10\/323990_4320721701704ss29_1359041828_o-300x155.jpg 300w, https:\/\/sapi.paris-lavillette.archi.fr\/CTID924\/wp-content\/uploads\/2018\/10\/323990_4320721701704ss29_1359041828_o-768x397.jpg 768w, https:\/\/sapi.paris-lavillette.archi.fr\/CTID924\/wp-content\/uploads\/2018\/10\/323990_4320721701704ss29_1359041828_o-1024x530.jpg 1024w, https:\/\/sapi.paris-lavillette.archi.fr\/CTID924\/wp-content\/uploads\/2018\/10\/323990_4320721701704ss29_1359041828_o.jpg 1980w\" sizes=\"(max-width: 850px) 100vw, 850px\" \/><\/p>\n<p style=\"text-align: left;\"><span lang=\"fr\">\u00a0 \u00a0 \u00a0 \u00a0 \u00a0 \u00a0 \u00a0 \u00a0 \u00a0 \u00a0 \u00a0 \u00a0 \u00a0 \u00a0 \u00a0 \u00a0 \u00a0 \u00a0 \u00a0 \u00a0 \u00a0 Programmation\u00a0du projet\u00a0 \u00a0 \u00a0 \u00a0 \u00a0 \u00a0 \u00a0 \u00a0 \u00a0 \u00a0 \u00a0 \u00a0 \u00a0 \u00a0 \u00a0 \u00a0 \u00a0 \u00a0 \u00a0 \u00a0 \u00a0 \u00a0 \u00a0 \u00a0 \u00a0 \u00a0 \u00a0 \u00a0calcul HDA<\/span><\/p>\n<p><b>La construction\u00a0:<\/b><\/p>\n<p><img decoding=\"async\" loading=\"lazy\" class=\"alignnone wp-image-8237\" src=\"http:\/\/sapi.paris-lavillette.archi.fr\/CTID924\/wp-content\/uploads\/2018\/10\/Prototipo_palo_RosentalDutton_1224x1632-590x786-1-300x201.jpg\" alt=\"Prototipo_palo_RosentalDutton_1224x1632-590x786\" width=\"837\" height=\"561\" srcset=\"https:\/\/sapi.paris-lavillette.archi.fr\/CTID924\/wp-content\/uploads\/2018\/10\/Prototipo_palo_RosentalDutton_1224x1632-590x786-1-300x201.jpg 300w, https:\/\/sapi.paris-lavillette.archi.fr\/CTID924\/wp-content\/uploads\/2018\/10\/Prototipo_palo_RosentalDutton_1224x1632-590x786-1-768x515.jpg 768w, https:\/\/sapi.paris-lavillette.archi.fr\/CTID924\/wp-content\/uploads\/2018\/10\/Prototipo_palo_RosentalDutton_1224x1632-590x786-1-1024x687.jpg 1024w, https:\/\/sapi.paris-lavillette.archi.fr\/CTID924\/wp-content\/uploads\/2018\/10\/Prototipo_palo_RosentalDutton_1224x1632-590x786-1.jpg 1172w\" sizes=\"(max-width: 837px) 100vw, 837px\" \/><\/p>\n<p><img decoding=\"async\" loading=\"lazy\" class=\"alignnone wp-image-8241\" src=\"http:\/\/sapi.paris-lavillette.archi.fr\/CTID924\/wp-content\/uploads\/2018\/10\/422374_432453843465595_1882880383_n-300x200.jpg\" alt=\"422374_432453843465595_1882880383_n\" width=\"836\" height=\"557\" srcset=\"https:\/\/sapi.paris-lavillette.archi.fr\/CTID924\/wp-content\/uploads\/2018\/10\/422374_432453843465595_1882880383_n-300x200.jpg 300w, https:\/\/sapi.paris-lavillette.archi.fr\/CTID924\/wp-content\/uploads\/2018\/10\/422374_432453843465595_1882880383_n-768x513.jpg 768w, https:\/\/sapi.paris-lavillette.archi.fr\/CTID924\/wp-content\/uploads\/2018\/10\/422374_432453843465595_1882880383_n-1024x684.jpg 1024w, https:\/\/sapi.paris-lavillette.archi.fr\/CTID924\/wp-content\/uploads\/2018\/10\/422374_432453843465595_1882880383_n.jpg 1411w\" sizes=\"(max-width: 836px) 100vw, 836px\" \/><\/p>\n<p><b>Le r\u00e9sultat du projet sur l\u2019environnement\u00a0paysag\u00e9:<\/b><\/p>\n<p><img decoding=\"async\" loading=\"lazy\" class=\"alignnone wp-image-8240\" src=\"http:\/\/sapi.paris-lavillette.archi.fr\/CTID924\/wp-content\/uploads\/2018\/10\/338585_432056453505334_814355550ssq_o-300x200.jpg\" alt=\"338585_432056453505334_814355550ssq_o\" width=\"834\" height=\"556\" srcset=\"https:\/\/sapi.paris-lavillette.archi.fr\/CTID924\/wp-content\/uploads\/2018\/10\/338585_432056453505334_814355550ssq_o-300x200.jpg 300w, https:\/\/sapi.paris-lavillette.archi.fr\/CTID924\/wp-content\/uploads\/2018\/10\/338585_432056453505334_814355550ssq_o-768x511.jpg 768w, https:\/\/sapi.paris-lavillette.archi.fr\/CTID924\/wp-content\/uploads\/2018\/10\/338585_432056453505334_814355550ssq_o-1024x681.jpg 1024w, https:\/\/sapi.paris-lavillette.archi.fr\/CTID924\/wp-content\/uploads\/2018\/10\/338585_432056453505334_814355550ssq_o.jpg 2048w\" sizes=\"(max-width: 834px) 100vw, 834px\" \/><\/p>\n","protected":false},"excerpt":{"rendered":"<p>Pr\u00e9sentation du projet : Projet des pyl\u00f4nes \u00e9lectriques pour la soci\u00e9t\u00e9 Terna, r\u00e9alis\u00e9 en Italie. Il s\u2019agit d\u2019un projet de pyl\u00f4nes non-standards con\u00e7us pour \u00eatre tous diff\u00e9rents. Leur forme et leur inclinaison s\u2019adaptent en fonction de leur implantation dans le paysage \u00e0 travers des param\u00e8tres tels que : Les sollicitations du vent calcul\u00e9es pour chaque situation, dont r\u00e9sulte la contrainte maximale que doit supporter le pyl\u00f4ne L\u2019inclinaison du sol Le trac\u00e9 de la ligne haute tension qui influence les efforts transmis par les c\u00e2bles sur les pyl\u00f4nes. Les pyl\u00f4nes s\u2019inclinent plus ou moins pour reprendre au mieux ces efforts. Avec ces trois param\u00e8tres principaux, la mise en place d&rsquo;un algorithme qui permet d\u2019adapter les dessins \u00e0 ces diff\u00e9rentes conditions contextuelles. Les pyl\u00f4nes sont traditionnellement des objets industriels tr\u00e8s standardis\u00e9s. Tous identiques ou presque, il s\u2019imposent dans le paysage sans tenir comptes des contraintes du contexte. Le projet, propose une solution totalement radicale : construire des pyl\u00f4nes comme des pi\u00e8ces uniques. Le concepts : Le nom GERMOGLIO (un mot italien signifiant le microbe(germe)), a \u00e9t\u00e9 choisi pour rappeler \u00e0 l&rsquo;analogie v\u00e9g\u00e9tale qui a inspir\u00e9 les premi\u00e8res pens\u00e9es du design, le projet et donc inspir\u00e9 par la forme des pousses d\u2019une jeune [&hellip;]<\/p>\n","protected":false},"author":181,"featured_media":0,"comment_status":"open","ping_status":"open","sticky":false,"template":"","format":"standard","meta":{"footnotes":""},"categories":[33],"tags":[],"_links":{"self":[{"href":"https:\/\/sapi.paris-lavillette.archi.fr\/CTID924\/index.php?rest_route=\/wp\/v2\/posts\/7669"}],"collection":[{"href":"https:\/\/sapi.paris-lavillette.archi.fr\/CTID924\/index.php?rest_route=\/wp\/v2\/posts"}],"about":[{"href":"https:\/\/sapi.paris-lavillette.archi.fr\/CTID924\/index.php?rest_route=\/wp\/v2\/types\/post"}],"author":[{"embeddable":true,"href":"https:\/\/sapi.paris-lavillette.archi.fr\/CTID924\/index.php?rest_route=\/wp\/v2\/users\/181"}],"replies":[{"embeddable":true,"href":"https:\/\/sapi.paris-lavillette.archi.fr\/CTID924\/index.php?rest_route=%2Fwp%2Fv2%2Fcomments&post=7669"}],"version-history":[{"count":19,"href":"https:\/\/sapi.paris-lavillette.archi.fr\/CTID924\/index.php?rest_route=\/wp\/v2\/posts\/7669\/revisions"}],"predecessor-version":[{"id":8246,"href":"https:\/\/sapi.paris-lavillette.archi.fr\/CTID924\/index.php?rest_route=\/wp\/v2\/posts\/7669\/revisions\/8246"}],"wp:attachment":[{"href":"https:\/\/sapi.paris-lavillette.archi.fr\/CTID924\/index.php?rest_route=%2Fwp%2Fv2%2Fmedia&parent=7669"}],"wp:term":[{"taxonomy":"category","embeddable":true,"href":"https:\/\/sapi.paris-lavillette.archi.fr\/CTID924\/index.php?rest_route=%2Fwp%2Fv2%2Fcategories&post=7669"},{"taxonomy":"post_tag","embeddable":true,"href":"https:\/\/sapi.paris-lavillette.archi.fr\/CTID924\/index.php?rest_route=%2Fwp%2Fv2%2Ftags&post=7669"}],"curies":[{"name":"wp","href":"https:\/\/api.w.org\/{rel}","templated":true}]}}