{"id":7681,"date":"2018-10-16T09:24:12","date_gmt":"2018-10-16T08:24:12","guid":{"rendered":"http:\/\/sapi.paris-lavillette.archi.fr\/CTID924\/?p=7681"},"modified":"2019-03-02T17:28:55","modified_gmt":"2019-03-02T16:28:55","slug":"mass-imperfections-aau-anastas-x-local-industries","status":"publish","type":"post","link":"https:\/\/sapi.paris-lavillette.archi.fr\/CTID924\/?p=7681","title":{"rendered":"Imperfections de masse \/ AAU Anastas x Local Industries"},"content":{"rendered":"<p><b>Imperfections de masse \/ AAU Anastas x Local Industries\u00a0<\/b><b><br \/>\n<\/b><\/p>\n<p><img decoding=\"async\" class=\"aligncenter wp-image-7691 size-full\" src=\"http:\/\/sapi.paris-lavillette.archi.fr\/CTID924\/wp-content\/uploads\/2018\/10\/01.jpg\" alt=\"01\" width=\"100%\" height=\"1000\" srcset=\"https:\/\/sapi.paris-lavillette.archi.fr\/CTID924\/wp-content\/uploads\/2018\/10\/01.jpg 2000w, https:\/\/sapi.paris-lavillette.archi.fr\/CTID924\/wp-content\/uploads\/2018\/10\/01-300x150.jpg 300w, https:\/\/sapi.paris-lavillette.archi.fr\/CTID924\/wp-content\/uploads\/2018\/10\/01-768x384.jpg 768w, https:\/\/sapi.paris-lavillette.archi.fr\/CTID924\/wp-content\/uploads\/2018\/10\/01-1024x512.jpg 1024w\" sizes=\"(max-width: 2000px) 100vw, 2000px\" \/>Photo \u00a9 AAU ANASTAS &amp; Local Industries<\/p>\n<div class=\"oSioSc\">\n<div id=\"tw-target\">\n<div id=\"tw-target-text-container\" class=\"gsrt tw-ta-container tw-nfl\">\n<p class=\"tw-data-text tw-ta tw-text-small\" dir=\"ltr\" style=\"text-align: justify;\" data-placeholder=\"Traduction\"><span lang=\"fr\">Les architectes palestiniens Elias et Yousef Anastas de l&rsquo;AUA Anastas ont r\u00e9cemment achev\u00e9 la construction d&rsquo;une structure compos\u00e9e de modules en bois d&rsquo;olivier fabriqu\u00e9s \u00e0 la main. La pi\u00e8ce s&rsquo;inspire des techniques de broderie traditionnelles et constitue une r\u00e9action \u00e0 la production en s\u00e9rie de sculptures \u00absaintes\u00bb dans l&rsquo;industrie des souvenirs palestiniens. La structure a \u00e9t\u00e9 pr\u00e9sent\u00e9e \u00e0 la Dubai Design Week 2016 en octobre. Karamba 3D a \u00e9t\u00e9 mis en \u0153uvre en tant qu&rsquo;outil d&rsquo;analyse de la performance structurelle de la pi\u00e8ce.<\/span><\/p>\n<p><span lang=\"fr\"><img decoding=\"async\" class=\"aligncenter wp-image-7696 size-full\" src=\"http:\/\/sapi.paris-lavillette.archi.fr\/CTID924\/wp-content\/uploads\/2018\/10\/02.jpg\" alt=\"02\" width=\"100%\" height=\"1500\" srcset=\"https:\/\/sapi.paris-lavillette.archi.fr\/CTID924\/wp-content\/uploads\/2018\/10\/02.jpg 1200w, https:\/\/sapi.paris-lavillette.archi.fr\/CTID924\/wp-content\/uploads\/2018\/10\/02-240x300.jpg 240w, https:\/\/sapi.paris-lavillette.archi.fr\/CTID924\/wp-content\/uploads\/2018\/10\/02-768x960.jpg 768w, https:\/\/sapi.paris-lavillette.archi.fr\/CTID924\/wp-content\/uploads\/2018\/10\/02-819x1024.jpg 819w\" sizes=\"(max-width: 1200px) 100vw, 1200px\" \/>Photo \u00a9 AAU ANASTAS &amp; Local Industries <\/span><\/p>\n<div class=\"oSioSc\">\n<div id=\"tw-target\">\n<div id=\"tw-target-text-container\" class=\"gsrt tw-ta-container tw-nfl\">\n<p class=\"tw-data-text tw-ta tw-text-small\" dir=\"ltr\" style=\"text-align: justify;\" data-placeholder=\"Traduction\"><span lang=\"fr\">\u00ab\u00a0Le processus de fabrication d&rsquo;objets en bois d&rsquo;olivier \u00e0 Bethl\u00e9em remet en question la personnalisation de masse hautement technologique. Imperfections de masse est un projet qui exp\u00e9rimente le potentiel de fabrication artisanale pour la construction de structures \u00e0 grande \u00e9chelle. Le projet exp\u00e9rimente la capacit\u00e9 artisanale afin de revenir au premier plan des processus de fabrication. Les imperfections de masse d\u00e9fient les processus de fabrication de haute technologie en surveillant et en anticipant les imperfections d&rsquo;artisans .\u00a0\u00bb(AAU ANASTAS)<\/span><\/p>\n<p><img decoding=\"async\" class=\"aligncenter wp-image-7697 size-full\" src=\"http:\/\/sapi.paris-lavillette.archi.fr\/CTID924\/wp-content\/uploads\/2018\/10\/03.jpg\" alt=\"03\" width=\"100%\" height=\"750\" srcset=\"https:\/\/sapi.paris-lavillette.archi.fr\/CTID924\/wp-content\/uploads\/2018\/10\/03.jpg 1500w, https:\/\/sapi.paris-lavillette.archi.fr\/CTID924\/wp-content\/uploads\/2018\/10\/03-300x150.jpg 300w, https:\/\/sapi.paris-lavillette.archi.fr\/CTID924\/wp-content\/uploads\/2018\/10\/03-768x384.jpg 768w, https:\/\/sapi.paris-lavillette.archi.fr\/CTID924\/wp-content\/uploads\/2018\/10\/03-1024x512.jpg 1024w\" sizes=\"(max-width: 1500px) 100vw, 1500px\" \/><br \/>\n<img decoding=\"async\" class=\"aligncenter wp-image-7698 size-full\" src=\"http:\/\/sapi.paris-lavillette.archi.fr\/CTID924\/wp-content\/uploads\/2018\/10\/04.jpg\" alt=\"04\" width=\"100%\" height=\"750\" srcset=\"https:\/\/sapi.paris-lavillette.archi.fr\/CTID924\/wp-content\/uploads\/2018\/10\/04.jpg 1500w, https:\/\/sapi.paris-lavillette.archi.fr\/CTID924\/wp-content\/uploads\/2018\/10\/04-300x150.jpg 300w, https:\/\/sapi.paris-lavillette.archi.fr\/CTID924\/wp-content\/uploads\/2018\/10\/04-768x384.jpg 768w, https:\/\/sapi.paris-lavillette.archi.fr\/CTID924\/wp-content\/uploads\/2018\/10\/04-1024x512.jpg 1024w\" sizes=\"(max-width: 1500px) 100vw, 1500px\" \/><\/p>\n<p class=\"tw-data-text tw-ta tw-text-small\" dir=\"ltr\" style=\"text-align: justify;\" data-placeholder=\"Traduction\">Carving details \/ Copy machine: calibration of pieces \u00a9 AAU ANASTAS &amp; Local Industries<\/p>\n<div class=\"oSioSc\">\n<div id=\"tw-target\">\n<div id=\"tw-target-text-container\" class=\"gsrt tw-ta-container tw-nfl\">\n<p class=\"tw-data-text tw-ta tw-text-small\" dir=\"ltr\" style=\"text-align: justify;\" data-placeholder=\"Traduction\"><span lang=\"fr\">La forme globale de la structure est une arche de 3 m de hauteur compos\u00e9e de pi\u00e8ces en bois d\u2019olivier d\u2019une \u00e9paisseur de 1 cm. La structure est compos\u00e9e de 552 pi\u00e8ces en bois d\u2019olivier appuy\u00e9es l\u2019une sur l\u2019autre. Chaque panneau en bois d&rsquo;olivier a six sommets, dont trois sont support\u00e9s par trois panneaux voisins, tandis que les trois autres supportent trois autres panneaux voisins. En ce sens, la structure est r\u00e9ciproque; chaque panneau joue un r\u00f4le structurel et topologique \u00e9quivalent dans la stabilit\u00e9 globale de la structure.<br \/>\n<\/span><span lang=\"fr\"><br \/>\n<\/span><\/p>\n<p class=\"tw-data-text tw-ta tw-text-small\" dir=\"ltr\" style=\"text-align: justify;\" data-placeholder=\"Traduction\"><span lang=\"fr\"><img decoding=\"async\" class=\"aligncenter wp-image-7706 size-full\" src=\"http:\/\/sapi.paris-lavillette.archi.fr\/CTID924\/wp-content\/uploads\/2018\/10\/05.jpg\" alt=\"05\" width=\"100%\" height=\"750\" srcset=\"https:\/\/sapi.paris-lavillette.archi.fr\/CTID924\/wp-content\/uploads\/2018\/10\/05.jpg 1500w, https:\/\/sapi.paris-lavillette.archi.fr\/CTID924\/wp-content\/uploads\/2018\/10\/05-300x150.jpg 300w, https:\/\/sapi.paris-lavillette.archi.fr\/CTID924\/wp-content\/uploads\/2018\/10\/05-768x384.jpg 768w, https:\/\/sapi.paris-lavillette.archi.fr\/CTID924\/wp-content\/uploads\/2018\/10\/05-1024x512.jpg 1024w\" sizes=\"(max-width: 1500px) 100vw, 1500px\" \/><br \/>\n<img decoding=\"async\" class=\"aligncenter wp-image-7707 size-full\" src=\"http:\/\/sapi.paris-lavillette.archi.fr\/CTID924\/wp-content\/uploads\/2018\/10\/06.jpg\" alt=\"06\" width=\"100%\" height=\"750\" srcset=\"https:\/\/sapi.paris-lavillette.archi.fr\/CTID924\/wp-content\/uploads\/2018\/10\/06.jpg 1500w, https:\/\/sapi.paris-lavillette.archi.fr\/CTID924\/wp-content\/uploads\/2018\/10\/06-300x150.jpg 300w, https:\/\/sapi.paris-lavillette.archi.fr\/CTID924\/wp-content\/uploads\/2018\/10\/06-768x384.jpg 768w, https:\/\/sapi.paris-lavillette.archi.fr\/CTID924\/wp-content\/uploads\/2018\/10\/06-1024x512.jpg 1024w\" sizes=\"(max-width: 1500px) 100vw, 1500px\" \/> Carving details \/ Copy machine: calibration of pieces \u00a9 AAU ANASTAS &amp; Local Industries <\/span><\/p>\n<p class=\"tw-data-text tw-ta tw-text-small\" dir=\"ltr\" style=\"text-align: justify;\" data-placeholder=\"Traduction\"><span lang=\"fr\">La forme globale de la structure a \u00e9t\u00e9 d\u00e9termin\u00e9e conform\u00e9ment \u00e0 un processus de conception du continum num\u00e9rique. Apr\u00e8s plusieurs essais d&rsquo;une fabrication artisanale avec une g\u00e9om\u00e9trie complexe, le niveau des imperfections a d\u00e9termin\u00e9 la famille de modules possibles et, par cons\u00e9quent, les formes globales potentielles. La compr\u00e9hension et le suivi des imperfections ont contribu\u00e9 \u00e0 une fusion entre la compr\u00e9hension profonde des savoir-faire locaux et les capacit\u00e9s d&rsquo;\u00e9largir ou de maitriser le r\u00e9sultat final par de nouvelles technologies.<\/span><\/p>\n<p><img decoding=\"async\" class=\"aligncenter wp-image-7713 size-full\" src=\"http:\/\/sapi.paris-lavillette.archi.fr\/CTID924\/wp-content\/uploads\/2018\/10\/07.jpg\" alt=\"07\" width=\"100%\" height=\"1300\" srcset=\"https:\/\/sapi.paris-lavillette.archi.fr\/CTID924\/wp-content\/uploads\/2018\/10\/07.jpg 2000w, https:\/\/sapi.paris-lavillette.archi.fr\/CTID924\/wp-content\/uploads\/2018\/10\/07-300x195.jpg 300w, https:\/\/sapi.paris-lavillette.archi.fr\/CTID924\/wp-content\/uploads\/2018\/10\/07-768x499.jpg 768w, https:\/\/sapi.paris-lavillette.archi.fr\/CTID924\/wp-content\/uploads\/2018\/10\/07-1024x666.jpg 1024w\" sizes=\"(max-width: 2000px) 100vw, 2000px\" \/><br \/>\n<img decoding=\"async\" class=\"aligncenter wp-image-7714 size-full\" src=\"http:\/\/sapi.paris-lavillette.archi.fr\/CTID924\/wp-content\/uploads\/2018\/10\/08.jpg\" alt=\"08\" width=\"100%\" height=\"1300\" srcset=\"https:\/\/sapi.paris-lavillette.archi.fr\/CTID924\/wp-content\/uploads\/2018\/10\/08.jpg 2000w, https:\/\/sapi.paris-lavillette.archi.fr\/CTID924\/wp-content\/uploads\/2018\/10\/08-300x195.jpg 300w, https:\/\/sapi.paris-lavillette.archi.fr\/CTID924\/wp-content\/uploads\/2018\/10\/08-768x499.jpg 768w, https:\/\/sapi.paris-lavillette.archi.fr\/CTID924\/wp-content\/uploads\/2018\/10\/08-1024x666.jpg 1024w\" sizes=\"(max-width: 2000px) 100vw, 2000px\" \/> Plan \/ Perspective \u00a9 AAU ANASTAS &amp; Local Industries<\/p>\n<div class=\"oSioSc\">\n<div id=\"tw-target\">\n<div id=\"tw-target-text-container\" class=\"gsrt tw-ta-container tw-nfl\">\n<p class=\"tw-data-text tw-ta tw-text-small\" dir=\"ltr\" style=\"text-align: justify;\" data-placeholder=\"Traduction\"><span lang=\"fr\">Le bois d&rsquo;olivier a la particularit\u00e9 de produire des branches \u00e9vitant ainsi le d\u00e9racinement de l&rsquo;arbre tout entier. Le bois collect\u00e9 a des dimensions relativement petites, initialement imbib\u00e9es d&rsquo;huile et d&rsquo;eau. Avant d&rsquo;\u00eatre pr\u00eat \u00e0 l&#8217;emploi, le bois est s\u00e9ch\u00e9 dans des hangars prot\u00e9g\u00e9s des conditions climatiques ext\u00e9rieures pendant plusieurs ann\u00e9es. Une fois que le bois est sec, sa masse volumique varie g\u00e9n\u00e9ralement entre 800 kg \/ m3 et 990 kg \/ m3. Pour les besoins de ce projet, des essais physiques ont \u00e9t\u00e9 r\u00e9alis\u00e9s sur du bois d&rsquo;olivier sec afin de saisir notre analyse par \u00e9l\u00e9ments finis (FEA) avec les propri\u00e9t\u00e9s correctes du mat\u00e9riau:<\/span><\/p>\n<div class=\"oSioSc\">\n<div id=\"tw-target\">\n<div id=\"tw-target-text-container\" class=\"gsrt tw-ta-container tw-nfl\">\n<p class=\"tw-data-text tw-ta tw-text-small\" dir=\"ltr\" data-placeholder=\"Traduction\"><span lang=\"fr\">densit\u00e9 = 0.92<br \/>\n<\/span><span lang=\"fr\">module de rupture (Mpa) = 120<br \/>\nR\u00e9sistance \u00e0 la compression (MPa) = 90<br \/>\nR\u00e9sistance \u00e0 la traction (MPa) = 77<\/span><\/p>\n<div class=\"oSioSc\">\n<div id=\"tw-target\">\n<div id=\"tw-target-text-container\" class=\"gsrt tw-ta-container tw-nfl\">\n<p class=\"tw-data-text tw-ta tw-text-small\" dir=\"ltr\" style=\"text-align: justify;\" data-placeholder=\"Traduction\"><span lang=\"fr\">La premi\u00e8re pr\u00e9occupation de l&rsquo;analyse structurelle \u00e9tait de s&rsquo;assurer que les contraintes dans les panneaux ne d\u00e9passaient pas la r\u00e9sistance du mat\u00e9riau, tandis que notre deuxi\u00e8me pr\u00e9occupation concernait le flambement global de la vo\u00fbte en raison de sa finesse. Les panneaux ont \u00e9t\u00e9 d\u00e9finis comme des \u00e9l\u00e9ments de coque tandis que leurs connexions pouvaient tourner librement le long de l&rsquo;axe de connexion. Les diagrammes suivants montrent les valeurs de contrainte axiale dans la structure et les valeurs de d\u00e9placement. Bien que l\u2019\u00e9paisseur des panneaux soit de 1 cm, leur forme incurv\u00e9e et la disposition imbriqu\u00e9e des modules de la structure <\/span><span lang=\"fr\">donne une \u00e9paisseur structurelle de 2 cm.<\/span><\/p>\n<pre id=\"tw-target-text\" class=\"tw-data-text tw-ta tw-text-small\" dir=\"ltr\" data-placeholder=\"Traduction\" data-fulltext=\"\"><span lang=\"fr\">\r\n\r\n\r\n<img decoding=\"async\" class=\"aligncenter wp-image-7719 size-full\" src=\"http:\/\/sapi.paris-lavillette.archi.fr\/CTID924\/wp-content\/uploads\/2018\/10\/09.jpg\" alt=\"09\" width=\"100%\" height=\"750\" srcset=\"https:\/\/sapi.paris-lavillette.archi.fr\/CTID924\/wp-content\/uploads\/2018\/10\/09.jpg 2000w, https:\/\/sapi.paris-lavillette.archi.fr\/CTID924\/wp-content\/uploads\/2018\/10\/09-300x113.jpg 300w, https:\/\/sapi.paris-lavillette.archi.fr\/CTID924\/wp-content\/uploads\/2018\/10\/09-768x288.jpg 768w, https:\/\/sapi.paris-lavillette.archi.fr\/CTID924\/wp-content\/uploads\/2018\/10\/09-1024x384.jpg 1024w\" sizes=\"(max-width: 2000px) 100vw, 2000px\" \/>\r\n<\/span><\/pre>\n<\/div>\n<\/div>\n<\/div>\n<pre id=\"tw-target-text\" class=\"tw-data-text tw-ta tw-text-small\" dir=\"ltr\" data-placeholder=\"Traduction\" data-fulltext=\"\"><span lang=\"fr\">Displacement and Utilization of the structure simulated with Karamba \u00a9 AAU ANASTAS &amp; Local Industries\r\n\r\n<img decoding=\"async\" class=\"aligncenter wp-image-7724 size-full\" src=\"http:\/\/sapi.paris-lavillette.archi.fr\/CTID924\/wp-content\/uploads\/2018\/10\/10.jpg\" alt=\"10\" width=\"100%\" height=\"1000\" srcset=\"https:\/\/sapi.paris-lavillette.archi.fr\/CTID924\/wp-content\/uploads\/2018\/10\/10.jpg 2000w, https:\/\/sapi.paris-lavillette.archi.fr\/CTID924\/wp-content\/uploads\/2018\/10\/10-300x150.jpg 300w, https:\/\/sapi.paris-lavillette.archi.fr\/CTID924\/wp-content\/uploads\/2018\/10\/10-768x384.jpg 768w, https:\/\/sapi.paris-lavillette.archi.fr\/CTID924\/wp-content\/uploads\/2018\/10\/10-1024x512.jpg 1024w\" sizes=\"(max-width: 2000px) 100vw, 2000px\" \/>\r\n<img decoding=\"async\" class=\"aligncenter wp-image-7725 size-full\" src=\"http:\/\/sapi.paris-lavillette.archi.fr\/CTID924\/wp-content\/uploads\/2018\/10\/11.jpg\" alt=\"11\" width=\"100%\" height=\"750\" srcset=\"https:\/\/sapi.paris-lavillette.archi.fr\/CTID924\/wp-content\/uploads\/2018\/10\/11.jpg 1500w, https:\/\/sapi.paris-lavillette.archi.fr\/CTID924\/wp-content\/uploads\/2018\/10\/11-300x150.jpg 300w, https:\/\/sapi.paris-lavillette.archi.fr\/CTID924\/wp-content\/uploads\/2018\/10\/11-768x384.jpg 768w, https:\/\/sapi.paris-lavillette.archi.fr\/CTID924\/wp-content\/uploads\/2018\/10\/11-1024x512.jpg 1024w\" sizes=\"(max-width: 1500px) 100vw, 1500px\" \/>Assembly \u00a9 AAU ANASTAS &amp; Local Industries\r\n\r\n<img decoding=\"async\" class=\"aligncenter wp-image-7745 size-full\" src=\"http:\/\/sapi.paris-lavillette.archi.fr\/CTID924\/wp-content\/uploads\/2018\/10\/12.jpg\" alt=\"12\" width=\"100%\" height=\"1500\" srcset=\"https:\/\/sapi.paris-lavillette.archi.fr\/CTID924\/wp-content\/uploads\/2018\/10\/12.jpg 1500w, https:\/\/sapi.paris-lavillette.archi.fr\/CTID924\/wp-content\/uploads\/2018\/10\/12-290x290.jpg 290w, https:\/\/sapi.paris-lavillette.archi.fr\/CTID924\/wp-content\/uploads\/2018\/10\/12-300x300.jpg 300w, https:\/\/sapi.paris-lavillette.archi.fr\/CTID924\/wp-content\/uploads\/2018\/10\/12-768x768.jpg 768w, https:\/\/sapi.paris-lavillette.archi.fr\/CTID924\/wp-content\/uploads\/2018\/10\/12-1024x1024.jpg 1024w, https:\/\/sapi.paris-lavillette.archi.fr\/CTID924\/wp-content\/uploads\/2018\/10\/12-50x50.jpg 50w\" sizes=\"(max-width: 1500px) 100vw, 1500px\" \/>Photo \u00a9 AAU ANASTAS &amp; Local Industries<\/span><\/pre>\n<\/div>\n<\/div>\n<\/div>\n<\/div>\n<\/div>\n<\/div>\n<\/div>\n<\/div>\n<\/div>\n<\/div>\n<\/div>\n<\/div>\n<\/div>\n<\/div>\n<\/div>\n","protected":false},"excerpt":{"rendered":"<p>Imperfections de masse \/ AAU Anastas x Local Industries\u00a0 Photo \u00a9 AAU ANASTAS &amp; Local Industries Les architectes palestiniens Elias et Yousef Anastas de l&rsquo;AUA Anastas ont r\u00e9cemment achev\u00e9 la construction d&rsquo;une structure compos\u00e9e de modules en bois d&rsquo;olivier fabriqu\u00e9s \u00e0 la main. La pi\u00e8ce s&rsquo;inspire des techniques de broderie traditionnelles et constitue une r\u00e9action \u00e0 la production en s\u00e9rie de sculptures \u00absaintes\u00bb dans l&rsquo;industrie des souvenirs palestiniens. La structure a \u00e9t\u00e9 pr\u00e9sent\u00e9e \u00e0 la Dubai Design Week 2016 en octobre. Karamba 3D a \u00e9t\u00e9 mis en \u0153uvre en tant qu&rsquo;outil d&rsquo;analyse de la performance structurelle de la pi\u00e8ce. Photo \u00a9 AAU ANASTAS &amp; Local Industries \u00ab\u00a0Le processus de fabrication d&rsquo;objets en bois d&rsquo;olivier \u00e0 Bethl\u00e9em remet en question la personnalisation de masse hautement technologique. Imperfections de masse est un projet qui exp\u00e9rimente le potentiel de fabrication artisanale pour la construction de structures \u00e0 grande \u00e9chelle. Le projet exp\u00e9rimente la capacit\u00e9 artisanale afin de revenir au premier plan des processus de fabrication. Les imperfections de masse d\u00e9fient les processus de fabrication de haute technologie en surveillant et en anticipant les imperfections d&rsquo;artisans .\u00a0\u00bb(AAU ANASTAS) Carving details \/ Copy machine: calibration of pieces \u00a9 AAU ANASTAS &amp; Local Industries La forme [&hellip;]<\/p>\n","protected":false},"author":191,"featured_media":0,"comment_status":"open","ping_status":"open","sticky":false,"template":"","format":"standard","meta":{"footnotes":""},"categories":[33],"tags":[],"_links":{"self":[{"href":"https:\/\/sapi.paris-lavillette.archi.fr\/CTID924\/index.php?rest_route=\/wp\/v2\/posts\/7681"}],"collection":[{"href":"https:\/\/sapi.paris-lavillette.archi.fr\/CTID924\/index.php?rest_route=\/wp\/v2\/posts"}],"about":[{"href":"https:\/\/sapi.paris-lavillette.archi.fr\/CTID924\/index.php?rest_route=\/wp\/v2\/types\/post"}],"author":[{"embeddable":true,"href":"https:\/\/sapi.paris-lavillette.archi.fr\/CTID924\/index.php?rest_route=\/wp\/v2\/users\/191"}],"replies":[{"embeddable":true,"href":"https:\/\/sapi.paris-lavillette.archi.fr\/CTID924\/index.php?rest_route=%2Fwp%2Fv2%2Fcomments&post=7681"}],"version-history":[{"count":13,"href":"https:\/\/sapi.paris-lavillette.archi.fr\/CTID924\/index.php?rest_route=\/wp\/v2\/posts\/7681\/revisions"}],"predecessor-version":[{"id":8802,"href":"https:\/\/sapi.paris-lavillette.archi.fr\/CTID924\/index.php?rest_route=\/wp\/v2\/posts\/7681\/revisions\/8802"}],"wp:attachment":[{"href":"https:\/\/sapi.paris-lavillette.archi.fr\/CTID924\/index.php?rest_route=%2Fwp%2Fv2%2Fmedia&parent=7681"}],"wp:term":[{"taxonomy":"category","embeddable":true,"href":"https:\/\/sapi.paris-lavillette.archi.fr\/CTID924\/index.php?rest_route=%2Fwp%2Fv2%2Fcategories&post=7681"},{"taxonomy":"post_tag","embeddable":true,"href":"https:\/\/sapi.paris-lavillette.archi.fr\/CTID924\/index.php?rest_route=%2Fwp%2Fv2%2Ftags&post=7681"}],"curies":[{"name":"wp","href":"https:\/\/api.w.org\/{rel}","templated":true}]}}