{"id":7723,"date":"2018-10-16T09:32:01","date_gmt":"2018-10-16T08:32:01","guid":{"rendered":"http:\/\/sapi.paris-lavillette.archi.fr\/CTID924\/?p=7723"},"modified":"2018-11-06T09:35:58","modified_gmt":"2018-11-06T08:35:58","slug":"la-vrillette-continuum-numerique-a-lensaplv","status":"publish","type":"post","link":"https:\/\/sapi.paris-lavillette.archi.fr\/CTID924\/?p=7723","title":{"rendered":"La Vrillette  &#8211; Continuum Num\u00e9rique \u00e0 l&rsquo;ENSAPLV"},"content":{"rendered":"<div id=\"attachment_8000\" style=\"width: 582px\" class=\"wp-caption aligncenter\"><img aria-describedby=\"caption-attachment-8000\" decoding=\"async\" loading=\"lazy\" class=\"wp-image-8000 \" src=\"http:\/\/sapi.paris-lavillette.archi.fr\/CTID924\/wp-content\/uploads\/2018\/10\/753737_485ce95e01204c15b739d7072eda5223mv2_d_6445_4297_s_4_2.jpg\" alt=\"753737_485ce95e01204c15b739d7072eda5223~mv2_d_6445_4297_s_4_2\" width=\"572\" height=\"261\" srcset=\"https:\/\/sapi.paris-lavillette.archi.fr\/CTID924\/wp-content\/uploads\/2018\/10\/753737_485ce95e01204c15b739d7072eda5223mv2_d_6445_4297_s_4_2.jpg 1899w, https:\/\/sapi.paris-lavillette.archi.fr\/CTID924\/wp-content\/uploads\/2018\/10\/753737_485ce95e01204c15b739d7072eda5223mv2_d_6445_4297_s_4_2-300x137.jpg 300w, https:\/\/sapi.paris-lavillette.archi.fr\/CTID924\/wp-content\/uploads\/2018\/10\/753737_485ce95e01204c15b739d7072eda5223mv2_d_6445_4297_s_4_2-768x351.jpg 768w, https:\/\/sapi.paris-lavillette.archi.fr\/CTID924\/wp-content\/uploads\/2018\/10\/753737_485ce95e01204c15b739d7072eda5223mv2_d_6445_4297_s_4_2-1024x468.jpg 1024w\" sizes=\"(max-width: 572px) 100vw, 572px\" \/><p id=\"caption-attachment-8000\" class=\"wp-caption-text\">photographie du projet install\u00e9 sur le toit de la cit\u00e9 de la mode<\/p><\/div>\n<h3>Contexte<\/h3>\n<h4>Sculpture Tectonique<\/h4>\n<p>Le cours Sculpture Tectonique est un cours de construction \u00e0 l&rsquo;\u00e9chelle 1 propos\u00e9 aux \u00e9tudiants de Master 1. Il est encadr\u00e9 par Marc Leyral (ing. Archi.) et Fr\u00e9d\u00e9ric Martinet (Archi). Le cours prend comme th\u00e9matique principale la r\u00e9alisation de pavillons en bois de petites section proposant des structures exp\u00e9rimentales.<\/p>\n<p>Le Cours est compos\u00e9 de deux phases repr\u00e9sentant chacune un semestre:<\/p>\n<h4>La phase Concours<\/h4>\n<p>La premi\u00e8re phase du cours, se d\u00e9roulant sur un semestre, est un concours confrontant les projets des \u00e9tudiants inscrits aux cours. Ce concours confrontait une vingtaine de projet.<\/p>\n<p>L&rsquo;organisation du concours reprenais le phasage d&rsquo;un projet d&rsquo;architecture r\u00e9el:<\/p>\n<ul>\n<li>La phase <strong>Esquisse<\/strong>, \u00e0 l&rsquo;issu de laquelle n&rsquo;\u00e9tais retenus que 15 projets<\/li>\n<li>La phase <strong>APS<\/strong>, \u00e0 l&rsquo;issu de laquelle n&rsquo;\u00e9tais retenus que 11 projets<\/li>\n<li>La phase <strong>APD<\/strong>, \u00e0 l&rsquo;issu de laquelle n&rsquo;\u00e9tait retenus que 7 projets<\/li>\n<li>La phase <strong>PRO<\/strong>, \u00e0 l&rsquo;issu de laquelle n&rsquo;\u00e9tait retenus que 4 projets<\/li>\n<li>La phase <strong>DCE<\/strong>, \u00e0 l&rsquo;issu de laquelle n&rsquo;\u00e9tait retenus que 2 projets<\/li>\n<li>La phase <strong>EXE<\/strong>, \u00e0 l&rsquo;issu de laquelle \u00e9tais retenus le projet final \u00e0 construire<\/li>\n<\/ul>\n<p>R\u00e9capitulatif de la phase concours de 2018: <a href=\"https:\/\/www.construire-l-architecture.com\/st-concours-2018\">https:\/\/www.construire-l-architecture.com\/st-concours-2018<\/a><\/p>\n<h4>La phase \u00c9tude et Chantier<\/h4>\n<p>Le second semestre du cours Sculpture tectonique est consacr\u00e9 \u00e0 l&rsquo;\u00e9tude, la pr\u00e9fabrication et la construction du projet laur\u00e9at de la phase concours. durant cette phase, le groupe d&rsquo;\u00e9tudiant inscrits au cours est scind\u00e9 en plusieurs sous groupe dirig\u00e9s par des chefs d&rsquo;\u00e9quipes eux m\u00eame dirig\u00e9s par les deux chefs de Projet ( les concepteurs du projet laur\u00e9at de la phase concours), chacun s&rsquo;occupant d&rsquo;un aspect du projet:<\/p>\n<ul>\n<li>un groupe <strong>\u00e9v\u00e8nementiel<\/strong>, pur organiser les \u00e9v\u00e8nements li\u00e9s au projet (expositions)<\/li>\n<li>un groupe <strong>partenariat<\/strong>, pour r\u00e9colter les fonds n\u00e9cessaire \u00e0 la mise en \u0153uvre du projet et la gestion de son budget<\/li>\n<li>un groupe <strong>chantier<\/strong>, pour mener une r\u00e9flexion sur l&rsquo;organisation du chantier et l&rsquo;entretien des outils de production du projet<\/li>\n<li>un groupe <strong>logistique<\/strong>, charg\u00e9 la gestion des commandes et du stockage des mat\u00e9riaux au sein de l&rsquo;\u00e9cole et sur le chantier<\/li>\n<li>un groupe <strong>calculs<\/strong>, charg\u00e9 de calculer la structure pour la faire valider par un bureau de contr\u00f4le<\/li>\n<\/ul>\n<h4>La Vrillette<\/h4>\n<p><img decoding=\"async\" loading=\"lazy\" class=\"wp-image-8225 size-thumbnail alignright\" src=\"http:\/\/sapi.paris-lavillette.archi.fr\/CTID924\/wp-content\/uploads\/2018\/10\/DSC_0020-290x290.jpg\" alt=\"DSC_0020\" width=\"290\" height=\"290\" srcset=\"https:\/\/sapi.paris-lavillette.archi.fr\/CTID924\/wp-content\/uploads\/2018\/10\/DSC_0020-290x290.jpg 290w, https:\/\/sapi.paris-lavillette.archi.fr\/CTID924\/wp-content\/uploads\/2018\/10\/DSC_0020-50x50.jpg 50w\" sizes=\"(max-width: 290px) 100vw, 290px\" \/><\/p>\n<p>La Vrillette est le projet laur\u00e9at de la phase concours du cours sculpture tectonique. C&rsquo;est un projet en bois courb\u00e9 crois\u00e9 de 7 m\u00e8tres de haut. Le projet, initialement con\u00e7u pour \u00eatre install\u00e9 sur le toit de la chaufferie de l&rsquo;ENSAPLV, proposait de reprendre le motif r\u00e9gulier et tram\u00e9 des murs rideaux de l&rsquo;\u00e9cole et de les faire \u00ab\u00a0vriller\u00a0\u00bb en l&rsquo;enroulant autour d&rsquo;une forme libre<\/p>\n<p>La section des\u00a0 lattes a courber est de 68mm*45mm<\/p>\n<h3>Mod\u00e9lisation Param\u00e9trique<\/h3>\n<p>Au vu de la complexit\u00e9 du projet retenu, le choix de la mod\u00e9lisation param\u00e9trique comme m\u00e9thode de conception de la structure s&rsquo;est vite r\u00e9v\u00e9l\u00e9 comme le plus adapt\u00e9. La g\u00e9n\u00e9ration d&rsquo;un mod\u00e8le param\u00e9trique permet de moduler l&rsquo;aspect du pavillon rapidement et de manipuler le mod\u00e8le rapidement afin de tester diff\u00e9rentes configurations.<\/p>\n<p>La premi\u00e8re action r\u00e9alis\u00e9e sur le mod\u00e8le de base \u00e0 \u00e9t\u00e9 de rationaliser sa g\u00e9om\u00e9trie en faisant en sorte que toutes les courbes du mod\u00e8le soient bidimensionnelles, autrement dit qu&rsquo;elles soient contenues dans un plan<\/p>\n<p>La seconde \u00e0 \u00e9t\u00e9 de r\u00e9fl\u00e9chir \u00e0 une m\u00e9thode pour le cintrage du bois s&rsquo;offrait \u00e0 nous deux m\u00e9thodes:<\/p>\n<ul>\n<li>Le moulage des lattes en <strong>lamell\u00e9 coll\u00e9: <\/strong>processus ou chacune des lattes est d\u00e9compos\u00e9 en plusieurs sous sections assembl\u00e9es entre elles par collage<\/li>\n<li>Une m\u00e9thode de cintrage en <strong>bois \u00e9tuv\u00e9: <\/strong>processus ou le bois est chauff\u00e9 et satur\u00e9 en eau par vaporisation affin de faire fondre sa lignine (composant du bois avec la cellulose) et puis cintr\u00e9 pour lui donn\u00e9 sa forme d\u00e9finitive<\/li>\n<\/ul>\n<p>Nous avons choisi le proc\u00e9d\u00e9 du <strong>bois \u00e9tuv\u00e9<\/strong>, pour son cot\u00e9 exp\u00e9rimental (l&rsquo;\u00e9tuvage est peu utilis\u00e9 dans les domaines de la construction, il permet pourtant de conserver l&rsquo;aspect naturel du bois)<\/p>\n<h4>Processus de g\u00e9n\u00e9ration du mod\u00e8le param\u00e9trique de La Vrillette<\/h4>\n<p><img decoding=\"async\" loading=\"lazy\" class=\"size-full wp-image-8050 aligncenter\" src=\"http:\/\/sapi.paris-lavillette.archi.fr\/CTID924\/wp-content\/uploads\/2018\/10\/logigramme-la-vrillete-hd1.png\" alt=\"logigramme la vrillete hd1\" width=\"3102\" height=\"868\" srcset=\"https:\/\/sapi.paris-lavillette.archi.fr\/CTID924\/wp-content\/uploads\/2018\/10\/logigramme-la-vrillete-hd1.png 3102w, https:\/\/sapi.paris-lavillette.archi.fr\/CTID924\/wp-content\/uploads\/2018\/10\/logigramme-la-vrillete-hd1-300x84.png 300w, https:\/\/sapi.paris-lavillette.archi.fr\/CTID924\/wp-content\/uploads\/2018\/10\/logigramme-la-vrillete-hd1-768x215.png 768w, https:\/\/sapi.paris-lavillette.archi.fr\/CTID924\/wp-content\/uploads\/2018\/10\/logigramme-la-vrillete-hd1-1024x287.png 1024w\" sizes=\"(max-width: 3102px) 100vw, 3102px\" \/><\/p>\n<div id=\"attachment_7735\" style=\"width: 310px\" class=\"wp-caption alignleft\"><img aria-describedby=\"caption-attachment-7735\" decoding=\"async\" loading=\"lazy\" class=\"wp-image-7735 size-medium\" src=\"http:\/\/sapi.paris-lavillette.archi.fr\/CTID924\/wp-content\/uploads\/2018\/10\/Image-001-300x278.png\" alt=\"Image 001\" width=\"300\" height=\"278\" srcset=\"https:\/\/sapi.paris-lavillette.archi.fr\/CTID924\/wp-content\/uploads\/2018\/10\/Image-001-300x278.png 300w, https:\/\/sapi.paris-lavillette.archi.fr\/CTID924\/wp-content\/uploads\/2018\/10\/Image-001.png 766w\" sizes=\"(max-width: 300px) 100vw, 300px\" \/><p id=\"caption-attachment-7735\" class=\"wp-caption-text\">courbes de base pour la g\u00e9n\u00e9ration de la surface<\/p><\/div>\n<div id=\"attachment_7736\" style=\"width: 310px\" class=\"wp-caption alignleft\"><img aria-describedby=\"caption-attachment-7736\" decoding=\"async\" loading=\"lazy\" class=\"wp-image-7736 size-medium\" src=\"http:\/\/sapi.paris-lavillette.archi.fr\/CTID924\/wp-content\/uploads\/2018\/10\/Image-002-300x278.png\" alt=\"Image 002\" width=\"300\" height=\"278\" srcset=\"https:\/\/sapi.paris-lavillette.archi.fr\/CTID924\/wp-content\/uploads\/2018\/10\/Image-002-300x278.png 300w, https:\/\/sapi.paris-lavillette.archi.fr\/CTID924\/wp-content\/uploads\/2018\/10\/Image-002.png 766w\" sizes=\"(max-width: 300px) 100vw, 300px\" \/><p id=\"caption-attachment-7736\" class=\"wp-caption-text\">surface de base<\/p><\/div>\n<h5>Forme de Base<\/h5>\n<p>La premi\u00e8re phase de la g\u00e9n\u00e9ration du mod\u00e8le \u00e0 \u00e9t\u00e9 de d\u00e9finir une forme de base gr\u00e2ce \u00e0 son emprise au sol et sa vue en coupe. nous avons donc utilis\u00e9 trois courbes ins\u00e9r\u00e9es dans Grasshopper pour mod\u00e9liser une surface de base avec un composant sweep 2 rails.<\/p>\n<p>La forme \u00e0 \u00e9t\u00e9 retravaill\u00e9 pur \u00e9viter quelques d\u00e9fauts de g\u00e9om\u00e9trie en retravaillant sa forme par plans successifs.<img decoding=\"async\" loading=\"lazy\" class=\"size-full wp-image-8051 aligncenter\" src=\"http:\/\/sapi.paris-lavillette.archi.fr\/CTID924\/wp-content\/uploads\/2018\/10\/logigramme-la-vrillete-hd2.png\" alt=\"logigramme la vrillete hd2\" width=\"3389\" height=\"1628\" srcset=\"https:\/\/sapi.paris-lavillette.archi.fr\/CTID924\/wp-content\/uploads\/2018\/10\/logigramme-la-vrillete-hd2.png 3389w, https:\/\/sapi.paris-lavillette.archi.fr\/CTID924\/wp-content\/uploads\/2018\/10\/logigramme-la-vrillete-hd2-300x144.png 300w, https:\/\/sapi.paris-lavillette.archi.fr\/CTID924\/wp-content\/uploads\/2018\/10\/logigramme-la-vrillete-hd2-768x369.png 768w, https:\/\/sapi.paris-lavillette.archi.fr\/CTID924\/wp-content\/uploads\/2018\/10\/logigramme-la-vrillete-hd2-1024x492.png 1024w\" sizes=\"(max-width: 3389px) 100vw, 3389px\" \/><\/p>\n<div id=\"attachment_7737\" style=\"width: 310px\" class=\"wp-caption alignleft\"><img aria-describedby=\"caption-attachment-7737\" decoding=\"async\" loading=\"lazy\" class=\"wp-image-7737 size-medium\" src=\"http:\/\/sapi.paris-lavillette.archi.fr\/CTID924\/wp-content\/uploads\/2018\/10\/Image-003-300x278.png\" alt=\"Image 003\" width=\"300\" height=\"278\" srcset=\"https:\/\/sapi.paris-lavillette.archi.fr\/CTID924\/wp-content\/uploads\/2018\/10\/Image-003-300x278.png 300w, https:\/\/sapi.paris-lavillette.archi.fr\/CTID924\/wp-content\/uploads\/2018\/10\/Image-003.png 766w\" sizes=\"(max-width: 300px) 100vw, 300px\" \/><p id=\"caption-attachment-7737\" class=\"wp-caption-text\">intersection d&rsquo;une matrice de plan inclin\u00e9s avec la surface de base<\/p><\/div>\n<div id=\"attachment_7738\" style=\"width: 310px\" class=\"wp-caption alignleft\"><img aria-describedby=\"caption-attachment-7738\" decoding=\"async\" loading=\"lazy\" class=\"wp-image-7738 size-medium\" src=\"http:\/\/sapi.paris-lavillette.archi.fr\/CTID924\/wp-content\/uploads\/2018\/10\/Image-004-300x278.png\" alt=\"Image 004\" width=\"300\" height=\"278\" srcset=\"https:\/\/sapi.paris-lavillette.archi.fr\/CTID924\/wp-content\/uploads\/2018\/10\/Image-004-300x278.png 300w, https:\/\/sapi.paris-lavillette.archi.fr\/CTID924\/wp-content\/uploads\/2018\/10\/Image-004.png 766w\" sizes=\"(max-width: 300px) 100vw, 300px\" \/><p id=\"caption-attachment-7738\" class=\"wp-caption-text\">r\u00e9sultat de l&rsquo;intersection<\/p><\/div>\n<p><strong>D\u00e9finition des lames courbes<\/strong><\/p>\n<p>La seconde phase dans la g\u00e9n\u00e9ration du mod\u00e8le \u00e0 \u00e9t\u00e9 de cr\u00e9er une matrice de plans inclin\u00e9s pour en faire l&rsquo;intersection avec la surface de base afin de g\u00e9n\u00e9rer les courbes suivant la forme. ces courbes \u00e9tant planes, elles ne sont courb\u00e9es que dans deux dimensions, elle peuvent toute \u00eatre mises \u00ab\u00a0\u00e0 plat\u00a0\u00bb (aucune des courbes n&rsquo;est en trois dimensions)<img decoding=\"async\" loading=\"lazy\" class=\"size-full wp-image-8052 aligncenter\" src=\"http:\/\/sapi.paris-lavillette.archi.fr\/CTID924\/wp-content\/uploads\/2018\/10\/logigramme-la-vrillete-hd3.png\" alt=\"logigramme la vrillete hd3\" width=\"4255\" height=\"1853\" srcset=\"https:\/\/sapi.paris-lavillette.archi.fr\/CTID924\/wp-content\/uploads\/2018\/10\/logigramme-la-vrillete-hd3.png 4255w, https:\/\/sapi.paris-lavillette.archi.fr\/CTID924\/wp-content\/uploads\/2018\/10\/logigramme-la-vrillete-hd3-300x131.png 300w, https:\/\/sapi.paris-lavillette.archi.fr\/CTID924\/wp-content\/uploads\/2018\/10\/logigramme-la-vrillete-hd3-768x334.png 768w, https:\/\/sapi.paris-lavillette.archi.fr\/CTID924\/wp-content\/uploads\/2018\/10\/logigramme-la-vrillete-hd3-1024x446.png 1024w\" sizes=\"(max-width: 4255px) 100vw, 4255px\" \/><\/p>\n<div id=\"attachment_8031\" style=\"width: 310px\" class=\"wp-caption alignleft\"><img aria-describedby=\"caption-attachment-8031\" decoding=\"async\" loading=\"lazy\" class=\"wp-image-8031 size-medium\" src=\"http:\/\/sapi.paris-lavillette.archi.fr\/CTID924\/wp-content\/uploads\/2018\/10\/Image-005-1-300x278.png\" alt=\"Image 005\" width=\"300\" height=\"278\" srcset=\"https:\/\/sapi.paris-lavillette.archi.fr\/CTID924\/wp-content\/uploads\/2018\/10\/Image-005-1-300x278.png 300w, https:\/\/sapi.paris-lavillette.archi.fr\/CTID924\/wp-content\/uploads\/2018\/10\/Image-005-1.png 766w\" sizes=\"(max-width: 300px) 100vw, 300px\" \/><p id=\"caption-attachment-8031\" class=\"wp-caption-text\">intersection de plans inclin\u00e9s<\/p><\/div>\n<div id=\"attachment_7740\" style=\"width: 310px\" class=\"wp-caption alignleft\"><img aria-describedby=\"caption-attachment-7740\" decoding=\"async\" loading=\"lazy\" class=\"wp-image-7740 size-medium\" src=\"http:\/\/sapi.paris-lavillette.archi.fr\/CTID924\/wp-content\/uploads\/2018\/10\/Image-006-300x278.png\" alt=\"Image 006\" width=\"300\" height=\"278\" srcset=\"https:\/\/sapi.paris-lavillette.archi.fr\/CTID924\/wp-content\/uploads\/2018\/10\/Image-006-300x278.png 300w, https:\/\/sapi.paris-lavillette.archi.fr\/CTID924\/wp-content\/uploads\/2018\/10\/Image-006.png 766w\" sizes=\"(max-width: 300px) 100vw, 300px\" \/><p id=\"caption-attachment-7740\" class=\"wp-caption-text\">r\u00e9sultat du d\u00e9coupage altim\u00e9trique des courbes<\/p><\/div>\n<p><strong>Recoupage altim\u00e9trique<\/strong><\/p>\n<p>un recoupage altim\u00e9trique des lattes par des plans inclin\u00e9s successif nous a permis d&rsquo;obtenir le filaire d\u00e9finitif de la structure. <img decoding=\"async\" loading=\"lazy\" class=\"size-full wp-image-8054 aligncenter\" src=\"http:\/\/sapi.paris-lavillette.archi.fr\/CTID924\/wp-content\/uploads\/2018\/10\/logigramme-la-vrillete-hd5.png\" alt=\"logigramme la vrillete hd5\" width=\"2241\" height=\"1365\" srcset=\"https:\/\/sapi.paris-lavillette.archi.fr\/CTID924\/wp-content\/uploads\/2018\/10\/logigramme-la-vrillete-hd5.png 2241w, https:\/\/sapi.paris-lavillette.archi.fr\/CTID924\/wp-content\/uploads\/2018\/10\/logigramme-la-vrillete-hd5-300x183.png 300w, https:\/\/sapi.paris-lavillette.archi.fr\/CTID924\/wp-content\/uploads\/2018\/10\/logigramme-la-vrillete-hd5-768x468.png 768w, https:\/\/sapi.paris-lavillette.archi.fr\/CTID924\/wp-content\/uploads\/2018\/10\/logigramme-la-vrillete-hd5-1024x624.png 1024w\" sizes=\"(max-width: 2241px) 100vw, 2241px\" \/><\/p>\n<div id=\"attachment_7742\" style=\"width: 310px\" class=\"wp-caption alignleft\"><img aria-describedby=\"caption-attachment-7742\" decoding=\"async\" loading=\"lazy\" class=\"wp-image-7742 size-medium\" src=\"http:\/\/sapi.paris-lavillette.archi.fr\/CTID924\/wp-content\/uploads\/2018\/10\/Image-008-300x278.png\" alt=\"Image 008\" width=\"300\" height=\"278\" srcset=\"https:\/\/sapi.paris-lavillette.archi.fr\/CTID924\/wp-content\/uploads\/2018\/10\/Image-008-300x278.png 300w, https:\/\/sapi.paris-lavillette.archi.fr\/CTID924\/wp-content\/uploads\/2018\/10\/Image-008.png 766w\" sizes=\"(max-width: 300px) 100vw, 300px\" \/><p id=\"caption-attachment-7742\" class=\"wp-caption-text\">mod\u00e8le 3D d\u00e9finitif<\/p><\/div>\n<p><strong>Mod\u00e8le final<\/strong><\/p>\n<p>L&rsquo;extrusion d&rsquo;une section rectangulaire le long des courbes nous a permis d&rsquo;obtenir le mod\u00e8le final.<img decoding=\"async\" loading=\"lazy\" class=\"wp-image-8049 size-full\" src=\"http:\/\/sapi.paris-lavillette.archi.fr\/CTID924\/wp-content\/uploads\/2018\/10\/logigramme-la-vrillete-hd0.png\" alt=\"logigramme la vrillete hd0\" width=\"1900\" height=\"849\" srcset=\"https:\/\/sapi.paris-lavillette.archi.fr\/CTID924\/wp-content\/uploads\/2018\/10\/logigramme-la-vrillete-hd0.png 1900w, https:\/\/sapi.paris-lavillette.archi.fr\/CTID924\/wp-content\/uploads\/2018\/10\/logigramme-la-vrillete-hd0-300x134.png 300w, https:\/\/sapi.paris-lavillette.archi.fr\/CTID924\/wp-content\/uploads\/2018\/10\/logigramme-la-vrillete-hd0-768x343.png 768w, https:\/\/sapi.paris-lavillette.archi.fr\/CTID924\/wp-content\/uploads\/2018\/10\/logigramme-la-vrillete-hd0-1024x458.png 1024w\" sizes=\"(max-width: 1900px) 100vw, 1900px\" \/><\/p>\n<h4>Optimisation Structurelle<\/h4>\n<p>L\u2019optimisation structurelle du pavillon et la note de calcul pour la validation de la structure aupr\u00e8s d&rsquo;un bureau de contr\u00f4le \u00e0 \u00e9t\u00e9 r\u00e9alis\u00e9e sur Grasshopper gr\u00e2ce \u00e0 un plugin de calcul de structure nomm\u00e9 \u00ab\u00a0Karamba\u00a0\u00bb, cet algorithme est d\u00e9velopp\u00e9 par l&rsquo;agence Bollinger +Grohmann.<\/p>\n<p>Site internet de Karamba: <a href=\"https:\/\/www.karamba3d.com\/\">https:\/\/www.karamba3d.com\/<\/a><\/p>\n<p><img decoding=\"async\" loading=\"lazy\" class=\"wp-image-8060 size-full\" src=\"http:\/\/sapi.paris-lavillette.archi.fr\/CTID924\/wp-content\/uploads\/2018\/10\/logigramme-la-vrillete-hd8.png\" alt=\"logigramme la vrillete hd8\" width=\"7729\" height=\"8277\" srcset=\"https:\/\/sapi.paris-lavillette.archi.fr\/CTID924\/wp-content\/uploads\/2018\/10\/logigramme-la-vrillete-hd8.png 7729w, https:\/\/sapi.paris-lavillette.archi.fr\/CTID924\/wp-content\/uploads\/2018\/10\/logigramme-la-vrillete-hd8-280x300.png 280w, https:\/\/sapi.paris-lavillette.archi.fr\/CTID924\/wp-content\/uploads\/2018\/10\/logigramme-la-vrillete-hd8-768x822.png 768w, https:\/\/sapi.paris-lavillette.archi.fr\/CTID924\/wp-content\/uploads\/2018\/10\/logigramme-la-vrillete-hd8-956x1024.png 956w\" sizes=\"(max-width: 7729px) 100vw, 7729px\" \/><\/p>\n<h4>Algorithme d&rsquo;ex\u00e9cution<\/h4>\n<p><img decoding=\"async\" loading=\"lazy\" class=\"size-full wp-image-7743 aligncenter\" src=\"http:\/\/sapi.paris-lavillette.archi.fr\/CTID924\/wp-content\/uploads\/2018\/10\/Image-009.png\" alt=\"Image 009\" width=\"1457\" height=\"598\" srcset=\"https:\/\/sapi.paris-lavillette.archi.fr\/CTID924\/wp-content\/uploads\/2018\/10\/Image-009.png 1457w, https:\/\/sapi.paris-lavillette.archi.fr\/CTID924\/wp-content\/uploads\/2018\/10\/Image-009-300x123.png 300w, https:\/\/sapi.paris-lavillette.archi.fr\/CTID924\/wp-content\/uploads\/2018\/10\/Image-009-768x315.png 768w, https:\/\/sapi.paris-lavillette.archi.fr\/CTID924\/wp-content\/uploads\/2018\/10\/Image-009-1024x420.png 1024w\" sizes=\"(max-width: 1457px) 100vw, 1457px\" \/><\/p>\n<p><img decoding=\"async\" loading=\"lazy\" class=\"size-full wp-image-7744 aligncenter\" src=\"http:\/\/sapi.paris-lavillette.archi.fr\/CTID924\/wp-content\/uploads\/2018\/10\/Image-010.png\" alt=\"Image 010\" width=\"1108\" height=\"641\" srcset=\"https:\/\/sapi.paris-lavillette.archi.fr\/CTID924\/wp-content\/uploads\/2018\/10\/Image-010.png 1108w, https:\/\/sapi.paris-lavillette.archi.fr\/CTID924\/wp-content\/uploads\/2018\/10\/Image-010-300x174.png 300w, https:\/\/sapi.paris-lavillette.archi.fr\/CTID924\/wp-content\/uploads\/2018\/10\/Image-010-768x444.png 768w, https:\/\/sapi.paris-lavillette.archi.fr\/CTID924\/wp-content\/uploads\/2018\/10\/Image-010-1024x592.png 1024w\" sizes=\"(max-width: 1108px) 100vw, 1108px\" \/><\/p>\n<p>Pour r\u00e9aliser la structure, il nous fallait d\u00e9velopper les outils de production des plans d&rsquo;ex\u00e9cution en accord avec la complexit\u00e9 du projet et le principe de conception horizontale (on nous pouvions cr\u00e9er une r\u00e9troaction sur la conception du mod\u00e8le de base sans avoir \u00e0 reproduire tous les documents d\u2019ex\u00e9cution.<\/p>\n<p>Chacune des 200 lattes \u00e9tant diff\u00e9rents, la production \u00ab\u00a0manuelle\u00a0\u00bb de ces plans d\u2019ex\u00e9cution aurait \u00e9t\u00e9 trop fastidieuse. Ainsi, nous avons choisi de les r\u00e9aliser avec Grasshopper en extrayant chacune des lattes de la structure pour les mettre en plan et g\u00e9n\u00e9rer la position des chariots de la cintreuse que nous avions fabriquer en fonction de chacune des courbes.<\/p>\n<p><img decoding=\"async\" loading=\"lazy\" class=\"alignnone size-full wp-image-8208\" src=\"http:\/\/sapi.paris-lavillette.archi.fr\/CTID924\/wp-content\/uploads\/2018\/10\/EXE-la-vrillette.png\" alt=\"EXE la vrillette\" width=\"1800\" height=\"471\" srcset=\"https:\/\/sapi.paris-lavillette.archi.fr\/CTID924\/wp-content\/uploads\/2018\/10\/EXE-la-vrillette.png 1800w, https:\/\/sapi.paris-lavillette.archi.fr\/CTID924\/wp-content\/uploads\/2018\/10\/EXE-la-vrillette-300x79.png 300w, https:\/\/sapi.paris-lavillette.archi.fr\/CTID924\/wp-content\/uploads\/2018\/10\/EXE-la-vrillette-768x201.png 768w, https:\/\/sapi.paris-lavillette.archi.fr\/CTID924\/wp-content\/uploads\/2018\/10\/EXE-la-vrillette-1024x268.png 1024w\" sizes=\"(max-width: 1800px) 100vw, 1800px\" \/><\/p>\n<h4><\/h4>\n<h4>Adaptabilit\u00e9 du mod\u00e8le<\/h4>\n<p>Le choix de la mod\u00e9lisation param\u00e9trique comme m\u00e9thode de conception nous a permis d&rsquo;effectuer certaines r\u00e9tro action sur la conception de la forme de base ou de l\u2019\u00e9chelle du projet pour l&rsquo;adapter au contraintes \u00e9conomique et temporelles du projet. Certaines situation auxquelles nous avons \u00e9t\u00e9 confront\u00e9s nous ont oblig\u00e9 \u00e0 red\u00e9finir la forme de base. Ainsi tout le travail de mod\u00e9lisation n&rsquo;a pas du \u00eatre refait.<\/p>\n<h3>Pr\u00e9fabrication<\/h3>\n<p>La m\u00e9thode de construction choisie par l&rsquo;\u00e9quipe pour minimiser le temps de montage de la structure et s&rsquo;adapter aux contraintes \u00e9conomiques du projet, \u00e0 \u00e9t\u00e9 une pr\u00e9fabrication \u00e0 l&rsquo;\u00e9cole. L&rsquo;atelier de cintrage de l&rsquo;\u00e9quipe de la Vrillette \u00e9tait install\u00e9 dans la salle d&rsquo;exposition pour pr\u00e9senter la m\u00e9thode du cintrage au bois \u00e9tuv\u00e9 aux \u00e9tudiants de l&rsquo;ENSAPLV. La fabrication des pi\u00e8ces m\u00e9talliques \u00e0 \u00e9t\u00e9 r\u00e9alis\u00e9 gr\u00e2ce \u00e0 un partenariat avec une entreprise de charpente m\u00e9tallique: BM Montage.<\/p>\n<h4>Fabrication des machines<\/h4>\n<p>Le processus de fabrication n\u00e9cessit\u00e9 la construction de diff\u00e9rentes machines pour effectuer le cintrage des lattes de bois.<\/p>\n<h5>L&rsquo;\u00e9tuve<\/h5>\n<div id=\"attachment_7729\" style=\"width: 372px\" class=\"wp-caption alignright\"><img aria-describedby=\"caption-attachment-7729\" decoding=\"async\" loading=\"lazy\" class=\"wp-image-7729\" src=\"http:\/\/sapi.paris-lavillette.archi.fr\/CTID924\/wp-content\/uploads\/2018\/10\/36925698_2198699313480096_322746013242621952_n.jpg\" alt=\"36925698_2198699313480096_322746013242621952_n\" width=\"362\" height=\"453\" srcset=\"https:\/\/sapi.paris-lavillette.archi.fr\/CTID924\/wp-content\/uploads\/2018\/10\/36925698_2198699313480096_322746013242621952_n.jpg 768w, https:\/\/sapi.paris-lavillette.archi.fr\/CTID924\/wp-content\/uploads\/2018\/10\/36925698_2198699313480096_322746013242621952_n-240x300.jpg 240w\" sizes=\"(max-width: 362px) 100vw, 362px\" \/><p id=\"caption-attachment-7729\" class=\"wp-caption-text\">Cintreuse construite sp\u00e9cialement pour le projet<\/p><\/div>\n<p>L&rsquo;\u00e9quipe de la Vrillette a con\u00e7u et fabriqu\u00e9 une \u00e9tuve \u00e0 injection de vapeur d&rsquo;eau pour chauffer et humidifier le bois avant le processus de cintrage. C&rsquo;est une machine fabriqu\u00e9e \u00e0 partir d&rsquo;un tube en acier de 4 m\u00e8tres de long (longueur maximum des lattes \u00e0 courber) dans lequel \u00e0 \u00e9t\u00e9 ins\u00e9r\u00e9 un conduit en cuivre micro-perc\u00e9 pour diffuser la vapeur sur toute la longueur de l&rsquo;\u00e9tuve. L&rsquo;injection de vapeur \u00e9t\u00e9 r\u00e9alis\u00e9 gr\u00e2ce \u00e0 des g\u00e9n\u00e9ratrices de vapeur et des cocottes minutes. L&rsquo;\u00e9tuve pouvait chauffer et humidifier deux lattes de bois toutes les deux heures<\/p>\n<h5>La cintreuse<\/h5>\n<p>L&rsquo;\u00e9quipe de la Vrillette a construit deux cintreuses sur mesure, adapt\u00e9es aux dimensions des sections de bois du projet pour r\u00e9aliser le cintrage du bois apr\u00e8s l&rsquo;\u00e9tuvage.<\/p>\n<p>&nbsp;<\/p>\n<p>&nbsp;<\/p>\n<p>&nbsp;<\/p>\n<div id=\"attachment_7727\" style=\"width: 438px\" class=\"wp-caption aligncenter\"><img aria-describedby=\"caption-attachment-7727\" decoding=\"async\" loading=\"lazy\" class=\"wp-image-7727\" src=\"http:\/\/sapi.paris-lavillette.archi.fr\/CTID924\/wp-content\/uploads\/2018\/10\/35461388_10156392467408149_8246630782219583488_o.jpg\" alt=\"35461388_10156392467408149_8246630782219583488_o\" width=\"428\" height=\"571\" srcset=\"https:\/\/sapi.paris-lavillette.archi.fr\/CTID924\/wp-content\/uploads\/2018\/10\/35461388_10156392467408149_8246630782219583488_o.jpg 1536w, https:\/\/sapi.paris-lavillette.archi.fr\/CTID924\/wp-content\/uploads\/2018\/10\/35461388_10156392467408149_8246630782219583488_o-225x300.jpg 225w, https:\/\/sapi.paris-lavillette.archi.fr\/CTID924\/wp-content\/uploads\/2018\/10\/35461388_10156392467408149_8246630782219583488_o-768x1024.jpg 768w\" sizes=\"(max-width: 428px) 100vw, 428px\" \/><p id=\"caption-attachment-7727\" class=\"wp-caption-text\">Cerce m\u00e9tallique cintr\u00e9e selon un trac\u00e9 de triangulation g\u00e9n\u00e9r\u00e9 sous Grasshopper<\/p><\/div>\n<h3>Chantier<\/h3>\n<p><img decoding=\"async\" loading=\"lazy\" class=\"alignnone wp-image-7730\" src=\"http:\/\/sapi.paris-lavillette.archi.fr\/CTID924\/wp-content\/uploads\/2018\/10\/36963516_2162604917088942_6038820856803622912_n.jpg\" alt=\"36963516_2162604917088942_6038820856803622912_n\" width=\"382\" height=\"509\" srcset=\"https:\/\/sapi.paris-lavillette.archi.fr\/CTID924\/wp-content\/uploads\/2018\/10\/36963516_2162604917088942_6038820856803622912_n.jpg 720w, https:\/\/sapi.paris-lavillette.archi.fr\/CTID924\/wp-content\/uploads\/2018\/10\/36963516_2162604917088942_6038820856803622912_n-225x300.jpg 225w\" sizes=\"(max-width: 382px) 100vw, 382px\" \/>\u00a0<img decoding=\"async\" loading=\"lazy\" class=\"alignnone size-full wp-image-7783\" src=\"http:\/\/sapi.paris-lavillette.archi.fr\/CTID924\/wp-content\/uploads\/2018\/10\/36983688_2198694733480554_5065968175363915776_o.jpg\" alt=\"36983688_2198694733480554_5065968175363915776_o\" width=\"1080\" height=\"809\" srcset=\"https:\/\/sapi.paris-lavillette.archi.fr\/CTID924\/wp-content\/uploads\/2018\/10\/36983688_2198694733480554_5065968175363915776_o.jpg 1080w, https:\/\/sapi.paris-lavillette.archi.fr\/CTID924\/wp-content\/uploads\/2018\/10\/36983688_2198694733480554_5065968175363915776_o-300x225.jpg 300w, https:\/\/sapi.paris-lavillette.archi.fr\/CTID924\/wp-content\/uploads\/2018\/10\/36983688_2198694733480554_5065968175363915776_o-768x575.jpg 768w, https:\/\/sapi.paris-lavillette.archi.fr\/CTID924\/wp-content\/uploads\/2018\/10\/36983688_2198694733480554_5065968175363915776_o-1024x767.jpg 1024w\" sizes=\"(max-width: 1080px) 100vw, 1080px\" \/><\/p>\n<h3>Installation<\/h3>\n<p>Le pavillon a \u00e9t\u00e9 install\u00e9 sur le roof-top de la cit\u00e9 de la mode pendant en aout et septembre 2018, elle \u00e0 \u00e9t\u00e9 d\u00e9mont\u00e9 pour \u00eatre reconstruite en Auvergne dans une des carri\u00e8res du couvent de la th\u00e9ba\u00efde pour une installation permanente d\u00e8s le printemps 2019.<\/p>\n<h5>Photographies professionnelles de l\u2019installation:<\/h5>\n<p><a href=\"http:\/\/s-a-l-e-m.com\/\">http:\/\/s-a-l-e-m.com\/<\/a><\/p>\n<h5>Publications dans la presse:<\/h5>\n<p>fili\u00e8re bois N\u00b029: <a href=\"http:\/\/www.filiere-bois.fr\/#\">http:\/\/www.filiere-bois.fr\/#<\/a><\/p>\n<p><a href=\"http:\/\/www.journal-du-design.fr\/architecture\/la-vrillette-les-etudiants-darchitecture-experimentent-le-bois-a-la-cite-de-la-mode-et-du-design-108791\/\">http:\/\/www.journal-du-design.fr\/architecture\/la-vrillette-les-etudiants-darchitecture-experimentent-le-bois-a-la-cite-de-la-mode-et-du-design-108791\/<\/a><\/p>\n<h5>Construire l&rsquo;architecture:<\/h5>\n<p><a href=\"https:\/\/www.construire-l-architecture.com\/\">https:\/\/www.construire-l-architecture.com\/<\/a><\/p>\n<p>&nbsp;<\/p>\n<p>&nbsp;<\/p>\n","protected":false},"excerpt":{"rendered":"<p>Contexte Sculpture Tectonique Le cours Sculpture Tectonique est un cours de construction \u00e0 l&rsquo;\u00e9chelle 1 propos\u00e9 aux \u00e9tudiants de Master 1. Il est encadr\u00e9 par Marc Leyral (ing. Archi.) et Fr\u00e9d\u00e9ric Martinet (Archi). Le cours prend comme th\u00e9matique principale la r\u00e9alisation de pavillons en bois de petites section proposant des structures exp\u00e9rimentales. Le Cours est compos\u00e9 de deux phases repr\u00e9sentant chacune un semestre: La phase Concours La premi\u00e8re phase du cours, se d\u00e9roulant sur un semestre, est un concours confrontant les projets des \u00e9tudiants inscrits aux cours. Ce concours confrontait une vingtaine de projet. L&rsquo;organisation du concours reprenais le phasage d&rsquo;un projet d&rsquo;architecture r\u00e9el: La phase Esquisse, \u00e0 l&rsquo;issu de laquelle n&rsquo;\u00e9tais retenus que 15 projets La phase APS, \u00e0 l&rsquo;issu de laquelle n&rsquo;\u00e9tais retenus que 11 projets La phase APD, \u00e0 l&rsquo;issu de laquelle n&rsquo;\u00e9tait retenus que 7 projets La phase PRO, \u00e0 l&rsquo;issu de laquelle n&rsquo;\u00e9tait retenus que 4 projets La phase DCE, \u00e0 l&rsquo;issu de laquelle n&rsquo;\u00e9tait retenus que 2 projets La phase EXE, \u00e0 l&rsquo;issu de laquelle \u00e9tais retenus le projet final \u00e0 construire R\u00e9capitulatif de la phase concours de 2018: https:\/\/www.construire-l-architecture.com\/st-concours-2018 La phase \u00c9tude et Chantier Le second semestre du cours Sculpture tectonique est consacr\u00e9 [&hellip;]<\/p>\n","protected":false},"author":187,"featured_media":7732,"comment_status":"open","ping_status":"open","sticky":false,"template":"","format":"standard","meta":{"footnotes":""},"categories":[33],"tags":[],"_links":{"self":[{"href":"https:\/\/sapi.paris-lavillette.archi.fr\/CTID924\/index.php?rest_route=\/wp\/v2\/posts\/7723"}],"collection":[{"href":"https:\/\/sapi.paris-lavillette.archi.fr\/CTID924\/index.php?rest_route=\/wp\/v2\/posts"}],"about":[{"href":"https:\/\/sapi.paris-lavillette.archi.fr\/CTID924\/index.php?rest_route=\/wp\/v2\/types\/post"}],"author":[{"embeddable":true,"href":"https:\/\/sapi.paris-lavillette.archi.fr\/CTID924\/index.php?rest_route=\/wp\/v2\/users\/187"}],"replies":[{"embeddable":true,"href":"https:\/\/sapi.paris-lavillette.archi.fr\/CTID924\/index.php?rest_route=%2Fwp%2Fv2%2Fcomments&post=7723"}],"version-history":[{"count":34,"href":"https:\/\/sapi.paris-lavillette.archi.fr\/CTID924\/index.php?rest_route=\/wp\/v2\/posts\/7723\/revisions"}],"predecessor-version":[{"id":8322,"href":"https:\/\/sapi.paris-lavillette.archi.fr\/CTID924\/index.php?rest_route=\/wp\/v2\/posts\/7723\/revisions\/8322"}],"wp:featuredmedia":[{"embeddable":true,"href":"https:\/\/sapi.paris-lavillette.archi.fr\/CTID924\/index.php?rest_route=\/wp\/v2\/media\/7732"}],"wp:attachment":[{"href":"https:\/\/sapi.paris-lavillette.archi.fr\/CTID924\/index.php?rest_route=%2Fwp%2Fv2%2Fmedia&parent=7723"}],"wp:term":[{"taxonomy":"category","embeddable":true,"href":"https:\/\/sapi.paris-lavillette.archi.fr\/CTID924\/index.php?rest_route=%2Fwp%2Fv2%2Fcategories&post=7723"},{"taxonomy":"post_tag","embeddable":true,"href":"https:\/\/sapi.paris-lavillette.archi.fr\/CTID924\/index.php?rest_route=%2Fwp%2Fv2%2Ftags&post=7723"}],"curies":[{"name":"wp","href":"https:\/\/api.w.org\/{rel}","templated":true}]}}