{"id":8362,"date":"2019-01-07T16:35:27","date_gmt":"2019-01-07T15:35:27","guid":{"rendered":"http:\/\/sapi.paris-lavillette.archi.fr\/CTID924\/?p=8362"},"modified":"2019-01-07T16:37:04","modified_gmt":"2019-01-07T15:37:04","slug":"pavillon-de-recherche-de-luniversite-de-stuttgart","status":"publish","type":"post","link":"https:\/\/sapi.paris-lavillette.archi.fr\/CTID924\/?p=8362","title":{"rendered":"Pavillon de recherche de l&rsquo;Universit\u00e9 de Stuttgart"},"content":{"rendered":"<p>L\u2019Institut de conceptions et de constructions informatiques (IDC) et l\u2019Institut de conceptions de structures de b\u00e2timent et de constructions (ITKE) de l\u2019Universit\u00e9 de Stuttgart on travaill\u00e9s sur la construction d\u2019un nouveau pavillon de recherche qui explore la fabrication \u00e0 l\u2019\u00e9chelle dans b\u00e2timents de composites renforc\u00e9s de fibres de verre et de carbone. Il a \u00e9t\u00e9 con\u00e7u dans les ateliers de l\u2019universit\u00e9 de Stuttgart durant l\u2019ann\u00e9e 2016 et install\u00e9 in situ en 2017<\/p>\n<p><img decoding=\"async\" loading=\"lazy\" class=\"alignnone size-medium wp-image-8365\" src=\"http:\/\/sapi.paris-lavillette.archi.fr\/CTID924\/wp-content\/uploads\/2019\/01\/ICD-ITKE_RP16-17_Image_07-300x225.jpg\" alt=\"\" width=\"300\" height=\"225\" srcset=\"https:\/\/sapi.paris-lavillette.archi.fr\/CTID924\/wp-content\/uploads\/2019\/01\/ICD-ITKE_RP16-17_Image_07-300x225.jpg 300w, https:\/\/sapi.paris-lavillette.archi.fr\/CTID924\/wp-content\/uploads\/2019\/01\/ICD-ITKE_RP16-17_Image_07-768x576.jpg 768w, https:\/\/sapi.paris-lavillette.archi.fr\/CTID924\/wp-content\/uploads\/2019\/01\/ICD-ITKE_RP16-17_Image_07.jpg 960w\" sizes=\"(max-width: 300px) 100vw, 300px\" \/> <img decoding=\"async\" loading=\"lazy\" class=\"alignnone size-medium wp-image-8364\" src=\"http:\/\/sapi.paris-lavillette.archi.fr\/CTID924\/wp-content\/uploads\/2019\/01\/ICD-ITKE_RP16-17_Image_01-300x225.jpg\" alt=\"\" width=\"300\" height=\"225\" srcset=\"https:\/\/sapi.paris-lavillette.archi.fr\/CTID924\/wp-content\/uploads\/2019\/01\/ICD-ITKE_RP16-17_Image_01-300x225.jpg 300w, https:\/\/sapi.paris-lavillette.archi.fr\/CTID924\/wp-content\/uploads\/2019\/01\/ICD-ITKE_RP16-17_Image_01-768x576.jpg 768w, https:\/\/sapi.paris-lavillette.archi.fr\/CTID924\/wp-content\/uploads\/2019\/01\/ICD-ITKE_RP16-17_Image_01.jpg 960w\" sizes=\"(max-width: 300px) 100vw, 300px\" \/> <img decoding=\"async\" loading=\"lazy\" class=\"alignnone size-medium wp-image-8366\" src=\"http:\/\/sapi.paris-lavillette.archi.fr\/CTID924\/wp-content\/uploads\/2019\/01\/ICD-ITKE_RP16-17_Image_09-300x225.jpg\" alt=\"\" width=\"300\" height=\"225\" srcset=\"https:\/\/sapi.paris-lavillette.archi.fr\/CTID924\/wp-content\/uploads\/2019\/01\/ICD-ITKE_RP16-17_Image_09-300x225.jpg 300w, https:\/\/sapi.paris-lavillette.archi.fr\/CTID924\/wp-content\/uploads\/2019\/01\/ICD-ITKE_RP16-17_Image_09-768x576.jpg 768w, https:\/\/sapi.paris-lavillette.archi.fr\/CTID924\/wp-content\/uploads\/2019\/01\/ICD-ITKE_RP16-17_Image_09.jpg 960w\" sizes=\"(max-width: 300px) 100vw, 300px\" \/><\/p>\n<p>La forme du pavillon est inspir\u00e9 du cocon que tisse un papillon de la famille de Lyonetia, le Lyonetia clerkella. Il a \u00e9t\u00e9 cr\u00e9\u00e9 en posant un total\u00a0 de 184 km de verre et de fibre de carbone impr\u00e9gn\u00e9s de r\u00e9sine. Le syst\u00e8me a \u00e9t\u00e9 utilis\u00e9 pour cr\u00e9er et tester un seul porte-\u00e0-faux d&rsquo;une longueur totale de 12 m. La surface couvre une superficie d&rsquo;environ 40 m\u00b2 et p\u00e8se environ 1000 kg. La structure r\u00e9alis\u00e9e a \u00e9t\u00e9 fabriqu\u00e9e hors site et la taille a donc \u00e9t\u00e9 limit\u00e9e pour tenir dans un volume de transport autoris\u00e9.<\/p>\n<p><img decoding=\"async\" loading=\"lazy\" class=\"alignnone size-medium wp-image-8369\" src=\"http:\/\/sapi.paris-lavillette.archi.fr\/CTID924\/wp-content\/uploads\/2019\/01\/cocon-300x166.jpg\" alt=\"\" width=\"300\" height=\"166\" srcset=\"https:\/\/sapi.paris-lavillette.archi.fr\/CTID924\/wp-content\/uploads\/2019\/01\/cocon-300x166.jpg 300w, https:\/\/sapi.paris-lavillette.archi.fr\/CTID924\/wp-content\/uploads\/2019\/01\/cocon.jpg 485w\" sizes=\"(max-width: 300px) 100vw, 300px\" \/><\/p>\n<p>Le processus de fabrication repose sur la collaboration entre des machines stationnaires et des machines mobiles. Deux bras robotiques industriels fixes offrant la force et la pr\u00e9cision n\u00e9cessaire au travail de bobinage de fibres sont plac\u00e9es aux extr\u00e9mit\u00e9s de la structure, tandis qu&rsquo;un syst\u00e8me de transport de fibres autonome \u00e0 longue port\u00e9e mais moins pr\u00e9cis est utilis\u00e9 pour faire passer la fibre.<\/p>\n<p><img decoding=\"async\" loading=\"lazy\" class=\"alignnone size-medium wp-image-8367\" src=\"http:\/\/sapi.paris-lavillette.archi.fr\/CTID924\/wp-content\/uploads\/2019\/01\/RP1617_19_Process_c-ICD_ITKE-300x150.jpg\" alt=\"\" width=\"300\" height=\"150\" srcset=\"https:\/\/sapi.paris-lavillette.archi.fr\/CTID924\/wp-content\/uploads\/2019\/01\/RP1617_19_Process_c-ICD_ITKE-300x150.jpg 300w, https:\/\/sapi.paris-lavillette.archi.fr\/CTID924\/wp-content\/uploads\/2019\/01\/RP1617_19_Process_c-ICD_ITKE-768x384.jpg 768w, https:\/\/sapi.paris-lavillette.archi.fr\/CTID924\/wp-content\/uploads\/2019\/01\/RP1617_19_Process_c-ICD_ITKE-1024x512.jpg 1024w, https:\/\/sapi.paris-lavillette.archi.fr\/CTID924\/wp-content\/uploads\/2019\/01\/RP1617_19_Process_c-ICD_ITKE.jpg 1200w\" sizes=\"(max-width: 300px) 100vw, 300px\" \/><\/p>\n<p>Une premi\u00e8re arche en r\u00e9sine est construite par le bras du robot afin de cr\u00e9er les deux pieds de la structure.<\/p>\n<p><img decoding=\"async\" loading=\"lazy\" class=\"alignnone size-medium wp-image-8363\" src=\"http:\/\/sapi.paris-lavillette.archi.fr\/CTID924\/wp-content\/uploads\/2019\/01\/Capture-d\u2019\u00e9cran-2018-11-04-\u00e0-16.29.58-300x172.png\" alt=\"\" width=\"300\" height=\"172\" srcset=\"https:\/\/sapi.paris-lavillette.archi.fr\/CTID924\/wp-content\/uploads\/2019\/01\/Capture-d\u2019\u00e9cran-2018-11-04-\u00e0-16.29.58-300x172.png 300w, https:\/\/sapi.paris-lavillette.archi.fr\/CTID924\/wp-content\/uploads\/2019\/01\/Capture-d\u2019\u00e9cran-2018-11-04-\u00e0-16.29.58-768x441.png 768w, https:\/\/sapi.paris-lavillette.archi.fr\/CTID924\/wp-content\/uploads\/2019\/01\/Capture-d\u2019\u00e9cran-2018-11-04-\u00e0-16.29.58-1024x588.png 1024w\" sizes=\"(max-width: 300px) 100vw, 300px\" \/><\/p>\n<p>Puis le drone passe la fibre d\u2019un bras \u00e0 un autre tandis que chaque bras enroule la fibre autour de petite pi\u00e8ce en acier disposer au extr\u00e9mit\u00e9s de la structure<\/p>\n<p><img decoding=\"async\" loading=\"lazy\" class=\"alignnone size-medium wp-image-8368\" src=\"http:\/\/sapi.paris-lavillette.archi.fr\/CTID924\/wp-content\/uploads\/2019\/01\/RP1617_26_Process_c-ICD_ITKE-300x225.jpg\" alt=\"\" width=\"300\" height=\"225\" srcset=\"https:\/\/sapi.paris-lavillette.archi.fr\/CTID924\/wp-content\/uploads\/2019\/01\/RP1617_26_Process_c-ICD_ITKE-300x225.jpg 300w, https:\/\/sapi.paris-lavillette.archi.fr\/CTID924\/wp-content\/uploads\/2019\/01\/RP1617_26_Process_c-ICD_ITKE-768x576.jpg 768w, https:\/\/sapi.paris-lavillette.archi.fr\/CTID924\/wp-content\/uploads\/2019\/01\/RP1617_26_Process_c-ICD_ITKE.jpg 800w\" sizes=\"(max-width: 300px) 100vw, 300px\" \/><\/p>\n<p>Cette fabrication par enroulement de fibres permet de r\u00e9duire le coffrage et d\u2019augmenter l\u2019\u00e9chelle et la port\u00e9e. Ces machines et mat\u00e9riaux sont d\u00e9j\u00e0 beaucoup utilis\u00e9s dans des domaines comme l\u2019automobile par exemple. Mais ces nouveaux proc\u00e9d\u00e9s offrent de nouvelles possibilit\u00e9s a la conception architecturale.<\/p>\n<p>&nbsp;<\/p>\n<p><strong>Project Team<\/strong><br \/>\nICD Institute for Computational Design and Construction \u2013 Prof. Achim Menges<br \/>\nITKE Institute of Building Structures and Structural Design \u2013 Prof. Jan Knippers<\/p>\n<p>Scientific Development<br \/>\nBenjamin Felbrich, Nikolas Fr\u00fch, Marshall Prado, Daniel Reist, Sam Saffarian, James Solly, Lauren Vasey<\/p>\n<p>System Development, Fabrication and Construction<br \/>\nMiguel Aflalo, Bahar Al Bahar, Lotte Aldinger, Chris Arias, L\u00e9onard Balas, Jingcheng Chen, Federico Forestiero, Dominga Garufi, Pedro Giachini, Kyriaki Goti, Sachin Gupta, Olga Kalina, Shir Katz, Bruno Knychalla, Shamil Lallani, Patricio Lara, Ayoub Lharchi, Dongyuan Liu, Yencheng Lu, Georgia Margariti, Alexandre Mballa, Behrooz Tahanzadeh, Hans Jakob Wagner, Benedikt Wannemacher, Nikolaos Xenos, Andre Zolnerkevic, Paula Baptista, Kevin Croneigh, Tatsunori Shibuya, Nicol\u00f3 Temperi, Manon Uhlen, Li Wenhan. With the support of Michael Preisack and Artyom Maxim.<\/p>\n<p><strong>In collaboration with:<\/strong><br \/>\nInstitute of Aircraft Design (IFB) \u2013 Prof. Dr.-Ing. P. Middendorf, Markus Blandl, Florian Gn\u00e4dinger<br \/>\nInstitute of Engineering Geodesy (IIGS) \u2013 Prof. Dr.-Ing. habil. Volker Schwieger, Otto Lerke<br \/>\nDepartment of Evolutionary Biology of Invertebrates, University of Tuebingen \u2013 Prof. Oliver Betz<br \/>\nDepartment of Palaeontology of Invertebrates, University of Tuebingen \u2013 Prof. James Nebelsick<\/p>\n<p><strong>Supported by<\/strong><br \/>\nVolkswagen Stiftung<br \/>\nGETTYLAB<br \/>\nKuka Roboter GmbH<br \/>\nPeri GmbH<br \/>\nSGL Technologies GmbH<br \/>\nHexion Stuttgart GmbH<br \/>\nEd. Z\u00fcblin AG<br \/>\nLange Ritter GmbH<br \/>\nStahlbau Wendeler GmbH<br \/>\nLeica Geosystems GmbH<br \/>\nKOFI GmbH<\/p>\n","protected":false},"excerpt":{"rendered":"<p>L\u2019Institut de conceptions et de constructions informatiques (IDC) et l\u2019Institut de conceptions de structures de b\u00e2timent et de constructions (ITKE) de l\u2019Universit\u00e9 de Stuttgart on travaill\u00e9s sur la construction d\u2019un nouveau pavillon de recherche qui explore la fabrication \u00e0 l\u2019\u00e9chelle dans b\u00e2timents de composites renforc\u00e9s de fibres de verre et de carbone. Il a \u00e9t\u00e9 con\u00e7u dans les ateliers de l\u2019universit\u00e9 de Stuttgart durant l\u2019ann\u00e9e 2016 et install\u00e9 in situ en 2017 La forme du pavillon est inspir\u00e9 du cocon que tisse un papillon de la famille de Lyonetia, le Lyonetia clerkella. Il a \u00e9t\u00e9 cr\u00e9\u00e9 en posant un total\u00a0 de 184 km de verre et de fibre de carbone impr\u00e9gn\u00e9s de r\u00e9sine. Le syst\u00e8me a \u00e9t\u00e9 utilis\u00e9 pour cr\u00e9er et tester un seul porte-\u00e0-faux d&rsquo;une longueur totale de 12 m. La surface couvre une superficie d&rsquo;environ 40 m\u00b2 et p\u00e8se environ 1000 kg. La structure r\u00e9alis\u00e9e a \u00e9t\u00e9 fabriqu\u00e9e hors site et la taille a donc \u00e9t\u00e9 limit\u00e9e pour tenir dans un volume de transport autoris\u00e9. Le processus de fabrication repose sur la collaboration entre des machines stationnaires et des machines mobiles. Deux bras robotiques industriels fixes offrant la force et la pr\u00e9cision n\u00e9cessaire au travail de bobinage de [&hellip;]<\/p>\n","protected":false},"author":198,"featured_media":0,"comment_status":"open","ping_status":"open","sticky":false,"template":"","format":"standard","meta":{"footnotes":""},"categories":[33],"tags":[],"_links":{"self":[{"href":"https:\/\/sapi.paris-lavillette.archi.fr\/CTID924\/index.php?rest_route=\/wp\/v2\/posts\/8362"}],"collection":[{"href":"https:\/\/sapi.paris-lavillette.archi.fr\/CTID924\/index.php?rest_route=\/wp\/v2\/posts"}],"about":[{"href":"https:\/\/sapi.paris-lavillette.archi.fr\/CTID924\/index.php?rest_route=\/wp\/v2\/types\/post"}],"author":[{"embeddable":true,"href":"https:\/\/sapi.paris-lavillette.archi.fr\/CTID924\/index.php?rest_route=\/wp\/v2\/users\/198"}],"replies":[{"embeddable":true,"href":"https:\/\/sapi.paris-lavillette.archi.fr\/CTID924\/index.php?rest_route=%2Fwp%2Fv2%2Fcomments&post=8362"}],"version-history":[{"count":1,"href":"https:\/\/sapi.paris-lavillette.archi.fr\/CTID924\/index.php?rest_route=\/wp\/v2\/posts\/8362\/revisions"}],"predecessor-version":[{"id":8370,"href":"https:\/\/sapi.paris-lavillette.archi.fr\/CTID924\/index.php?rest_route=\/wp\/v2\/posts\/8362\/revisions\/8370"}],"wp:attachment":[{"href":"https:\/\/sapi.paris-lavillette.archi.fr\/CTID924\/index.php?rest_route=%2Fwp%2Fv2%2Fmedia&parent=8362"}],"wp:term":[{"taxonomy":"category","embeddable":true,"href":"https:\/\/sapi.paris-lavillette.archi.fr\/CTID924\/index.php?rest_route=%2Fwp%2Fv2%2Fcategories&post=8362"},{"taxonomy":"post_tag","embeddable":true,"href":"https:\/\/sapi.paris-lavillette.archi.fr\/CTID924\/index.php?rest_route=%2Fwp%2Fv2%2Ftags&post=8362"}],"curies":[{"name":"wp","href":"https:\/\/api.w.org\/{rel}","templated":true}]}}