{"id":8380,"date":"2019-01-24T20:51:37","date_gmt":"2019-01-24T19:51:37","guid":{"rendered":"http:\/\/sapi.paris-lavillette.archi.fr\/CTID924\/?p=8380"},"modified":"2019-01-24T20:51:53","modified_gmt":"2019-01-24T19:51:53","slug":"mini-projet-pavillon","status":"publish","type":"post","link":"https:\/\/sapi.paris-lavillette.archi.fr\/CTID924\/?p=8380","title":{"rendered":"Mini projet: pavillon"},"content":{"rendered":"<p>Pour la r\u00e9alisation de ce pavillon, je me suis bas\u00e9 sur les consignes vues en cours. Etant encore dans une phase de d\u00e9couverte de ce logiciel, je trouvais qu&rsquo;il \u00e9tait plus facile d&rsquo;utiliser les m\u00e9thodes vues ensemble pour la fabrication de ce projet.<\/p>\n<p>Pour cela, la premi\u00e8re \u00e9tape f\u00fbt d&rsquo;abord de dessiner la forme du pavillon, ensuite, de tracer une ligne verticale qui d\u00e9termine sa hauteur principale. Une fois cette derni\u00e8re effectu\u00e9e, j&rsquo;ai dessin\u00e9 un arc de cercle qui va nous servir plus tard a cr\u00e9er la forme de l&rsquo;enveloppe externe du pavillon.<\/p>\n<p><a href=\"http:\/\/sapi.paris-lavillette.archi.fr\/CTID924\/wp-content\/uploads\/2019\/01\/1.jpg\"><img decoding=\"async\" loading=\"lazy\" class=\"alignnone wp-image-8381\" src=\"http:\/\/sapi.paris-lavillette.archi.fr\/CTID924\/wp-content\/uploads\/2019\/01\/1-300x160.jpg\" alt=\"\" width=\"808\" height=\"431\" srcset=\"https:\/\/sapi.paris-lavillette.archi.fr\/CTID924\/wp-content\/uploads\/2019\/01\/1-300x160.jpg 300w, https:\/\/sapi.paris-lavillette.archi.fr\/CTID924\/wp-content\/uploads\/2019\/01\/1-768x410.jpg 768w, https:\/\/sapi.paris-lavillette.archi.fr\/CTID924\/wp-content\/uploads\/2019\/01\/1-1024x546.jpg 1024w, https:\/\/sapi.paris-lavillette.archi.fr\/CTID924\/wp-content\/uploads\/2019\/01\/1.jpg 1365w\" sizes=\"(max-width: 808px) 100vw, 808px\" \/><\/a><\/p>\n<p>Une fois cela effectu\u00e9 j&rsquo;ai trac\u00e9 deux lignes qui vont d\u00e9terminer les sens dans lesquelles les arches vont se placer ( vois image ci dessus ).<\/p>\n<p><a href=\"http:\/\/sapi.paris-lavillette.archi.fr\/CTID924\/wp-content\/uploads\/2019\/01\/2.jpg\"><img decoding=\"async\" loading=\"lazy\" class=\"alignnone wp-image-8382\" src=\"http:\/\/sapi.paris-lavillette.archi.fr\/CTID924\/wp-content\/uploads\/2019\/01\/2-300x160.jpg\" alt=\"\" width=\"806\" height=\"430\" srcset=\"https:\/\/sapi.paris-lavillette.archi.fr\/CTID924\/wp-content\/uploads\/2019\/01\/2-300x160.jpg 300w, https:\/\/sapi.paris-lavillette.archi.fr\/CTID924\/wp-content\/uploads\/2019\/01\/2-768x409.jpg 768w, https:\/\/sapi.paris-lavillette.archi.fr\/CTID924\/wp-content\/uploads\/2019\/01\/2-1024x545.jpg 1024w, https:\/\/sapi.paris-lavillette.archi.fr\/CTID924\/wp-content\/uploads\/2019\/01\/2.jpg 1365w\" sizes=\"(max-width: 806px) 100vw, 806px\" \/><\/a><\/p>\n<p>Pour cr\u00e9er l&rsquo;enveloppe externe, j&rsquo;ai associ\u00e9 les trois curve dans grasshopper, aux formes dans Rhino qui sont: l&rsquo;arc de cercle, la ligne verticale et horizontale. Ensuite je relie ces curve au noeud \u00ab\u00a0Rail Revolution\u00a0\u00bb, qui va cr\u00e9er la forme ( en vert ).<\/p>\n<p>Les deux lignes trac\u00e9es sont ensuite \u00e9galement associ\u00e9s \u00e0 des curves, qui sont elles-m\u00eame reli\u00e9es \u00e0 des Perp frames, puis Brep, qui vont servir \u00e0 cr\u00e9er les premi\u00e8res esquisses de la structure ainsi que leur orientation. Ensuite avec des sliders, j&rsquo;ai d\u00e9cid\u00e9 de la densit\u00e9 de ces structures\u00a0 ( voir ci-dessous ).<\/p>\n<p><a href=\"http:\/\/sapi.paris-lavillette.archi.fr\/CTID924\/wp-content\/uploads\/2019\/01\/3-2.jpg\"><img decoding=\"async\" loading=\"lazy\" class=\"alignnone wp-image-8385\" src=\"http:\/\/sapi.paris-lavillette.archi.fr\/CTID924\/wp-content\/uploads\/2019\/01\/3-2-300x162.jpg\" alt=\"3\" width=\"817\" height=\"441\" srcset=\"https:\/\/sapi.paris-lavillette.archi.fr\/CTID924\/wp-content\/uploads\/2019\/01\/3-2-300x162.jpg 300w, https:\/\/sapi.paris-lavillette.archi.fr\/CTID924\/wp-content\/uploads\/2019\/01\/3-2-768x414.jpg 768w, https:\/\/sapi.paris-lavillette.archi.fr\/CTID924\/wp-content\/uploads\/2019\/01\/3-2-1024x552.jpg 1024w, https:\/\/sapi.paris-lavillette.archi.fr\/CTID924\/wp-content\/uploads\/2019\/01\/3-2.jpg 1361w\" sizes=\"(max-width: 817px) 100vw, 817px\" \/><\/a><\/p>\n<p>Avec l&rsquo;outil Planar j&rsquo;ai reli\u00e9 les lignes rouges cr\u00e9ees par les Brep frame \u00e0 la base de ma forme pour d\u00e9cider de l&rsquo;orientation de la structure.<\/p>\n<p><a href=\"http:\/\/sapi.paris-lavillette.archi.fr\/CTID924\/wp-content\/uploads\/2019\/01\/4.jpg\"><img decoding=\"async\" loading=\"lazy\" class=\"alignnone wp-image-8386\" src=\"http:\/\/sapi.paris-lavillette.archi.fr\/CTID924\/wp-content\/uploads\/2019\/01\/4-300x157.jpg\" alt=\"4\" width=\"808\" height=\"423\" srcset=\"https:\/\/sapi.paris-lavillette.archi.fr\/CTID924\/wp-content\/uploads\/2019\/01\/4-300x157.jpg 300w, https:\/\/sapi.paris-lavillette.archi.fr\/CTID924\/wp-content\/uploads\/2019\/01\/4-768x402.jpg 768w, https:\/\/sapi.paris-lavillette.archi.fr\/CTID924\/wp-content\/uploads\/2019\/01\/4-1024x536.jpg 1024w, https:\/\/sapi.paris-lavillette.archi.fr\/CTID924\/wp-content\/uploads\/2019\/01\/4.jpg 1365w\" sizes=\"(max-width: 808px) 100vw, 808px\" \/><\/a><\/p>\n<p>J&rsquo;ai utilis\u00e9 Sweep2 qui va transformer les lignes en une forme qui va \u00eatre la premi\u00e8re esquisse du squelette du pavillon. Pour que celles-ci se croise et s&rsquo;encastrent parfaitement, il faut cr\u00e9er des encoches et pour cela, j&rsquo;ai dans un premier temps utilis\u00e9 VB Script intersection, qui va cr\u00e9er des points sur mon enveloppe qui vont me permettre ensuite de placer les encoches. Ces derni\u00e8res sont faites avec VB Script Intersection Nervures ( voir ci-dessous).<\/p>\n<p><a href=\"http:\/\/sapi.paris-lavillette.archi.fr\/CTID924\/wp-content\/uploads\/2019\/01\/6.jpg\"><img decoding=\"async\" loading=\"lazy\" class=\"alignnone wp-image-8387\" src=\"http:\/\/sapi.paris-lavillette.archi.fr\/CTID924\/wp-content\/uploads\/2019\/01\/6-300x162.jpg\" alt=\"6\" width=\"809\" height=\"437\" srcset=\"https:\/\/sapi.paris-lavillette.archi.fr\/CTID924\/wp-content\/uploads\/2019\/01\/6-300x162.jpg 300w, https:\/\/sapi.paris-lavillette.archi.fr\/CTID924\/wp-content\/uploads\/2019\/01\/6-768x414.jpg 768w, https:\/\/sapi.paris-lavillette.archi.fr\/CTID924\/wp-content\/uploads\/2019\/01\/6.jpg 1365w\" sizes=\"(max-width: 809px) 100vw, 809px\" \/><\/a><\/p>\n<p>Les \u00e9tapes suivantes n\u00e9cessites de travailler avec les deux ossatures perpendiculaires. Pour un certains confort visuel dans ce site, je ne montrerais qu&rsquo;une orientation de ces \u00e9tapes, mais il faut garder \u00e0 l&rsquo;esprit qu&rsquo;il suffit de copier \/ coller celle-ci, pour avoir le m\u00eame resultat pour les autres structures perpendiculaire.<\/p>\n<p>Pour cr\u00e9er les encoches du dessus on va relier ce dernier \u00e0 End Points, Is planar, et Construc points, qui vont\u00a0 determiner les positions des encoches du dessus, en lien avec celle du dessous, puis avec Rectangle, ces encoche vont prendre une forme parall\u00e9lipedique. Pour changer les dimensions de ces derni\u00e8res, j&rsquo;ai utilis\u00e9 deux sliders reli\u00e9s \u00e0 Construc Domain, qui lui m\u00eame-est reli\u00e9 \u00e0 Rectangle.<\/p>\n<p><a href=\"http:\/\/sapi.paris-lavillette.archi.fr\/CTID924\/wp-content\/uploads\/2019\/01\/7.jpg\"><img decoding=\"async\" loading=\"lazy\" class=\"alignnone wp-image-8388\" src=\"http:\/\/sapi.paris-lavillette.archi.fr\/CTID924\/wp-content\/uploads\/2019\/01\/7-300x161.jpg\" alt=\"7\" width=\"801\" height=\"430\" srcset=\"https:\/\/sapi.paris-lavillette.archi.fr\/CTID924\/wp-content\/uploads\/2019\/01\/7-300x161.jpg 300w, https:\/\/sapi.paris-lavillette.archi.fr\/CTID924\/wp-content\/uploads\/2019\/01\/7-768x411.jpg 768w, https:\/\/sapi.paris-lavillette.archi.fr\/CTID924\/wp-content\/uploads\/2019\/01\/7-1024x548.jpg 1024w, https:\/\/sapi.paris-lavillette.archi.fr\/CTID924\/wp-content\/uploads\/2019\/01\/7.jpg 1365w\" sizes=\"(max-width: 801px) 100vw, 801px\" \/><\/a><\/p>\n<p>Pour terminer, j&rsquo;ai utilis\u00e9 End points et Line qui vont me servir \u00e0 projeter cette structure 3D en plan 2D. Chaque points d\u00e9termine en fait, les bases sur lesquelles les branches de l&rsquo;ossatures vont se rabattre en vue en plan. Une fois d\u00e9termin\u00e9, j&rsquo;ai utilis\u00e9 l&rsquo;outil Rotate, qui va me permettre d&rsquo;applatir en 2D cette structure en 3D.<\/p>\n<p><a href=\"http:\/\/sapi.paris-lavillette.archi.fr\/CTID924\/wp-content\/uploads\/2019\/01\/8.jpg\"><img decoding=\"async\" loading=\"lazy\" class=\"alignnone wp-image-8389\" src=\"http:\/\/sapi.paris-lavillette.archi.fr\/CTID924\/wp-content\/uploads\/2019\/01\/8-300x161.jpg\" alt=\"8\" width=\"811\" height=\"435\" srcset=\"https:\/\/sapi.paris-lavillette.archi.fr\/CTID924\/wp-content\/uploads\/2019\/01\/8-300x161.jpg 300w, https:\/\/sapi.paris-lavillette.archi.fr\/CTID924\/wp-content\/uploads\/2019\/01\/8-768x412.jpg 768w, https:\/\/sapi.paris-lavillette.archi.fr\/CTID924\/wp-content\/uploads\/2019\/01\/8-1024x549.jpg 1024w, https:\/\/sapi.paris-lavillette.archi.fr\/CTID924\/wp-content\/uploads\/2019\/01\/8.jpg 1365w\" sizes=\"(max-width: 811px) 100vw, 811px\" \/><\/a><\/p>\n<p>Une fois cette premi\u00e8re partie effectu\u00e9, il suffit de r\u00e9p\u00e9ter les op\u00e9rations pour les structures perpendiculaires. Une fois ces deux formes \u00ab\u00a0cuites\u00a0\u00bb, nous pouvons les s\u00e9parer et les exporter sur autocad. Cette derni\u00e8re op\u00e9ration va permettre de mettre la bonne couleur pour la d\u00e9coupe laser.<\/p>\n<div id=\"attachment_8390\" style=\"width: 793px\" class=\"wp-caption alignnone\"><a href=\"http:\/\/sapi.paris-lavillette.archi.fr\/CTID924\/wp-content\/uploads\/2019\/01\/9.jpg\"><img aria-describedby=\"caption-attachment-8390\" decoding=\"async\" loading=\"lazy\" class=\" wp-image-8390\" src=\"http:\/\/sapi.paris-lavillette.archi.fr\/CTID924\/wp-content\/uploads\/2019\/01\/9-300x162.jpg\" alt=\"Ci-dessus, le projet en 2D sur Rhino, une fois &quot;cuit&quot;.\" width=\"783\" height=\"423\" srcset=\"https:\/\/sapi.paris-lavillette.archi.fr\/CTID924\/wp-content\/uploads\/2019\/01\/9-300x162.jpg 300w, https:\/\/sapi.paris-lavillette.archi.fr\/CTID924\/wp-content\/uploads\/2019\/01\/9-768x414.jpg 768w, https:\/\/sapi.paris-lavillette.archi.fr\/CTID924\/wp-content\/uploads\/2019\/01\/9.jpg 1365w\" sizes=\"(max-width: 783px) 100vw, 783px\" \/><\/a><p id=\"caption-attachment-8390\" class=\"wp-caption-text\">Ci-dessus, le projet en 2D sur Rhino, une fois \u00ab\u00a0cuit\u00a0\u00bb.<\/p><\/div>\n<div id=\"attachment_8391\" style=\"width: 793px\" class=\"wp-caption alignnone\"><a href=\"http:\/\/sapi.paris-lavillette.archi.fr\/CTID924\/wp-content\/uploads\/2019\/01\/10.jpg\"><img aria-describedby=\"caption-attachment-8391\" decoding=\"async\" loading=\"lazy\" class=\" wp-image-8391\" src=\"http:\/\/sapi.paris-lavillette.archi.fr\/CTID924\/wp-content\/uploads\/2019\/01\/10-300x162.jpg\" alt=\"Ci-dessus, le projet ouvert dans Autocad.\" width=\"783\" height=\"423\" srcset=\"https:\/\/sapi.paris-lavillette.archi.fr\/CTID924\/wp-content\/uploads\/2019\/01\/10-300x162.jpg 300w, https:\/\/sapi.paris-lavillette.archi.fr\/CTID924\/wp-content\/uploads\/2019\/01\/10-768x414.jpg 768w, https:\/\/sapi.paris-lavillette.archi.fr\/CTID924\/wp-content\/uploads\/2019\/01\/10.jpg 1365w\" sizes=\"(max-width: 783px) 100vw, 783px\" \/><\/a><p id=\"caption-attachment-8391\" class=\"wp-caption-text\">Ci-dessus, le projet ouvert dans Autocad.<\/p><\/div>\n<p>Une fois tout ceci termin\u00e9, la d\u00e9coupe laser fait tout le reste du travail et il ne reste plus qu&rsquo;\u00e0 assembler tel un puzzle.<\/p>\n<div id=\"attachment_8392\" style=\"width: 811px\" class=\"wp-caption alignnone\"><a href=\"http:\/\/sapi.paris-lavillette.archi.fr\/CTID924\/wp-content\/uploads\/2019\/01\/20190122_194658.jpg\"><img aria-describedby=\"caption-attachment-8392\" decoding=\"async\" loading=\"lazy\" class=\"wp-image-8392\" src=\"http:\/\/sapi.paris-lavillette.archi.fr\/CTID924\/wp-content\/uploads\/2019\/01\/20190122_194658-300x225.jpg\" alt=\"20190122_194658\" width=\"801\" height=\"601\" srcset=\"https:\/\/sapi.paris-lavillette.archi.fr\/CTID924\/wp-content\/uploads\/2019\/01\/20190122_194658-300x225.jpg 300w, https:\/\/sapi.paris-lavillette.archi.fr\/CTID924\/wp-content\/uploads\/2019\/01\/20190122_194658-768x576.jpg 768w, https:\/\/sapi.paris-lavillette.archi.fr\/CTID924\/wp-content\/uploads\/2019\/01\/20190122_194658-1024x768.jpg 1024w\" sizes=\"(max-width: 801px) 100vw, 801px\" \/><\/a><p id=\"caption-attachment-8392\" class=\"wp-caption-text\">J&rsquo;ai num\u00e9rot\u00e9 chaque branche afin de m&rsquo;y retrouver.<\/p><\/div>\n<div id=\"attachment_8393\" style=\"width: 814px\" class=\"wp-caption alignnone\"><a href=\"http:\/\/sapi.paris-lavillette.archi.fr\/CTID924\/wp-content\/uploads\/2019\/01\/20190122_220748.jpg\"><img aria-describedby=\"caption-attachment-8393\" decoding=\"async\" loading=\"lazy\" class=\" wp-image-8393\" src=\"http:\/\/sapi.paris-lavillette.archi.fr\/CTID924\/wp-content\/uploads\/2019\/01\/20190122_220748-300x225.jpg\" alt=\"Le projet \u00e0 mi-\u00e9tape.\" width=\"804\" height=\"603\" srcset=\"https:\/\/sapi.paris-lavillette.archi.fr\/CTID924\/wp-content\/uploads\/2019\/01\/20190122_220748-300x225.jpg 300w, https:\/\/sapi.paris-lavillette.archi.fr\/CTID924\/wp-content\/uploads\/2019\/01\/20190122_220748-768x576.jpg 768w, https:\/\/sapi.paris-lavillette.archi.fr\/CTID924\/wp-content\/uploads\/2019\/01\/20190122_220748-1024x768.jpg 1024w\" sizes=\"(max-width: 804px) 100vw, 804px\" \/><\/a><p id=\"caption-attachment-8393\" class=\"wp-caption-text\">Le projet \u00e0 mi-\u00e9tape.<\/p><\/div>\n<p><a href=\"http:\/\/sapi.paris-lavillette.archi.fr\/CTID924\/wp-content\/uploads\/2019\/01\/20190122_220849.jpg\"><img decoding=\"async\" loading=\"lazy\" class=\"alignnone wp-image-8395\" src=\"http:\/\/sapi.paris-lavillette.archi.fr\/CTID924\/wp-content\/uploads\/2019\/01\/20190122_220849-300x225.jpg\" alt=\"20190122_220849\" width=\"813\" height=\"610\" srcset=\"https:\/\/sapi.paris-lavillette.archi.fr\/CTID924\/wp-content\/uploads\/2019\/01\/20190122_220849-300x225.jpg 300w, https:\/\/sapi.paris-lavillette.archi.fr\/CTID924\/wp-content\/uploads\/2019\/01\/20190122_220849-768x576.jpg 768w, https:\/\/sapi.paris-lavillette.archi.fr\/CTID924\/wp-content\/uploads\/2019\/01\/20190122_220849-1024x768.jpg 1024w\" sizes=\"(max-width: 813px) 100vw, 813px\" \/><\/a><\/p>\n<div id=\"attachment_8394\" style=\"width: 825px\" class=\"wp-caption alignnone\"><a href=\"http:\/\/sapi.paris-lavillette.archi.fr\/CTID924\/wp-content\/uploads\/2019\/01\/20190122_223806.jpg\"><img aria-describedby=\"caption-attachment-8394\" decoding=\"async\" loading=\"lazy\" class=\"wp-image-8394\" src=\"http:\/\/sapi.paris-lavillette.archi.fr\/CTID924\/wp-content\/uploads\/2019\/01\/20190122_223806-300x225.jpg\" alt=\"20190122_223806\" width=\"815\" height=\"611\" srcset=\"https:\/\/sapi.paris-lavillette.archi.fr\/CTID924\/wp-content\/uploads\/2019\/01\/20190122_223806-300x225.jpg 300w, https:\/\/sapi.paris-lavillette.archi.fr\/CTID924\/wp-content\/uploads\/2019\/01\/20190122_223806-768x576.jpg 768w, https:\/\/sapi.paris-lavillette.archi.fr\/CTID924\/wp-content\/uploads\/2019\/01\/20190122_223806-1024x768.jpg 1024w\" sizes=\"(max-width: 815px) 100vw, 815px\" \/><\/a><p id=\"caption-attachment-8394\" class=\"wp-caption-text\">Le r\u00e9sultat final<\/p><\/div>\n<p><a href=\"http:\/\/sapi.paris-lavillette.archi.fr\/CTID924\/wp-content\/uploads\/2019\/01\/20190122_223853.jpg\"><img decoding=\"async\" loading=\"lazy\" class=\"alignnone wp-image-8397\" src=\"http:\/\/sapi.paris-lavillette.archi.fr\/CTID924\/wp-content\/uploads\/2019\/01\/20190122_223853-300x225.jpg\" alt=\"20190122_223853\" width=\"821\" height=\"616\" srcset=\"https:\/\/sapi.paris-lavillette.archi.fr\/CTID924\/wp-content\/uploads\/2019\/01\/20190122_223853-300x225.jpg 300w, https:\/\/sapi.paris-lavillette.archi.fr\/CTID924\/wp-content\/uploads\/2019\/01\/20190122_223853-768x576.jpg 768w, https:\/\/sapi.paris-lavillette.archi.fr\/CTID924\/wp-content\/uploads\/2019\/01\/20190122_223853-1024x768.jpg 1024w\" sizes=\"(max-width: 821px) 100vw, 821px\" \/><\/a><\/p>\n<p>L&rsquo;assemblage final \u00e9tait au d\u00e9but assez compliqu\u00e9 car malgr\u00e9 toute la pr\u00e9cision des logiciels informatiques utilis\u00e9s, il existe des probl\u00e8mes techniques lors de l&rsquo;encastrement. Les encoches par exemples, ne s&#8217;embo\u00eetaient pas toujours dans la bonne position ou au bon endroit. Par cons\u00e9quent, il est visible que malgr\u00e9 tout, la structure finale est assez proche de ce que j&rsquo;avais imagin\u00e9 au d\u00e9part.<\/p>\n<p>Pour finir, je dirais que c&rsquo;\u00e9tait une bonne exp\u00e9rience qui m&rsquo;a permit d\u00e9couvrir une nouvelle fa\u00e7on de travailler un projet d&rsquo;architecture, et de d\u00e9couvrir de nouveau logiciel. Il serait int\u00e9ressant \u00e0 l&rsquo;avenir de pouvoir penser et r\u00e9aliser un projet diff\u00e9rent dans une \u00e9chelle plus importante et plus ou moins complexe.<\/p>\n<p>&nbsp;<\/p>\n<p>&nbsp;<\/p>\n","protected":false},"excerpt":{"rendered":"<p>Pour la r\u00e9alisation de ce pavillon, je me suis bas\u00e9 sur les consignes vues en cours. Etant encore dans une phase de d\u00e9couverte de ce logiciel, je trouvais qu&rsquo;il \u00e9tait plus facile d&rsquo;utiliser les m\u00e9thodes vues ensemble pour la fabrication de ce projet. Pour cela, la premi\u00e8re \u00e9tape f\u00fbt d&rsquo;abord de dessiner la forme du pavillon, ensuite, de tracer une ligne verticale qui d\u00e9termine sa hauteur principale. Une fois cette derni\u00e8re effectu\u00e9e, j&rsquo;ai dessin\u00e9 un arc de cercle qui va nous servir plus tard a cr\u00e9er la forme de l&rsquo;enveloppe externe du pavillon. Une fois cela effectu\u00e9 j&rsquo;ai trac\u00e9 deux lignes qui vont d\u00e9terminer les sens dans lesquelles les arches vont se placer ( vois image ci dessus ). Pour cr\u00e9er l&rsquo;enveloppe externe, j&rsquo;ai associ\u00e9 les trois curve dans grasshopper, aux formes dans Rhino qui sont: l&rsquo;arc de cercle, la ligne verticale et horizontale. Ensuite je relie ces curve au noeud \u00ab\u00a0Rail Revolution\u00a0\u00bb, qui va cr\u00e9er la forme ( en vert ). Les deux lignes trac\u00e9es sont ensuite \u00e9galement associ\u00e9s \u00e0 des curves, qui sont elles-m\u00eame reli\u00e9es \u00e0 des Perp frames, puis Brep, qui vont servir \u00e0 cr\u00e9er les premi\u00e8res esquisses de la structure ainsi que leur orientation. Ensuite avec [&hellip;]<\/p>\n","protected":false},"author":186,"featured_media":8397,"comment_status":"open","ping_status":"open","sticky":false,"template":"","format":"standard","meta":{"footnotes":""},"categories":[4],"tags":[],"_links":{"self":[{"href":"https:\/\/sapi.paris-lavillette.archi.fr\/CTID924\/index.php?rest_route=\/wp\/v2\/posts\/8380"}],"collection":[{"href":"https:\/\/sapi.paris-lavillette.archi.fr\/CTID924\/index.php?rest_route=\/wp\/v2\/posts"}],"about":[{"href":"https:\/\/sapi.paris-lavillette.archi.fr\/CTID924\/index.php?rest_route=\/wp\/v2\/types\/post"}],"author":[{"embeddable":true,"href":"https:\/\/sapi.paris-lavillette.archi.fr\/CTID924\/index.php?rest_route=\/wp\/v2\/users\/186"}],"replies":[{"embeddable":true,"href":"https:\/\/sapi.paris-lavillette.archi.fr\/CTID924\/index.php?rest_route=%2Fwp%2Fv2%2Fcomments&post=8380"}],"version-history":[{"count":1,"href":"https:\/\/sapi.paris-lavillette.archi.fr\/CTID924\/index.php?rest_route=\/wp\/v2\/posts\/8380\/revisions"}],"predecessor-version":[{"id":8398,"href":"https:\/\/sapi.paris-lavillette.archi.fr\/CTID924\/index.php?rest_route=\/wp\/v2\/posts\/8380\/revisions\/8398"}],"wp:featuredmedia":[{"embeddable":true,"href":"https:\/\/sapi.paris-lavillette.archi.fr\/CTID924\/index.php?rest_route=\/wp\/v2\/media\/8397"}],"wp:attachment":[{"href":"https:\/\/sapi.paris-lavillette.archi.fr\/CTID924\/index.php?rest_route=%2Fwp%2Fv2%2Fmedia&parent=8380"}],"wp:term":[{"taxonomy":"category","embeddable":true,"href":"https:\/\/sapi.paris-lavillette.archi.fr\/CTID924\/index.php?rest_route=%2Fwp%2Fv2%2Fcategories&post=8380"},{"taxonomy":"post_tag","embeddable":true,"href":"https:\/\/sapi.paris-lavillette.archi.fr\/CTID924\/index.php?rest_route=%2Fwp%2Fv2%2Ftags&post=8380"}],"curies":[{"name":"wp","href":"https:\/\/api.w.org\/{rel}","templated":true}]}}