{"id":8400,"date":"2019-01-26T17:03:01","date_gmt":"2019-01-26T16:03:01","guid":{"rendered":"http:\/\/sapi.paris-lavillette.archi.fr\/CTID924\/?p=8400"},"modified":"2019-01-30T20:13:28","modified_gmt":"2019-01-30T19:13:28","slug":"mini-projet-le-pavillon-sanctuaire","status":"publish","type":"post","link":"https:\/\/sapi.paris-lavillette.archi.fr\/CTID924\/?p=8400","title":{"rendered":"MINI PROJET : LE PAVILLON SANCTUAIRE"},"content":{"rendered":"<h4>PRINCIPE<\/h4>\n<p style=\"text-align: justify;\">Ce pavillon a \u00e9t\u00e9 r\u00e9alis\u00e9 \u00e0 partir de connaissances de base acquises en cours sur les\u00a0logiciels Rhinoc\u00e9ros et Grasshopper.<\/p>\n<p style=\"text-align: justify;\">Nous \u00e9tions dans une phase de d\u00e9couverte tant dans le domaine de la programmation num\u00e9rique\u00a0que de ces logiciels.<\/p>\n<p style=\"text-align: justify;\">je d\u00e9cris\u00a0ci-apr\u00e8s les diff\u00e9rentes phases de fabrication du pavillon, de la\u00a0conception \u00e0 la r\u00e9alisation, \u00a0ainsi que\u00a0les\u00a0essais effectu\u00e9s et\u00a0les probl\u00e8mes rencontr\u00e9s.<\/p>\n<h4>CONCEPTION<\/h4>\n<p style=\"text-align: justify;\">La premi\u00e8re \u00e9tape du travail consistait \u00e0 dessiner la forme du pavillon\u00a0en utilisant\u00a0le logiciel Rhinoc\u00e9ros.<\/p>\n<p style=\"text-align: justify;\">J&rsquo;ai choisi de cr\u00e9er une forme arrondie. J&rsquo;ai ensuite trac\u00e9 une ligne horizontale jusqu&rsquo;au\u00a0milieu de cette forme. A partir\u00a0de ce milieu, j&rsquo;ai trac\u00e9\u00a0une ligne verticale pour d\u00e9terminer la hauteur maximale souhait\u00e9e, puis j&rsquo;ai dessin\u00e9\u00a0un arc de cercle\u00a0devant me servir\u00a0\u00e0 cr\u00e9er la forme de l&rsquo;enveloppe externe du pavillon.<\/p>\n<p><img decoding=\"async\" loading=\"lazy\" class=\"alignnone wp-image-8402\" src=\"http:\/\/sapi.paris-lavillette.archi.fr\/CTID924\/wp-content\/uploads\/2019\/01\/Capture-1-300x143.jpg\" alt=\"Capture 1\" width=\"519\" height=\"247\" srcset=\"https:\/\/sapi.paris-lavillette.archi.fr\/CTID924\/wp-content\/uploads\/2019\/01\/Capture-1-300x143.jpg 300w, https:\/\/sapi.paris-lavillette.archi.fr\/CTID924\/wp-content\/uploads\/2019\/01\/Capture-1-768x367.jpg 768w, https:\/\/sapi.paris-lavillette.archi.fr\/CTID924\/wp-content\/uploads\/2019\/01\/Capture-1-1024x490.jpg 1024w, https:\/\/sapi.paris-lavillette.archi.fr\/CTID924\/wp-content\/uploads\/2019\/01\/Capture-1.jpg 1330w\" sizes=\"(max-width: 519px) 100vw, 519px\" \/><\/p>\n<p style=\"text-align: justify;\">Pour la r\u00e9alisation de l\u2019enveloppe externe, j\u2019ai associ\u00e9 les trois options \u00ab\u00a0Curve\u00a0\u00bb dans Grasshopper\u00a0 avec\u00a0l\u2019arc de cercle, la ligne verticale et la ligne\u00a0horizontale. j&rsquo;ai ensuite reli\u00e9 les options\u00a0\u00ab\u00a0Curve\u00a0\u00bb au noeud \u00ab\u00a0Rail Revolution\u00a0\u00bb, ce qui va cr\u00e9er la forme en vert.<\/p>\n<p><img decoding=\"async\" loading=\"lazy\" class=\"alignnone wp-image-8408\" src=\"http:\/\/sapi.paris-lavillette.archi.fr\/CTID924\/wp-content\/uploads\/2019\/01\/Capture-2-300x127.jpg\" alt=\"Capture 2\" width=\"517\" height=\"219\" srcset=\"https:\/\/sapi.paris-lavillette.archi.fr\/CTID924\/wp-content\/uploads\/2019\/01\/Capture-2-300x127.jpg 300w, https:\/\/sapi.paris-lavillette.archi.fr\/CTID924\/wp-content\/uploads\/2019\/01\/Capture-2-768x325.jpg 768w, https:\/\/sapi.paris-lavillette.archi.fr\/CTID924\/wp-content\/uploads\/2019\/01\/Capture-2-1024x433.jpg 1024w, https:\/\/sapi.paris-lavillette.archi.fr\/CTID924\/wp-content\/uploads\/2019\/01\/Capture-2.jpg 1505w\" sizes=\"(max-width: 517px) 100vw, 517px\" \/><\/p>\n<p style=\"text-align: justify;\">A\u00a0l&rsquo;\u00e9tape montr\u00e9e ci-dessous, j&rsquo;ai cr\u00e9\u00e9 la premi\u00e8re esquisse de la structure. Pour cela, j&rsquo;ai dans un premier temps\u00a0trac\u00e9 deux lignes droites dans Rhinoc\u00e9ros, que j&rsquo;ai\u00a0associ\u00e9es \u00e0 l&rsquo;option \u00ab\u00a0Curve\u00a0\u00bb,\u00a0laquelle a \u00e9t\u00e9 ensuite\u00a0reli\u00e9e \u00e0 l&rsquo;option \u00ab\u00a0Perp Frames\u00a0\u00bb. \u00a0Ceci m&rsquo;a permis de\u00a0cr\u00e9er des trames\u00a0\u00e0 partir de\u00a0la forme choisie initialement. A l&rsquo;aide de l&rsquo;option \u00ab\u00a0Slider\u00a0\u00bb,\u00a0j&rsquo;ai pu d\u00e9cider du nombre de trames.<\/p>\n<p style=\"text-align: justify;\">Ensuite, j&rsquo;ai utilis\u00e9 l&rsquo;option \u00ab\u00a0Brep\u00a0\u00bb reli\u00e9e\u00a0\u00e0 l&rsquo;option \u00ab\u00a0Perp Frames\u00a0\u00bb pour cr\u00e9er les premi\u00e8res esquisses de la structure.<\/p>\n<p style=\"text-align: justify;\"><img decoding=\"async\" loading=\"lazy\" class=\"alignnone wp-image-8410\" src=\"http:\/\/sapi.paris-lavillette.archi.fr\/CTID924\/wp-content\/uploads\/2019\/01\/Capture-3-300x127.jpg\" alt=\"Capture 3\" width=\"515\" height=\"218\" srcset=\"https:\/\/sapi.paris-lavillette.archi.fr\/CTID924\/wp-content\/uploads\/2019\/01\/Capture-3-300x127.jpg 300w, https:\/\/sapi.paris-lavillette.archi.fr\/CTID924\/wp-content\/uploads\/2019\/01\/Capture-3-768x324.jpg 768w, https:\/\/sapi.paris-lavillette.archi.fr\/CTID924\/wp-content\/uploads\/2019\/01\/Capture-3-1024x432.jpg 1024w, https:\/\/sapi.paris-lavillette.archi.fr\/CTID924\/wp-content\/uploads\/2019\/01\/Capture-3.jpg 1506w\" sizes=\"(max-width: 515px) 100vw, 515px\" \/><\/p>\n<p style=\"text-align: justify;\">Avec l\u2019option \u00ab\u00a0Planar\u00a0\u00bb j\u2019ai reli\u00e9 les lignes rouges cr\u00e9es par l&rsquo;option \u00a0\u00bb Brep\u00a0\u00bb \u00e0 la base de ma forme, pour d\u00e9cider de l\u2019orientation de ma structure.<\/p>\n<p style=\"text-align: justify;\"><img decoding=\"async\" loading=\"lazy\" class=\"alignnone wp-image-8412\" src=\"http:\/\/sapi.paris-lavillette.archi.fr\/CTID924\/wp-content\/uploads\/2019\/01\/Capture-5-300x127.jpg\" alt=\"Capture 5\" width=\"510\" height=\"216\" srcset=\"https:\/\/sapi.paris-lavillette.archi.fr\/CTID924\/wp-content\/uploads\/2019\/01\/Capture-5-300x127.jpg 300w, https:\/\/sapi.paris-lavillette.archi.fr\/CTID924\/wp-content\/uploads\/2019\/01\/Capture-5-768x324.jpg 768w, https:\/\/sapi.paris-lavillette.archi.fr\/CTID924\/wp-content\/uploads\/2019\/01\/Capture-5-1024x432.jpg 1024w, https:\/\/sapi.paris-lavillette.archi.fr\/CTID924\/wp-content\/uploads\/2019\/01\/Capture-5.jpg 1498w\" sizes=\"(max-width: 510px) 100vw, 510px\" \/><\/p>\n<p style=\"text-align: justify;\">\u00a0J\u2019ai t\u00e9l\u00e9charg\u00e9 l&rsquo;option \u00ab\u00a0VB Script intersection\u00a0\u00bb sur le site Continuum Num\u00e9rique.<\/p>\n<p style=\"text-align: justify;\">\u00a0Cette option va cr\u00e9er des points sur ma forme\u00a0aux points d&rsquo;intersection des trames.<\/p>\n<p style=\"text-align: justify;\"><img decoding=\"async\" loading=\"lazy\" class=\"alignnone wp-image-8413\" src=\"http:\/\/sapi.paris-lavillette.archi.fr\/CTID924\/wp-content\/uploads\/2019\/01\/Capture-4-300x126.jpg\" alt=\"Capture 4\" width=\"510\" height=\"214\" srcset=\"https:\/\/sapi.paris-lavillette.archi.fr\/CTID924\/wp-content\/uploads\/2019\/01\/Capture-4-300x126.jpg 300w, https:\/\/sapi.paris-lavillette.archi.fr\/CTID924\/wp-content\/uploads\/2019\/01\/Capture-4-768x323.jpg 768w, https:\/\/sapi.paris-lavillette.archi.fr\/CTID924\/wp-content\/uploads\/2019\/01\/Capture-4-1024x431.jpg 1024w, https:\/\/sapi.paris-lavillette.archi.fr\/CTID924\/wp-content\/uploads\/2019\/01\/Capture-4.jpg 1499w\" sizes=\"(max-width: 510px) 100vw, 510px\" \/><\/p>\n<p style=\"text-align: justify;\">J&rsquo;ai ensuite utilis\u00e9 l&rsquo;option \u00ab\u00a0Sweep2\u00a0\u00bb, laquelle va transformer les lignes en une forme qui\u00a0deviendra le squelette du pavillon.<\/p>\n<p style=\"text-align: justify;\"><img decoding=\"async\" loading=\"lazy\" class=\"alignnone wp-image-8414\" src=\"http:\/\/sapi.paris-lavillette.archi.fr\/CTID924\/wp-content\/uploads\/2019\/01\/Capture-6-300x127.jpg\" alt=\"Capture 6\" width=\"508\" height=\"215\" srcset=\"https:\/\/sapi.paris-lavillette.archi.fr\/CTID924\/wp-content\/uploads\/2019\/01\/Capture-6-300x127.jpg 300w, https:\/\/sapi.paris-lavillette.archi.fr\/CTID924\/wp-content\/uploads\/2019\/01\/Capture-6-768x325.jpg 768w, https:\/\/sapi.paris-lavillette.archi.fr\/CTID924\/wp-content\/uploads\/2019\/01\/Capture-6-1024x433.jpg 1024w, https:\/\/sapi.paris-lavillette.archi.fr\/CTID924\/wp-content\/uploads\/2019\/01\/Capture-6.jpg 1497w\" sizes=\"(max-width: 508px) 100vw, 508px\" \/><\/p>\n<p style=\"text-align: justify;\">Ensuite,\u00a0il a fallu cr\u00e9er des encoches pour que les diff\u00e9rentes trames se croisent et s\u2019encastrent parfaitement.<\/p>\n<p style=\"text-align: justify;\">Dans un premier temps, j&rsquo;ai alors plac\u00e9\u00a0des points sur ma structure en\u00a0utilisant l&rsquo;option \u00a0\u00bb VB Script intersection\u00a0\u00bb t\u00e9l\u00e9charg\u00e9e sur le site Continuum Num\u00e9rique. Ces points vont me permettre de placer les encoches.<\/p>\n<p style=\"text-align: justify;\">Dans un second temps, pour cr\u00e9er les encoches, j&rsquo;ai reli\u00e9 l&rsquo;option \u00a0\u00bb VB Script intersection\u00a0\u00bb\u00a0\u00e0 l&rsquo;option \u00ab\u00a0End Points\u00a0\u00bb, laquelle a \u00e9t\u00e9 ensuite reli\u00e9e aux options \u00ab\u00a0Is Planar\u00a0\u00bb et \u00ab\u00a0Construct Points\u00a0\u00bb.\u00a0\u00a0Ceci va determiner les positions des encoches.\u00a0Puis avec l&rsquo;option \u00ab\u00a0Rectangle\u00a0\u00bb, ces encoches vont prendre une forme rectangulaire. Pour changer les dimensions des encoches, j\u2019ai utilis\u00e9 deux \u00ab\u00a0sliders\u00a0\u00bb reli\u00e9s \u00e0 l&rsquo;option \u00ab\u00a0Construct Domain\u00a0\u00bb, elle-m\u00eame \u00e9tant reli\u00e9e \u00e0 l&rsquo;option \u00ab\u00a0Rectangle\u00a0\u00bb.<\/p>\n<p><img decoding=\"async\" loading=\"lazy\" class=\"alignnone wp-image-8416\" src=\"http:\/\/sapi.paris-lavillette.archi.fr\/CTID924\/wp-content\/uploads\/2019\/01\/Capture-7-300x128.jpg\" alt=\"Capture 7\" width=\"511\" height=\"218\" srcset=\"https:\/\/sapi.paris-lavillette.archi.fr\/CTID924\/wp-content\/uploads\/2019\/01\/Capture-7-300x128.jpg 300w, https:\/\/sapi.paris-lavillette.archi.fr\/CTID924\/wp-content\/uploads\/2019\/01\/Capture-7-768x327.jpg 768w, https:\/\/sapi.paris-lavillette.archi.fr\/CTID924\/wp-content\/uploads\/2019\/01\/Capture-7-1024x436.jpg 1024w, https:\/\/sapi.paris-lavillette.archi.fr\/CTID924\/wp-content\/uploads\/2019\/01\/Capture-7.jpg 1494w\" sizes=\"(max-width: 511px) 100vw, 511px\" \/><\/p>\n<p><img decoding=\"async\" loading=\"lazy\" class=\"alignnone wp-image-8417\" src=\"http:\/\/sapi.paris-lavillette.archi.fr\/CTID924\/wp-content\/uploads\/2019\/01\/Capture-8-300x127.jpg\" alt=\"Capture 8\" width=\"510\" height=\"216\" srcset=\"https:\/\/sapi.paris-lavillette.archi.fr\/CTID924\/wp-content\/uploads\/2019\/01\/Capture-8-300x127.jpg 300w, https:\/\/sapi.paris-lavillette.archi.fr\/CTID924\/wp-content\/uploads\/2019\/01\/Capture-8-768x324.jpg 768w, https:\/\/sapi.paris-lavillette.archi.fr\/CTID924\/wp-content\/uploads\/2019\/01\/Capture-8-1024x432.jpg 1024w, https:\/\/sapi.paris-lavillette.archi.fr\/CTID924\/wp-content\/uploads\/2019\/01\/Capture-8.jpg 1504w\" sizes=\"(max-width: 510px) 100vw, 510px\" \/><\/p>\n<p><img decoding=\"async\" loading=\"lazy\" class=\"alignnone wp-image-8418\" src=\"http:\/\/sapi.paris-lavillette.archi.fr\/CTID924\/wp-content\/uploads\/2019\/01\/Capture-9-300x127.jpg\" alt=\"Capture 9\" width=\"508\" height=\"215\" srcset=\"https:\/\/sapi.paris-lavillette.archi.fr\/CTID924\/wp-content\/uploads\/2019\/01\/Capture-9-300x127.jpg 300w, https:\/\/sapi.paris-lavillette.archi.fr\/CTID924\/wp-content\/uploads\/2019\/01\/Capture-9-768x326.jpg 768w, https:\/\/sapi.paris-lavillette.archi.fr\/CTID924\/wp-content\/uploads\/2019\/01\/Capture-9-1024x434.jpg 1024w, https:\/\/sapi.paris-lavillette.archi.fr\/CTID924\/wp-content\/uploads\/2019\/01\/Capture-9.jpg 1502w\" sizes=\"(max-width: 508px) 100vw, 508px\" \/><\/p>\n<p><img decoding=\"async\" loading=\"lazy\" class=\"alignnone wp-image-8419\" src=\"http:\/\/sapi.paris-lavillette.archi.fr\/CTID924\/wp-content\/uploads\/2019\/01\/Capture-10-300x127.jpg\" alt=\"Capture 10\" width=\"508\" height=\"215\" srcset=\"https:\/\/sapi.paris-lavillette.archi.fr\/CTID924\/wp-content\/uploads\/2019\/01\/Capture-10-300x127.jpg 300w, https:\/\/sapi.paris-lavillette.archi.fr\/CTID924\/wp-content\/uploads\/2019\/01\/Capture-10-768x324.jpg 768w, https:\/\/sapi.paris-lavillette.archi.fr\/CTID924\/wp-content\/uploads\/2019\/01\/Capture-10-1024x432.jpg 1024w, https:\/\/sapi.paris-lavillette.archi.fr\/CTID924\/wp-content\/uploads\/2019\/01\/Capture-10.jpg 1497w\" sizes=\"(max-width: 508px) 100vw, 508px\" \/><\/p>\n<p style=\"text-align: justify;\">Pour terminer la conception du pavillon, j\u2019ai utilis\u00e9 les options \u00ab\u00a0End points\u00a0\u00bb et \u00ab\u00a0Line\u00a0\u00bb, qui m&rsquo;ont servi \u00e0 projeter\u00a0ma structure 3D sur un plan\u00a02D. L&rsquo;option\u00a0\u00ab\u00a0Rotate\u00a0\u00bb va ensuite me permettre d&rsquo;aplatir ma structure en 2D.<\/p>\n<p style=\"text-align: justify;\">Une fois cette\u00a0op\u00e9ration effectu\u00e9e,\u00a0j&rsquo;ai utilis\u00e9\u00a0l&rsquo;option \u00ab\u00a0Bake\u00a0\u00bb en cliquant droit sur\u00a0les trames 2D,\u00a0afin de\u00a0r\u00e9v\u00e9ler celles-ci sur le logiciel Rhinoc\u00e9ros.<\/p>\n<p style=\"text-align: justify;\">J&rsquo;ai ensuite s\u00e9par\u00e9 les trames ainsi obtenues sur Rhinoc\u00e9ros\u00a0de la\u00a0structure initiale, puis je les ai ordonn\u00e9es.<\/p>\n<p style=\"text-align: justify;\">J&rsquo;ai\u00a0export\u00e9 mon fichier Rhinoc\u00e9ros sur Autocad, afin\u00a0d&rsquo;appliquer les bonnes couleurs et les bons calques, et de faire une mise \u00e0 l&rsquo;\u00e9chelle. Puis, j&rsquo;ai enregistr\u00e9 le fichier ainsi obtenu en format DXF pour la d\u00e9coupe laser.<\/p>\n<p style=\"text-align: justify;\"><img decoding=\"async\" loading=\"lazy\" class=\"alignnone wp-image-8422\" src=\"http:\/\/sapi.paris-lavillette.archi.fr\/CTID924\/wp-content\/uploads\/2019\/01\/Capture-11-300x125.jpg\" alt=\"Capture 11\" width=\"509\" height=\"212\" srcset=\"https:\/\/sapi.paris-lavillette.archi.fr\/CTID924\/wp-content\/uploads\/2019\/01\/Capture-11-300x125.jpg 300w, https:\/\/sapi.paris-lavillette.archi.fr\/CTID924\/wp-content\/uploads\/2019\/01\/Capture-11-768x321.jpg 768w, https:\/\/sapi.paris-lavillette.archi.fr\/CTID924\/wp-content\/uploads\/2019\/01\/Capture-11-1024x428.jpg 1024w, https:\/\/sapi.paris-lavillette.archi.fr\/CTID924\/wp-content\/uploads\/2019\/01\/Capture-11.jpg 1495w\" sizes=\"(max-width: 509px) 100vw, 509px\" \/><\/p>\n<p style=\"text-align: justify;\"><img decoding=\"async\" loading=\"lazy\" class=\"alignnone wp-image-8423\" src=\"http:\/\/sapi.paris-lavillette.archi.fr\/CTID924\/wp-content\/uploads\/2019\/01\/Capture-12-300x126.jpg\" alt=\"Capture 12\" width=\"507\" height=\"213\" srcset=\"https:\/\/sapi.paris-lavillette.archi.fr\/CTID924\/wp-content\/uploads\/2019\/01\/Capture-12-300x126.jpg 300w, https:\/\/sapi.paris-lavillette.archi.fr\/CTID924\/wp-content\/uploads\/2019\/01\/Capture-12-768x323.jpg 768w, https:\/\/sapi.paris-lavillette.archi.fr\/CTID924\/wp-content\/uploads\/2019\/01\/Capture-12-1024x431.jpg 1024w, https:\/\/sapi.paris-lavillette.archi.fr\/CTID924\/wp-content\/uploads\/2019\/01\/Capture-12.jpg 1500w\" sizes=\"(max-width: 507px) 100vw, 507px\" \/><\/p>\n<p style=\"text-align: justify;\"><img decoding=\"async\" loading=\"lazy\" class=\"alignnone wp-image-8424\" src=\"http:\/\/sapi.paris-lavillette.archi.fr\/CTID924\/wp-content\/uploads\/2019\/01\/Capture-18-300x173.jpg\" alt=\"Capture 18\" width=\"506\" height=\"292\" srcset=\"https:\/\/sapi.paris-lavillette.archi.fr\/CTID924\/wp-content\/uploads\/2019\/01\/Capture-18-300x173.jpg 300w, https:\/\/sapi.paris-lavillette.archi.fr\/CTID924\/wp-content\/uploads\/2019\/01\/Capture-18-768x442.jpg 768w, https:\/\/sapi.paris-lavillette.archi.fr\/CTID924\/wp-content\/uploads\/2019\/01\/Capture-18-1024x589.jpg 1024w, https:\/\/sapi.paris-lavillette.archi.fr\/CTID924\/wp-content\/uploads\/2019\/01\/Capture-18.jpg 1206w\" sizes=\"(max-width: 506px) 100vw, 506px\" \/><\/p>\n<h4 style=\"text-align: justify;\">\u00a0REALISATION<\/h4>\n<p style=\"text-align: justify;\">J&rsquo;ai effectu\u00e9 la d\u00e9coupe laser en utilisant\u00a0du carton bois de couleur marron.<\/p>\n<div id=\"attachment_8426\" style=\"width: 281px\" class=\"wp-caption alignleft\"><img aria-describedby=\"caption-attachment-8426\" decoding=\"async\" loading=\"lazy\" class=\"wp-image-8426\" src=\"http:\/\/sapi.paris-lavillette.archi.fr\/CTID924\/wp-content\/uploads\/2019\/01\/laser-300x300.jpg\" alt=\"laser\" width=\"271\" height=\"271\" srcset=\"https:\/\/sapi.paris-lavillette.archi.fr\/CTID924\/wp-content\/uploads\/2019\/01\/laser-300x300.jpg 300w, https:\/\/sapi.paris-lavillette.archi.fr\/CTID924\/wp-content\/uploads\/2019\/01\/laser-290x290.jpg 290w, https:\/\/sapi.paris-lavillette.archi.fr\/CTID924\/wp-content\/uploads\/2019\/01\/laser-50x50.jpg 50w, https:\/\/sapi.paris-lavillette.archi.fr\/CTID924\/wp-content\/uploads\/2019\/01\/laser.jpg 700w\" sizes=\"(max-width: 271px) 100vw, 271px\" \/><p id=\"caption-attachment-8426\" class=\"wp-caption-text\">Machine de d\u00e9coupe laser<\/p><\/div>\n<p>&nbsp;<\/p>\n<p>&nbsp;<\/p>\n<p>&nbsp;<\/p>\n<p>&nbsp;<\/p>\n<p>&nbsp;<\/p>\n<p>&nbsp;<\/p>\n<p>&nbsp;<\/p>\n<p>&nbsp;<\/p>\n<div id=\"attachment_8427\" style=\"width: 310px\" class=\"wp-caption alignnone\"><img aria-describedby=\"caption-attachment-8427\" decoding=\"async\" loading=\"lazy\" class=\"wp-image-8427 size-medium aligncenter\" src=\"http:\/\/sapi.paris-lavillette.archi.fr\/CTID924\/wp-content\/uploads\/2019\/01\/20190125_095351-300x225.jpg\" alt=\"20190125_095351\" width=\"300\" height=\"225\" srcset=\"https:\/\/sapi.paris-lavillette.archi.fr\/CTID924\/wp-content\/uploads\/2019\/01\/20190125_095351-300x225.jpg 300w, https:\/\/sapi.paris-lavillette.archi.fr\/CTID924\/wp-content\/uploads\/2019\/01\/20190125_095351-768x576.jpg 768w, https:\/\/sapi.paris-lavillette.archi.fr\/CTID924\/wp-content\/uploads\/2019\/01\/20190125_095351-1024x768.jpg 1024w\" sizes=\"(max-width: 300px) 100vw, 300px\" \/><p id=\"caption-attachment-8427\" class=\"wp-caption-text\">Les diff\u00e9rentes trames apr\u00e8s la d\u00e9coupe laser<\/p><\/div>\n<p>J&rsquo;ai\u00a0rencontr\u00e9 quelques probl\u00e8mes d&rsquo;assemblage, li\u00e9s\u00a0au dimensionnement des trames et au sens des encoches. Quelques trames se sont en effet\u00a0cass\u00e9es, car trop fragiles\u00a0du fait de leur faible dimensionnement. Quant aux encoches, leur sens n&rsquo;avait \u00e9t\u00e9 altern\u00e9 lors de la programmation sur\u00a0Grasshopper. Par cons\u00e9quent,\u00a0je n&rsquo;ai pas pu finaliser\u00a0cette structure correctement, ce que j&rsquo;ai corrig\u00e9 par la suite.<\/p>\n<p style=\"text-align: justify;\"><img decoding=\"async\" loading=\"lazy\" class=\"alignnone wp-image-8436\" src=\"http:\/\/sapi.paris-lavillette.archi.fr\/CTID924\/wp-content\/uploads\/2019\/01\/20190125_100107-300x225.jpg\" alt=\"20190125_100107\" width=\"481\" height=\"361\" srcset=\"https:\/\/sapi.paris-lavillette.archi.fr\/CTID924\/wp-content\/uploads\/2019\/01\/20190125_100107-300x225.jpg 300w, https:\/\/sapi.paris-lavillette.archi.fr\/CTID924\/wp-content\/uploads\/2019\/01\/20190125_100107-768x576.jpg 768w, https:\/\/sapi.paris-lavillette.archi.fr\/CTID924\/wp-content\/uploads\/2019\/01\/20190125_100107-1024x768.jpg 1024w\" sizes=\"(max-width: 481px) 100vw, 481px\" \/><\/p>\n<p style=\"text-align: justify;\"><img decoding=\"async\" loading=\"lazy\" class=\"alignnone wp-image-8435\" src=\"http:\/\/sapi.paris-lavillette.archi.fr\/CTID924\/wp-content\/uploads\/2019\/01\/20190125_100041-300x225.jpg\" alt=\"20190125_100041\" width=\"480\" height=\"360\" srcset=\"https:\/\/sapi.paris-lavillette.archi.fr\/CTID924\/wp-content\/uploads\/2019\/01\/20190125_100041-300x225.jpg 300w, https:\/\/sapi.paris-lavillette.archi.fr\/CTID924\/wp-content\/uploads\/2019\/01\/20190125_100041-768x576.jpg 768w, https:\/\/sapi.paris-lavillette.archi.fr\/CTID924\/wp-content\/uploads\/2019\/01\/20190125_100041-1024x768.jpg 1024w\" sizes=\"(max-width: 480px) 100vw, 480px\" \/><\/p>\n<p style=\"text-align: justify;\"><img decoding=\"async\" loading=\"lazy\" class=\"alignnone wp-image-8434\" src=\"http:\/\/sapi.paris-lavillette.archi.fr\/CTID924\/wp-content\/uploads\/2019\/01\/20190125_100031-300x225.jpg\" alt=\"20190125_100031\" width=\"479\" height=\"359\" srcset=\"https:\/\/sapi.paris-lavillette.archi.fr\/CTID924\/wp-content\/uploads\/2019\/01\/20190125_100031-300x225.jpg 300w, https:\/\/sapi.paris-lavillette.archi.fr\/CTID924\/wp-content\/uploads\/2019\/01\/20190125_100031-768x576.jpg 768w, https:\/\/sapi.paris-lavillette.archi.fr\/CTID924\/wp-content\/uploads\/2019\/01\/20190125_100031-1024x768.jpg 1024w\" sizes=\"(max-width: 479px) 100vw, 479px\" \/><\/p>\n<p style=\"text-align: justify;\"><img decoding=\"async\" loading=\"lazy\" class=\"alignnone wp-image-8433\" src=\"http:\/\/sapi.paris-lavillette.archi.fr\/CTID924\/wp-content\/uploads\/2019\/01\/20190125_100021-300x225.jpg\" alt=\"20190125_100021\" width=\"477\" height=\"358\" srcset=\"https:\/\/sapi.paris-lavillette.archi.fr\/CTID924\/wp-content\/uploads\/2019\/01\/20190125_100021-300x225.jpg 300w, https:\/\/sapi.paris-lavillette.archi.fr\/CTID924\/wp-content\/uploads\/2019\/01\/20190125_100021-768x576.jpg 768w, https:\/\/sapi.paris-lavillette.archi.fr\/CTID924\/wp-content\/uploads\/2019\/01\/20190125_100021-1024x768.jpg 1024w\" sizes=\"(max-width: 477px) 100vw, 477px\" \/><\/p>\n<div id=\"attachment_8440\" style=\"width: 310px\" class=\"wp-caption alignnone\"><img aria-describedby=\"caption-attachment-8440\" decoding=\"async\" loading=\"lazy\" class=\"wp-image-8440 size-medium\" src=\"http:\/\/sapi.paris-lavillette.archi.fr\/CTID924\/wp-content\/uploads\/2019\/01\/20190125_100049-300x225.jpg\" alt=\"20190125_100049\" width=\"300\" height=\"225\" srcset=\"https:\/\/sapi.paris-lavillette.archi.fr\/CTID924\/wp-content\/uploads\/2019\/01\/20190125_100049-300x225.jpg 300w, https:\/\/sapi.paris-lavillette.archi.fr\/CTID924\/wp-content\/uploads\/2019\/01\/20190125_100049-768x576.jpg 768w, https:\/\/sapi.paris-lavillette.archi.fr\/CTID924\/wp-content\/uploads\/2019\/01\/20190125_100049-1024x768.jpg 1024w\" sizes=\"(max-width: 300px) 100vw, 300px\" \/><p id=\"caption-attachment-8440\" class=\"wp-caption-text\">Encastrement des encoches mal programm\u00e9<\/p><\/div>\n<div id=\"attachment_8442\" style=\"width: 310px\" class=\"wp-caption alignnone\"><img aria-describedby=\"caption-attachment-8442\" decoding=\"async\" loading=\"lazy\" class=\"wp-image-8442 size-medium\" src=\"http:\/\/sapi.paris-lavillette.archi.fr\/CTID924\/wp-content\/uploads\/2019\/01\/20190125_100224-300x225.jpg\" alt=\"20190125_100224\" width=\"300\" height=\"225\" srcset=\"https:\/\/sapi.paris-lavillette.archi.fr\/CTID924\/wp-content\/uploads\/2019\/01\/20190125_100224-300x225.jpg 300w, https:\/\/sapi.paris-lavillette.archi.fr\/CTID924\/wp-content\/uploads\/2019\/01\/20190125_100224-768x576.jpg 768w, https:\/\/sapi.paris-lavillette.archi.fr\/CTID924\/wp-content\/uploads\/2019\/01\/20190125_100224-1024x768.jpg 1024w\" sizes=\"(max-width: 300px) 100vw, 300px\" \/><p id=\"caption-attachment-8442\" class=\"wp-caption-text\">Pi\u00e8ce cass\u00e9e\u00a0de la structure<\/p><\/div>\n<div id=\"attachment_8441\" style=\"width: 310px\" class=\"wp-caption alignnone\"><img aria-describedby=\"caption-attachment-8441\" decoding=\"async\" loading=\"lazy\" class=\"wp-image-8441 size-medium\" src=\"http:\/\/sapi.paris-lavillette.archi.fr\/CTID924\/wp-content\/uploads\/2019\/01\/20190125_100208-300x225.jpg\" alt=\"20190125_100208\" width=\"300\" height=\"225\" srcset=\"https:\/\/sapi.paris-lavillette.archi.fr\/CTID924\/wp-content\/uploads\/2019\/01\/20190125_100208-300x225.jpg 300w, https:\/\/sapi.paris-lavillette.archi.fr\/CTID924\/wp-content\/uploads\/2019\/01\/20190125_100208-768x576.jpg 768w, https:\/\/sapi.paris-lavillette.archi.fr\/CTID924\/wp-content\/uploads\/2019\/01\/20190125_100208-1024x768.jpg 1024w\" sizes=\"(max-width: 300px) 100vw, 300px\" \/><p id=\"caption-attachment-8441\" class=\"wp-caption-text\">\u00c9l\u00e9ments impossibles \u00e0 assembler<\/p><\/div>\n<h4>STRUCTURE FINALE &#8211; R\u00c9SOLUTION DES PROBL\u00c8MES<\/h4>\n<p>Pour rem\u00e9dier aux probl\u00e8mes rencontr\u00e9s lors du montage de la\u00a0premi\u00e8re structure, j&rsquo;ai\u00a0modifi\u00e9 le fichier Grasshopper en redimensionnant les pi\u00e8ces et en alternant le sens des encoches.<\/p>\n<p>J&rsquo;ai ensuite fabriqu\u00e9 ces nouvelles pi\u00e8ces de la structure \u00e0 l&rsquo;aide de la machine laser et les ai assembl\u00e9es.<\/p>\n<p>Il n&rsquo;y avait plus\u00a0aucun probl\u00e8me, tant au niveau du dimensionnement que de l&rsquo;encastrement. Il n&rsquo;y a pas eu besoin d&rsquo;utiliser de colle pour effectuer l&rsquo;assemblage.<\/p>\n<p><img decoding=\"async\" loading=\"lazy\" class=\"alignnone wp-image-8444\" src=\"http:\/\/sapi.paris-lavillette.archi.fr\/CTID924\/wp-content\/uploads\/2019\/01\/Capture-14-300x127.jpg\" alt=\"Capture 14\" width=\"503\" height=\"213\" srcset=\"https:\/\/sapi.paris-lavillette.archi.fr\/CTID924\/wp-content\/uploads\/2019\/01\/Capture-14-300x127.jpg 300w, https:\/\/sapi.paris-lavillette.archi.fr\/CTID924\/wp-content\/uploads\/2019\/01\/Capture-14-768x324.jpg 768w, https:\/\/sapi.paris-lavillette.archi.fr\/CTID924\/wp-content\/uploads\/2019\/01\/Capture-14-1024x432.jpg 1024w, https:\/\/sapi.paris-lavillette.archi.fr\/CTID924\/wp-content\/uploads\/2019\/01\/Capture-14.jpg 1493w\" sizes=\"(max-width: 503px) 100vw, 503px\" \/><\/p>\n<p><img decoding=\"async\" loading=\"lazy\" class=\"alignnone wp-image-8445\" src=\"http:\/\/sapi.paris-lavillette.archi.fr\/CTID924\/wp-content\/uploads\/2019\/01\/Capture-15-300x127.jpg\" alt=\"Capture 15\" width=\"503\" height=\"213\" srcset=\"https:\/\/sapi.paris-lavillette.archi.fr\/CTID924\/wp-content\/uploads\/2019\/01\/Capture-15-300x127.jpg 300w, https:\/\/sapi.paris-lavillette.archi.fr\/CTID924\/wp-content\/uploads\/2019\/01\/Capture-15-768x326.jpg 768w, https:\/\/sapi.paris-lavillette.archi.fr\/CTID924\/wp-content\/uploads\/2019\/01\/Capture-15-1024x434.jpg 1024w, https:\/\/sapi.paris-lavillette.archi.fr\/CTID924\/wp-content\/uploads\/2019\/01\/Capture-15.jpg 1491w\" sizes=\"(max-width: 503px) 100vw, 503px\" \/><\/p>\n<h4>STRUCTURE FINALE<\/h4>\n<p><img decoding=\"async\" loading=\"lazy\" class=\"alignnone wp-image-8447\" src=\"http:\/\/sapi.paris-lavillette.archi.fr\/CTID924\/wp-content\/uploads\/2019\/01\/20190125_100313-300x225.jpg\" alt=\"20190125_100313\" width=\"493\" height=\"370\" srcset=\"https:\/\/sapi.paris-lavillette.archi.fr\/CTID924\/wp-content\/uploads\/2019\/01\/20190125_100313-300x225.jpg 300w, https:\/\/sapi.paris-lavillette.archi.fr\/CTID924\/wp-content\/uploads\/2019\/01\/20190125_100313-768x576.jpg 768w, https:\/\/sapi.paris-lavillette.archi.fr\/CTID924\/wp-content\/uploads\/2019\/01\/20190125_100313-1024x768.jpg 1024w\" sizes=\"(max-width: 493px) 100vw, 493px\" \/><\/p>\n<p><img decoding=\"async\" loading=\"lazy\" class=\"alignnone wp-image-8446\" src=\"http:\/\/sapi.paris-lavillette.archi.fr\/CTID924\/wp-content\/uploads\/2019\/01\/20190125_1003010-300x225.jpg\" alt=\"20190125_100301(0)\" width=\"491\" height=\"368\" srcset=\"https:\/\/sapi.paris-lavillette.archi.fr\/CTID924\/wp-content\/uploads\/2019\/01\/20190125_1003010-300x225.jpg 300w, https:\/\/sapi.paris-lavillette.archi.fr\/CTID924\/wp-content\/uploads\/2019\/01\/20190125_1003010-768x576.jpg 768w, https:\/\/sapi.paris-lavillette.archi.fr\/CTID924\/wp-content\/uploads\/2019\/01\/20190125_1003010-1024x768.jpg 1024w\" sizes=\"(max-width: 491px) 100vw, 491px\" \/><\/p>\n<p><img decoding=\"async\" loading=\"lazy\" class=\"alignnone wp-image-8448\" src=\"http:\/\/sapi.paris-lavillette.archi.fr\/CTID924\/wp-content\/uploads\/2019\/01\/20190125_100322-300x225.jpg\" alt=\"20190125_100322\" width=\"487\" height=\"365\" srcset=\"https:\/\/sapi.paris-lavillette.archi.fr\/CTID924\/wp-content\/uploads\/2019\/01\/20190125_100322-300x225.jpg 300w, https:\/\/sapi.paris-lavillette.archi.fr\/CTID924\/wp-content\/uploads\/2019\/01\/20190125_100322-768x576.jpg 768w, https:\/\/sapi.paris-lavillette.archi.fr\/CTID924\/wp-content\/uploads\/2019\/01\/20190125_100322-1024x768.jpg 1024w\" sizes=\"(max-width: 487px) 100vw, 487px\" \/><\/p>\n<p><img decoding=\"async\" loading=\"lazy\" class=\"alignnone wp-image-8449\" src=\"http:\/\/sapi.paris-lavillette.archi.fr\/CTID924\/wp-content\/uploads\/2019\/01\/20190125_100328-300x225.jpg\" alt=\"20190125_100328\" width=\"485\" height=\"364\" srcset=\"https:\/\/sapi.paris-lavillette.archi.fr\/CTID924\/wp-content\/uploads\/2019\/01\/20190125_100328-300x225.jpg 300w, https:\/\/sapi.paris-lavillette.archi.fr\/CTID924\/wp-content\/uploads\/2019\/01\/20190125_100328-768x576.jpg 768w, https:\/\/sapi.paris-lavillette.archi.fr\/CTID924\/wp-content\/uploads\/2019\/01\/20190125_100328-1024x768.jpg 1024w\" sizes=\"(max-width: 485px) 100vw, 485px\" \/><\/p>\n<p><img decoding=\"async\" loading=\"lazy\" class=\"alignnone wp-image-8450\" src=\"http:\/\/sapi.paris-lavillette.archi.fr\/CTID924\/wp-content\/uploads\/2019\/01\/20190125_100335-300x225.jpg\" alt=\"20190125_100335\" width=\"483\" height=\"362\" srcset=\"https:\/\/sapi.paris-lavillette.archi.fr\/CTID924\/wp-content\/uploads\/2019\/01\/20190125_100335-300x225.jpg 300w, https:\/\/sapi.paris-lavillette.archi.fr\/CTID924\/wp-content\/uploads\/2019\/01\/20190125_100335-768x576.jpg 768w, https:\/\/sapi.paris-lavillette.archi.fr\/CTID924\/wp-content\/uploads\/2019\/01\/20190125_100335-1024x768.jpg 1024w\" sizes=\"(max-width: 483px) 100vw, 483px\" \/><\/p>\n<h4>CONCLUSION<\/h4>\n<p style=\"text-align: justify;\">Cet exercice a \u00e9t\u00e9 pour moi une exp\u00e9rience int\u00e9ressante, qui\u00a0m\u2019a permis de\u00a0d\u00e9couvrir une nouvelle fa\u00e7on de travailler un projet d\u2019architecture via de nouveaux logiciels.<\/p>\n<p>&nbsp;<\/p>\n<p>&nbsp;<\/p>\n<p>&nbsp;<\/p>\n<p>&nbsp;<\/p>\n<p>&nbsp;<\/p>\n<p>&nbsp;<\/p>\n<p>&nbsp;<\/p>\n","protected":false},"excerpt":{"rendered":"<p>PRINCIPE Ce pavillon a \u00e9t\u00e9 r\u00e9alis\u00e9 \u00e0 partir de connaissances de base acquises en cours sur les\u00a0logiciels Rhinoc\u00e9ros et Grasshopper. Nous \u00e9tions dans une phase de d\u00e9couverte tant dans le domaine de la programmation num\u00e9rique\u00a0que de ces logiciels. je d\u00e9cris\u00a0ci-apr\u00e8s les diff\u00e9rentes phases de fabrication du pavillon, de la\u00a0conception \u00e0 la r\u00e9alisation, \u00a0ainsi que\u00a0les\u00a0essais effectu\u00e9s et\u00a0les probl\u00e8mes rencontr\u00e9s. CONCEPTION La premi\u00e8re \u00e9tape du travail consistait \u00e0 dessiner la forme du pavillon\u00a0en utilisant\u00a0le logiciel Rhinoc\u00e9ros. J&rsquo;ai choisi de cr\u00e9er une forme arrondie. J&rsquo;ai ensuite trac\u00e9 une ligne horizontale jusqu&rsquo;au\u00a0milieu de cette forme. A partir\u00a0de ce milieu, j&rsquo;ai trac\u00e9\u00a0une ligne verticale pour d\u00e9terminer la hauteur maximale souhait\u00e9e, puis j&rsquo;ai dessin\u00e9\u00a0un arc de cercle\u00a0devant me servir\u00a0\u00e0 cr\u00e9er la forme de l&rsquo;enveloppe externe du pavillon. Pour la r\u00e9alisation de l\u2019enveloppe externe, j\u2019ai associ\u00e9 les trois options \u00ab\u00a0Curve\u00a0\u00bb dans Grasshopper\u00a0 avec\u00a0l\u2019arc de cercle, la ligne verticale et la ligne\u00a0horizontale. j&rsquo;ai ensuite reli\u00e9 les options\u00a0\u00ab\u00a0Curve\u00a0\u00bb au noeud \u00ab\u00a0Rail Revolution\u00a0\u00bb, ce qui va cr\u00e9er la forme en vert. A\u00a0l&rsquo;\u00e9tape montr\u00e9e ci-dessous, j&rsquo;ai cr\u00e9\u00e9 la premi\u00e8re esquisse de la structure. Pour cela, j&rsquo;ai dans un premier temps\u00a0trac\u00e9 deux lignes droites dans Rhinoc\u00e9ros, que j&rsquo;ai\u00a0associ\u00e9es \u00e0 l&rsquo;option \u00ab\u00a0Curve\u00a0\u00bb,\u00a0laquelle a \u00e9t\u00e9 ensuite\u00a0reli\u00e9e \u00e0 l&rsquo;option \u00ab\u00a0Perp Frames\u00a0\u00bb. \u00a0Ceci m&rsquo;a permis de\u00a0cr\u00e9er [&hellip;]<\/p>\n","protected":false},"author":181,"featured_media":8448,"comment_status":"open","ping_status":"open","sticky":false,"template":"","format":"standard","meta":{"footnotes":""},"categories":[4],"tags":[],"_links":{"self":[{"href":"https:\/\/sapi.paris-lavillette.archi.fr\/CTID924\/index.php?rest_route=\/wp\/v2\/posts\/8400"}],"collection":[{"href":"https:\/\/sapi.paris-lavillette.archi.fr\/CTID924\/index.php?rest_route=\/wp\/v2\/posts"}],"about":[{"href":"https:\/\/sapi.paris-lavillette.archi.fr\/CTID924\/index.php?rest_route=\/wp\/v2\/types\/post"}],"author":[{"embeddable":true,"href":"https:\/\/sapi.paris-lavillette.archi.fr\/CTID924\/index.php?rest_route=\/wp\/v2\/users\/181"}],"replies":[{"embeddable":true,"href":"https:\/\/sapi.paris-lavillette.archi.fr\/CTID924\/index.php?rest_route=%2Fwp%2Fv2%2Fcomments&post=8400"}],"version-history":[{"count":41,"href":"https:\/\/sapi.paris-lavillette.archi.fr\/CTID924\/index.php?rest_route=\/wp\/v2\/posts\/8400\/revisions"}],"predecessor-version":[{"id":8471,"href":"https:\/\/sapi.paris-lavillette.archi.fr\/CTID924\/index.php?rest_route=\/wp\/v2\/posts\/8400\/revisions\/8471"}],"wp:featuredmedia":[{"embeddable":true,"href":"https:\/\/sapi.paris-lavillette.archi.fr\/CTID924\/index.php?rest_route=\/wp\/v2\/media\/8448"}],"wp:attachment":[{"href":"https:\/\/sapi.paris-lavillette.archi.fr\/CTID924\/index.php?rest_route=%2Fwp%2Fv2%2Fmedia&parent=8400"}],"wp:term":[{"taxonomy":"category","embeddable":true,"href":"https:\/\/sapi.paris-lavillette.archi.fr\/CTID924\/index.php?rest_route=%2Fwp%2Fv2%2Fcategories&post=8400"},{"taxonomy":"post_tag","embeddable":true,"href":"https:\/\/sapi.paris-lavillette.archi.fr\/CTID924\/index.php?rest_route=%2Fwp%2Fv2%2Ftags&post=8400"}],"curies":[{"name":"wp","href":"https:\/\/api.w.org\/{rel}","templated":true}]}}