{"id":8689,"date":"2019-03-03T02:32:48","date_gmt":"2019-03-03T01:32:48","guid":{"rendered":"http:\/\/sapi.paris-lavillette.archi.fr\/CTID924\/?p=8689"},"modified":"2019-09-27T13:32:26","modified_gmt":"2019-09-27T12:32:26","slug":"lampe-parametrique","status":"publish","type":"post","link":"https:\/\/sapi.paris-lavillette.archi.fr\/CTID924\/?p=8689","title":{"rendered":"Lampe param\u00e9trique"},"content":{"rendered":"<p>&nbsp;<\/p>\n<p><img decoding=\"async\" loading=\"lazy\" class=\"alignnone wp-image-8808\" src=\"http:\/\/sapi.paris-lavillette.archi.fr\/CTID924\/wp-content\/uploads\/2019\/03\/20190201_125245-e1551574897739.jpg\" alt=\"20190201_125245\" width=\"673\" height=\"897\" srcset=\"https:\/\/sapi.paris-lavillette.archi.fr\/CTID924\/wp-content\/uploads\/2019\/03\/20190201_125245-e1551574897739.jpg 3024w, https:\/\/sapi.paris-lavillette.archi.fr\/CTID924\/wp-content\/uploads\/2019\/03\/20190201_125245-e1551574897739-225x300.jpg 225w, https:\/\/sapi.paris-lavillette.archi.fr\/CTID924\/wp-content\/uploads\/2019\/03\/20190201_125245-e1551574897739-768x1024.jpg 768w\" sizes=\"(max-width: 673px) 100vw, 673px\" \/><img decoding=\"async\" loading=\"lazy\" class=\"alignnone wp-image-8807\" src=\"http:\/\/sapi.paris-lavillette.archi.fr\/CTID924\/wp-content\/uploads\/2019\/03\/20190201_125054.jpg\" alt=\"20190201_125054\" width=\"672\" height=\"896\" srcset=\"https:\/\/sapi.paris-lavillette.archi.fr\/CTID924\/wp-content\/uploads\/2019\/03\/20190201_125054.jpg 3024w, https:\/\/sapi.paris-lavillette.archi.fr\/CTID924\/wp-content\/uploads\/2019\/03\/20190201_125054-225x300.jpg 225w, https:\/\/sapi.paris-lavillette.archi.fr\/CTID924\/wp-content\/uploads\/2019\/03\/20190201_125054-768x1024.jpg 768w\" sizes=\"(max-width: 672px) 100vw, 672px\" \/><\/p>\n<p style=\"text-align: center;\">J&rsquo;ai choisi de d\u00e9velopper au cours du semestre une lampe param\u00e9trique. L&rsquo;id\u00e9e \u00e9tait de d\u00e9velopper un module qui peut s&rsquo;ouvrir en fonction de la quantit\u00e9 de lumi\u00e8re re\u00e7ue et qui serait multipli\u00e9 un certain nombre de fois pour former une lampe. Apr\u00e8s une phase de recherche formelle, durant laquelle la forme triangulaire et l&rsquo;arrangement des modules ont \u00e9t\u00e9 d\u00e9termin\u00e9s, j&rsquo;ai pu entam\u00e9 la phase de d\u00e9vloppement num\u00e9rique. La mod\u00e9lisation de ce module a \u00e9t\u00e9 effectu\u00e9 \u00e0 l&rsquo;aide de Grasshopper, qui m&rsquo;a permis d\u2019exp\u00e9rimenter les degr\u00e9s d&rsquo;ouverture et de fermeture des modules, mais \u00e9galement les dimensions de la lampe. Une fois les param\u00e8tres id\u00e9aux trouv\u00e9s, le code que j&rsquo;ai d\u00e9velopp\u00e9 m&rsquo;a permis de mod\u00e9liser la lampe dans Rhino. La maquette num\u00e9rique a ensuite \u00e9t\u00e9 imprim\u00e9 en trois fois gr\u00e2ce \u00e0 l&rsquo;imprimante 3D de l&rsquo;atelier num\u00e9rique. Une fois imprim\u00e9es et d\u00e9barrass\u00e9es de leur support, les 3 parties ont \u00e9t\u00e9 r\u00e9unies et l&rsquo;ampoule install\u00e9e.<\/p>\n<p>CONCEPTION DU CODE GRASSHOPPER ET ESSAI DE FORME ET DE DEGR\u00c9S D&rsquo;OUVERTURE :<\/p>\n<p><img decoding=\"async\" loading=\"lazy\" class=\"alignnone size-full wp-image-8810\" src=\"http:\/\/sapi.paris-lavillette.archi.fr\/CTID924\/wp-content\/uploads\/2019\/03\/Capture.png\" alt=\"Capture\" width=\"1916\" height=\"734\" srcset=\"https:\/\/sapi.paris-lavillette.archi.fr\/CTID924\/wp-content\/uploads\/2019\/03\/Capture.png 1916w, https:\/\/sapi.paris-lavillette.archi.fr\/CTID924\/wp-content\/uploads\/2019\/03\/Capture-300x115.png 300w, https:\/\/sapi.paris-lavillette.archi.fr\/CTID924\/wp-content\/uploads\/2019\/03\/Capture-768x294.png 768w, https:\/\/sapi.paris-lavillette.archi.fr\/CTID924\/wp-content\/uploads\/2019\/03\/Capture-1024x392.png 1024w\" sizes=\"(max-width: 1916px) 100vw, 1916px\" \/><\/p>\n<p><img decoding=\"async\" loading=\"lazy\" class=\"alignnone size-full wp-image-8812\" src=\"http:\/\/sapi.paris-lavillette.archi.fr\/CTID924\/wp-content\/uploads\/2019\/03\/AAA.png\" alt=\"AAA\" width=\"1778\" height=\"724\" srcset=\"https:\/\/sapi.paris-lavillette.archi.fr\/CTID924\/wp-content\/uploads\/2019\/03\/AAA.png 1778w, https:\/\/sapi.paris-lavillette.archi.fr\/CTID924\/wp-content\/uploads\/2019\/03\/AAA-300x122.png 300w, https:\/\/sapi.paris-lavillette.archi.fr\/CTID924\/wp-content\/uploads\/2019\/03\/AAA-768x313.png 768w, https:\/\/sapi.paris-lavillette.archi.fr\/CTID924\/wp-content\/uploads\/2019\/03\/AAA-1024x417.png 1024w\" sizes=\"(max-width: 1778px) 100vw, 1778px\" \/><\/p>\n<p>&nbsp;<\/p>\n<p>FABRICATION :<\/p>\n<p><img decoding=\"async\" loading=\"lazy\" class=\"alignnone size-full wp-image-8813\" src=\"http:\/\/sapi.paris-lavillette.archi.fr\/CTID924\/wp-content\/uploads\/2019\/03\/20190116_150242-e1551576651785.jpg\" alt=\"20190116_150242\" width=\"3024\" height=\"4032\" srcset=\"https:\/\/sapi.paris-lavillette.archi.fr\/CTID924\/wp-content\/uploads\/2019\/03\/20190116_150242-e1551576651785.jpg 3024w, https:\/\/sapi.paris-lavillette.archi.fr\/CTID924\/wp-content\/uploads\/2019\/03\/20190116_150242-e1551576651785-225x300.jpg 225w, https:\/\/sapi.paris-lavillette.archi.fr\/CTID924\/wp-content\/uploads\/2019\/03\/20190116_150242-e1551576651785-768x1024.jpg 768w\" sizes=\"(max-width: 3024px) 100vw, 3024px\" \/><\/p>\n<p>PARAM\u00c9TRAGE DE L&rsquo;IMPRESSION 3D<\/p>\n<p><img decoding=\"async\" loading=\"lazy\" class=\"alignnone size-full wp-image-8804\" src=\"http:\/\/sapi.paris-lavillette.archi.fr\/CTID924\/wp-content\/uploads\/2019\/03\/20190116_185103-e1551575198745.jpg\" alt=\"20190116_185103\" width=\"3024\" height=\"4032\" srcset=\"https:\/\/sapi.paris-lavillette.archi.fr\/CTID924\/wp-content\/uploads\/2019\/03\/20190116_185103-e1551575198745.jpg 3024w, https:\/\/sapi.paris-lavillette.archi.fr\/CTID924\/wp-content\/uploads\/2019\/03\/20190116_185103-e1551575198745-225x300.jpg 225w, https:\/\/sapi.paris-lavillette.archi.fr\/CTID924\/wp-content\/uploads\/2019\/03\/20190116_185103-e1551575198745-768x1024.jpg 768w\" sizes=\"(max-width: 3024px) 100vw, 3024px\" \/><\/p>\n<p>IMPRESSION 3D EN COURS<\/p>\n<p><img decoding=\"async\" loading=\"lazy\" class=\"alignnone size-full wp-image-8806\" src=\"http:\/\/sapi.paris-lavillette.archi.fr\/CTID924\/wp-content\/uploads\/2019\/03\/20190118_161140-e1551575178635.jpg\" alt=\"20190118_161140\" width=\"3024\" height=\"4032\" srcset=\"https:\/\/sapi.paris-lavillette.archi.fr\/CTID924\/wp-content\/uploads\/2019\/03\/20190118_161140-e1551575178635.jpg 3024w, https:\/\/sapi.paris-lavillette.archi.fr\/CTID924\/wp-content\/uploads\/2019\/03\/20190118_161140-e1551575178635-225x300.jpg 225w, https:\/\/sapi.paris-lavillette.archi.fr\/CTID924\/wp-content\/uploads\/2019\/03\/20190118_161140-e1551575178635-768x1024.jpg 768w\" sizes=\"(max-width: 3024px) 100vw, 3024px\" \/>\u00a0 RETRAIT DES SUPPORTS<\/p>\n<p><iframe class=\"html2canvas-container\" style=\"visibility: hidden; position: fixed; left: -10000px; top: 0px; border: 0px;\" width=\"1399\" height=\"1323\" scrolling=\"no\" data-html2canvas-ignore=\"true\"><\/iframe><iframe class=\"html2canvas-container\" style=\"visibility: hidden; position: fixed; left: -10000px; top: 0px; border: 0px;\" width=\"1399\" height=\"1323\" scrolling=\"no\" data-html2canvas-ignore=\"true\"><\/iframe><\/p>\n<p>&nbsp;<\/p>\n","protected":false},"excerpt":{"rendered":"<p>&nbsp; J&rsquo;ai choisi de d\u00e9velopper au cours du semestre une lampe param\u00e9trique. L&rsquo;id\u00e9e \u00e9tait de d\u00e9velopper un module qui peut s&rsquo;ouvrir en fonction de la quantit\u00e9 de lumi\u00e8re re\u00e7ue et qui serait multipli\u00e9 un certain nombre de fois pour former une lampe. Apr\u00e8s une phase de recherche formelle, durant laquelle la forme triangulaire et l&rsquo;arrangement des modules ont \u00e9t\u00e9 d\u00e9termin\u00e9s, j&rsquo;ai pu entam\u00e9 la phase de d\u00e9vloppement num\u00e9rique. La mod\u00e9lisation de ce module a \u00e9t\u00e9 effectu\u00e9 \u00e0 l&rsquo;aide de Grasshopper, qui m&rsquo;a permis d\u2019exp\u00e9rimenter les degr\u00e9s d&rsquo;ouverture et de fermeture des modules, mais \u00e9galement les dimensions de la lampe. Une fois les param\u00e8tres id\u00e9aux trouv\u00e9s, le code que j&rsquo;ai d\u00e9velopp\u00e9 m&rsquo;a permis de mod\u00e9liser la lampe dans Rhino. La maquette num\u00e9rique a ensuite \u00e9t\u00e9 imprim\u00e9 en trois fois gr\u00e2ce \u00e0 l&rsquo;imprimante 3D de l&rsquo;atelier num\u00e9rique. Une fois imprim\u00e9es et d\u00e9barrass\u00e9es de leur support, les 3 parties ont \u00e9t\u00e9 r\u00e9unies et l&rsquo;ampoule install\u00e9e. CONCEPTION DU CODE GRASSHOPPER ET ESSAI DE FORME ET DE DEGR\u00c9S D&rsquo;OUVERTURE : &nbsp; FABRICATION : PARAM\u00c9TRAGE DE L&rsquo;IMPRESSION 3D IMPRESSION 3D EN COURS \u00a0 RETRAIT DES SUPPORTS &nbsp;<\/p>\n","protected":false},"author":177,"featured_media":8808,"comment_status":"open","ping_status":"open","sticky":false,"template":"","format":"standard","meta":{"footnotes":""},"categories":[70],"tags":[],"_links":{"self":[{"href":"https:\/\/sapi.paris-lavillette.archi.fr\/CTID924\/index.php?rest_route=\/wp\/v2\/posts\/8689"}],"collection":[{"href":"https:\/\/sapi.paris-lavillette.archi.fr\/CTID924\/index.php?rest_route=\/wp\/v2\/posts"}],"about":[{"href":"https:\/\/sapi.paris-lavillette.archi.fr\/CTID924\/index.php?rest_route=\/wp\/v2\/types\/post"}],"author":[{"embeddable":true,"href":"https:\/\/sapi.paris-lavillette.archi.fr\/CTID924\/index.php?rest_route=\/wp\/v2\/users\/177"}],"replies":[{"embeddable":true,"href":"https:\/\/sapi.paris-lavillette.archi.fr\/CTID924\/index.php?rest_route=%2Fwp%2Fv2%2Fcomments&post=8689"}],"version-history":[{"count":6,"href":"https:\/\/sapi.paris-lavillette.archi.fr\/CTID924\/index.php?rest_route=\/wp\/v2\/posts\/8689\/revisions"}],"predecessor-version":[{"id":8814,"href":"https:\/\/sapi.paris-lavillette.archi.fr\/CTID924\/index.php?rest_route=\/wp\/v2\/posts\/8689\/revisions\/8814"}],"wp:featuredmedia":[{"embeddable":true,"href":"https:\/\/sapi.paris-lavillette.archi.fr\/CTID924\/index.php?rest_route=\/wp\/v2\/media\/8808"}],"wp:attachment":[{"href":"https:\/\/sapi.paris-lavillette.archi.fr\/CTID924\/index.php?rest_route=%2Fwp%2Fv2%2Fmedia&parent=8689"}],"wp:term":[{"taxonomy":"category","embeddable":true,"href":"https:\/\/sapi.paris-lavillette.archi.fr\/CTID924\/index.php?rest_route=%2Fwp%2Fv2%2Fcategories&post=8689"},{"taxonomy":"post_tag","embeddable":true,"href":"https:\/\/sapi.paris-lavillette.archi.fr\/CTID924\/index.php?rest_route=%2Fwp%2Fv2%2Ftags&post=8689"}],"curies":[{"name":"wp","href":"https:\/\/api.w.org\/{rel}","templated":true}]}}